{"id":107543,"date":"2025-12-04T13:21:10","date_gmt":"2025-12-04T13:21:10","guid":{"rendered":"https:\/\/www.europesays.com\/fi\/107543\/"},"modified":"2025-12-04T13:21:10","modified_gmt":"2025-12-04T13:21:10","slug":"pojastaan-huolestuneet-vanhemmat-kuolivat-karmealla-tavalla-33-vuotias-matemaatikko-murhasi","status":"publish","type":"post","link":"https:\/\/www.europesays.com\/fi\/107543\/","title":{"rendered":"Pojastaan huolestuneet vanhemmat kuolivat karmealla tavalla \u2013 33-vuotias matemaatikko murhasi"},"content":{"rendered":"<p>Keski-Suomen k\u00e4r\u00e4j\u00e4oikeus katsoi miehen syyllistyneen kahteen murhaan.<\/p>\n<p><img decoding=\"async\" class=\"image image-show image-preview\" src=\"https:\/\/www.europesays.com\/fi\/wp-content\/uploads\/2025\/12\/6706cd88f7fa283eaf6bdffe8b9a74db839420513aa449ec45b677449dccb794.jpg\" alt=\"\"\/><img decoding=\"async\" class=\"image image-show\" src=\"https:\/\/www.europesays.com\/fi\/wp-content\/uploads\/2025\/12\/1764854470_192_6706cd88f7fa283eaf6bdffe8b9a74db839420513aa449ec45b677449dccb794.jpg\" alt=\"\"\/><\/p>\n<p>Vuonna 1992 syntynyt mies osallistui oikeudenk\u00e4yntiin et\u00e4yhteydell\u00e4. Janne Niiranen<\/p>\n<p class=\"paragraph\">33-vuotias matemaatikko murhasi vanhempansa t\u00e4m\u00e4n vuoden alussa Jyv\u00e4skyl\u00e4ss\u00e4, katsoi Keski-Suomen k\u00e4r\u00e4j\u00e4oikeus.<\/p>\n<p class=\"paragraph\">Oikeus antoi tuomionsa asiassa torstaina. Asiaa k\u00e4siteltiin k\u00e4r\u00e4j\u00e4oikeudessa kes\u00e4kuun puoliv\u00e4liss\u00e4, jolloin mies m\u00e4\u00e4r\u00e4ttiin mielentilatutkimukseen.<\/p>\n<p class=\"paragraph\">Tutkimuksen mukaan mies oli henkirikosten aikaan syyntakeeton. K\u00e4r\u00e4j\u00e4oikeus arvioi, ett\u00e4 mies ei todenn\u00e4k\u00f6isesti ymm\u00e4rt\u00e4nyt tekoaan eik\u00e4 sen seurauksia.<\/p>\n<p class=\"paragraph\">Mies j\u00e4tettiin tuomitsematta rangaistukseen ja m\u00e4\u00e4r\u00e4ttiin tahdosta riippumattomaan hoitoon, jossa h\u00e4n parhaillaan on.<\/p>\n<p>Verisen\u00e4 tupakalle<\/p>\n<p>T\u00e4llaisella veitsell\u00e4 mies murhasi vanhempansa. Poliisin esitutkintamateriaali<\/p>\n<p class=\"paragraph\">Miehen vanhemmat huolestuivat pojastaan keskiviikkona 1. tammikuuta ja soittivat h\u00e4t\u00e4keskukseen. Miehest\u00e4 tehtiin huoli-ilmoitus, joka ei kuitenkaan johtanut mihink\u00e4\u00e4n.<\/p>\n<p class=\"paragraph\">Vanhemmat p\u00e4\u00e4ttiv\u00e4t l\u00e4hte\u00e4 k\u00e4ym\u00e4\u00e4n poikansa luona Jyv\u00e4skyl\u00e4n Kangaslammella.<\/p>\n<p class=\"paragraph\">He meniv\u00e4t pojan asuntoon omilla avaimillaan, kuten olivat tehneet aiemminkin. He olivat k\u00e4yneet auttelemassa poikaansa muun muassa t\u00e4m\u00e4n saaman h\u00e4\u00e4d\u00f6n ja heikon henkisen hyvinvoinnin takia.<\/p>\n<p class=\"paragraph\">Vanhempien viimeiseksi j\u00e4\u00e4nyt vierailu oli pojalle yll\u00e4tys, koska h\u00e4n ei omasta mielest\u00e4\u00e4n tarvinnut apua.<\/p>\n<p class=\"paragraph\">Torstaina aamup\u00e4iv\u00e4ll\u00e4 mies k\u00e4vi vanhempiensa kimppuun. H\u00e4n puukotti ensin is\u00e4\u00e4ns\u00e4 veitsell\u00e4 niskaan ja kaulaan. Sitten h\u00e4n puukotti \u00e4iti\u00e4\u00e4n korvanjuureen ja viilsi kaulaan pitk\u00e4n haavan. H\u00e4n my\u00f6s l\u00f6i \u00e4iti\u00e4\u00e4n p\u00f6yt\u00e4grillin levyll\u00e4 p\u00e4\u00e4h\u00e4n.<\/p>\n<p class=\"paragraph\">\u00c4idin avunhuudot kuuluivat ulos asunnosta, mutta h\u00e4t\u00e4keskukseen ilmoitettiin vasta my\u00f6hemmin. Naapurit olivat n\u00e4hneet verisen miehen menev\u00e4n ulos tupakalle ennen puoltap\u00e4iv\u00e4\u00e4. H\u00e4t\u00e4keskukseen soitettiin kuitenkin vasta kello 12.22.<\/p>\n<p>Istui s\u00e4ngyll\u00e4\u00e4n<\/p>\n<p>Veriteossa k\u00e4ytettiin my\u00f6s p \u00f6yt\u00e4grillin levy\u00e4. Poliisin esitutkintamateriaali<\/p>\n<p class=\"paragraph\">Paikalle mennyt poliisipartio mursi miehen asunnon oven kello 12.55.<\/p>\n<p class=\"paragraph\">Poliisit l\u00f6ysiv\u00e4t eteisest\u00e4 vakavasti loukkaantuneen 75-vuotiaan miehen, joka kamppaili el\u00e4m\u00e4st\u00e4\u00e4n. Keitti\u00f6n lattialla maannut 74-vuotias nainen oli jo kuollut. Kaikkialla oli paljon verta.<\/p>\n<p class=\"paragraph\">Ep\u00e4ilty istui s\u00e4ngyll\u00e4\u00e4n ja vaikutti poliisin mukaan v\u00e4linpit\u00e4m\u00e4tt\u00f6m\u00e4lt\u00e4.<\/p>\n<p class=\"paragraph\">Miesuhri kiid\u00e4tettiin elvytyksen j\u00e4lkeen sairaalaan, mutta h\u00e4net julistettiin kuolleeksi kello 14.33.<\/p>\n<p>Raaka ja julma<\/p>\n<p class=\"paragraph\">Mies ei halunnut tulla kuulluksi oikeudenk\u00e4ynniss\u00e4 kes\u00e4kuussa. H\u00e4n my\u00f6nsi aiheuttaneensa vanhempiensa kuolemat, mutta kiisti murhasyytteet.<\/p>\n<p class=\"paragraph\">Oikeus katsoi, ett\u00e4 kaulan alueelle tehty v\u00e4kivalta oli erityisen raakaa. Uhrit eiv\u00e4t kuitenkaan kuolleet v\u00e4litt\u00f6m\u00e4sti kaulan vammoihin. Uhrien k\u00e4rsimys pitkittyi, mik\u00e4 oikeuden mielest\u00e4 osoitti erityist\u00e4 julmuutta. Oikeus piti tekoja my\u00f6s kokonaisuutena arvostellen t\u00f6rke\u00e4n\u00e4.<\/p>\n<p class=\"paragraph\">K\u00e4r\u00e4j\u00e4oikeus katsoi vuonna 1992 syntyneen miehen syylliseksi kahteen syyntakeettomana tehtyyn murhaan.<\/p>\n<p class=\"paragraph\">Oikeus m\u00e4\u00e4r\u00e4si miehen korvaamaan kahdelle veljelleen 15\u202f000 euroa kummallekin aiheuttamastaan k\u00e4rsimyksest\u00e4, sek\u00e4 tuhansia euroja hautajais- ja oikeudenk\u00e4yntikuluista sek\u00e4 ansionmenetyksist\u00e4.<\/p>\n<p class=\"paragraph\">Tuomio ei ole lainvoimainen.<\/p>\n<p class=\"paragraph\">Tuomittu on opiskellut matematiikkaa ja saanut apurahoja opintoihinsa. H\u00e4nen tohtoriopintonsa j\u00e4iv\u00e4t kuitenkin kesken.<\/p>\n","protected":false},"excerpt":{"rendered":"Keski-Suomen k\u00e4r\u00e4j\u00e4oikeus katsoi miehen syyllistyneen kahteen murhaan. Vuonna 1992 syntynyt mies osallistui oikeudenk\u00e4yntiin et\u00e4yhteydell\u00e4. Janne Niiranen 33-vuotias matemaatikko&hellip;\n","protected":false},"author":2,"featured_media":107544,"comment_status":"","ping_status":"","sticky":false,"template":"","format":"standard","meta":{"footnotes":""},"categories":[12],"tags":[35,22,23,26,27,33,31,30,17,39,100,24,25,28,29,15,18,21,98,32,19,20,16,40,37],"class_list":{"0":"post-107543","1":"post","2":"type-post","3":"status-publish","4":"format-standard","5":"has-post-thumbnail","7":"category-suomi","8":"tag-24h","9":"tag-breaking-news","10":"tag-breakingnews","11":"tag-featured-news","12":"tag-featurednews","13":"tag-fi","14":"tag-finland","15":"tag-finnish","16":"tag-headlines","17":"tag-henkirikos","18":"tag-lapset-ja-nuoret","19":"tag-latest-news","20":"tag-latestnews","21":"tag-main-news","22":"tag-mainnews","23":"tag-news","24":"tag-otsikot","25":"tag-paauutiset","26":"tag-perhe","27":"tag-suomi","28":"tag-top-stories","29":"tag-topstories","30":"tag-uutiset","31":"tag-vakivalta","32":"tag-vakivaltarikokset"},"share_on_mastodon":{"url":"https:\/\/pubeurope.com\/@fi\/115661510332741321","error":""},"_links":{"self":[{"href":"https:\/\/www.europesays.com\/fi\/wp-json\/wp\/v2\/posts\/107543","targetHints":{"allow":["GET"]}}],"collection":[{"href":"https:\/\/www.europesays.com\/fi\/wp-json\/wp\/v2\/posts"}],"about":[{"href":"https:\/\/www.europesays.com\/fi\/wp-json\/wp\/v2\/types\/post"}],"author":[{"embeddable":true,"href":"https:\/\/www.europesays.com\/fi\/wp-json\/wp\/v2\/users\/2"}],"replies":[{"embeddable":true,"href":"https:\/\/www.europesays.com\/fi\/wp-json\/wp\/v2\/comments?post=107543"}],"version-history":[{"count":0,"href":"https:\/\/www.europesays.com\/fi\/wp-json\/wp\/v2\/posts\/107543\/revisions"}],"wp:featuredmedia":[{"embeddable":true,"href":"https:\/\/www.europesays.com\/fi\/wp-json\/wp\/v2\/media\/107544"}],"wp:attachment":[{"href":"https:\/\/www.europesays.com\/fi\/wp-json\/wp\/v2\/media?parent=107543"}],"wp:term":[{"taxonomy":"category","embeddable":true,"href":"https:\/\/www.europesays.com\/fi\/wp-json\/wp\/v2\/categories?post=107543"},{"taxonomy":"post_tag","embeddable":true,"href":"https:\/\/www.europesays.com\/fi\/wp-json\/wp\/v2\/tags?post=107543"}],"curies":[{"name":"wp","href":"https:\/\/api.w.org\/{rel}","templated":true}]}}