{"id":107552,"date":"2025-12-04T13:41:07","date_gmt":"2025-12-04T13:41:07","guid":{"rendered":"https:\/\/www.europesays.com\/fi\/107552\/"},"modified":"2025-12-04T13:41:07","modified_gmt":"2025-12-04T13:41:07","slug":"lauri-markkanen-toi-nba-tahden-kaymaan-suomessa-tama-asia-yllatti-2","status":"publish","type":"post","link":"https:\/\/www.europesays.com\/fi\/107552\/","title":{"rendered":"Lauri Markkanen toi NBA-t\u00e4hden k\u00e4ym\u00e4\u00e4n Suomessa \u2013 t\u00e4m\u00e4 asia yll\u00e4tti"},"content":{"rendered":"<p>Koripallo|Keyonte George h\u00e4mm\u00e4styi vieraillessaan Lauri Markkasen kotimaassa.<\/p>\n<p class=\"article-body mb-nof-24 px-nof-16\">Utah Jazzin t\u00e4htipelaajiin kuuluva <a class=\"article-personlink\" href=\"https:\/\/www.hs.fi\/haku\/?query=Keyonte%20George\" rel=\"nofollow noopener\" target=\"_blank\">Keyonte George<\/a> kertoi <a class=\"article-genericlink\" href=\"https:\/\/www.nytimes.com\/athletic\/6798591\/2025\/12\/03\/utah-jazz-lauri-markkanen-keyonte-george-finland-trip\/\" rel=\"nofollow noopener\" target=\"_blank\">The Athleticille<\/a>, kuinka h\u00e4n hioi yhteisty\u00f6t\u00e4\u00e4n joukkueen suomalaist\u00e4hden <a class=\"article-personlink\" href=\"https:\/\/www.hs.fi\/haku\/?query=Lauri%20Markkasen\" rel=\"nofollow noopener\" target=\"_blank\">Lauri Markkasen<\/a> kanssa.<\/p>\n<p class=\"article-body mb-nof-24 px-nof-16\">George pakkasi viime vuoden kes\u00e4n\u00e4 kimpsunsa ja vieraili Suomessa Markkasen luona. Nuorukainen halusi tiivist\u00e4\u00e4 yhteytt\u00e4\u00e4n Markkaseen ja halusi n\u00e4hd\u00e4 suomalaisen t\u00e4m\u00e4n omassa kotiymp\u00e4rist\u00f6ss\u00e4.<\/p>\n<p class=\"article-body mb-nof-24 px-nof-16\">George oppi, ett\u00e4 millainen Markkanen on perheens\u00e4 ja muiden l\u00e4heistens\u00e4 kanssa.<\/p>\n<p class=\"article-body mb-nof-24 px-nof-16\">Markkanen esitteli amerikkalaiselle esimerkiksi koulunsa, jota k\u00e4vi lapsena. Kaksikko vieraili my\u00f6s kuntosalilla, jossa yksi keskustelu avasi Georgen silm\u00e4t. Markkanen jakeli tyypillist\u00e4 kuivaa huumoriaan salilla er\u00e4\u00e4n tuttunsa kanssa.<\/p>\n<p class=\"article-body mb-nof-24 px-nof-16\">Se oli kaukana amerikkalaisesta perusjutustelusta. George h\u00e4mm\u00e4styi. Markkasen k\u00e4yt\u00f6s ja koko olemus olivat Suomessa erilaiset mihin amerikkalainen oli tottunut.<\/p>\n<p class=\"article-body mb-nof-24 px-nof-16\">\u201dTuo ei ole se kaveri, jonka kanssa olen pelannut\u201d, George kertoi The Athleticille reaktiostaan.<\/p>\n<p class=\"article-body mb-nof-24 px-nof-16\">Matka kannatti. Pelaajien yli viiden vuoden ik\u00e4ero ei ole ollut haitaksi. George on nyt 22-vuotias ja Markkanen 28. Georgesta ja Markkasesta tuli viime vuonna enemm\u00e4n kuin pelikavereita. Heist\u00e4 tuli yst\u00e4vi\u00e4.<\/p>\n<p class=\"article-body mb-nof-24 px-nof-16\">Markkanen arvostaa sit\u00e4, ett\u00e4 George matkusti Suomeen h\u00e4nen vieraakseen.<\/p>\n<p class=\"article-body mb-nof-24 px-nof-16\">\u201dGeorge oli yksi ensimm\u00e4isist\u00e4, joka saapui Suomeen katsomaan, ett\u00e4 mist\u00e4 tulen. On upeaa n\u00e4hd\u00e4, kuinka suhteemme on kehittynyt. Viet\u00e4mme aikaa yh\u00e4 enemm\u00e4n my\u00f6s kent\u00e4n ulkopuolella ja kuuntelemme toisiamme. Se n\u00e4kyy tuloksina kent\u00e4ll\u00e4\u201d, Markkanen sanoi The Athleticille.<\/p>\n<p class=\"article-body mb-nof-24 px-nof-16\">Alla Utah Jazzin twiitti Markkasesta ja Georgesta Helsingiss\u00e4 kes\u00e4ll\u00e4 2024.<\/p>\n<p class=\"article-body mb-nof-24 px-nof-16\">Markkasen pistekeskiarvo kuluvalla kaudella on komea 28,0 ja Georgen 22,8.<\/p>\n<p class=\"article-body mb-nof-24 px-nof-16\">Utah ei ole p\u00e4rj\u00e4nnyt viime vuosina NBA:ssa, ja huhut ovat vieneet Markkastakin koko ajan toiseen seuraan.<\/p>\n<p class=\"article-body mb-nof-24 px-nof-16\">Vastapainoksi on puhuttu Utahin \u201duuden joukkueen\u201d rakennusty\u00f6st\u00e4, jossa Markkasen varaan lasketaan paljon. Suomalainen vaikuttaa sitoutuneen projektiin.<\/p>\n<p class=\"article-body mb-nof-24 px-nof-16\">\u201dMinulle olisi todella t\u00e4rke\u00e4\u00e4 n\u00e4hd\u00e4 t\u00e4m\u00e4 joukkueen uudelleenrakennus loppuun asti\u201d, Markkanen kertoi ja jatkoi.<\/p>\n<p class=\"article-body mb-nof-24 px-nof-16\">\u201dArvostan suuresti matkaa, jossa joukkue kehittyy askel askeleelta ja ly\u00f6 lopulta l\u00e4pi. Haluaisin ehdottomasti olla mukana luomassa seuraavaa menestyv\u00e4\u00e4 Jazz-joukkuetta\u201d, Markkanen sanoi.<\/p>\n<p class=\"article-body mb-nof-24 px-nof-16\">Utahilaisten saldo t\u00e4m\u00e4n kauden 20 ensimm\u00e4isen ottelun j\u00e4lkeen on 7 voittoa ja 13 tappiota.<\/p>\n","protected":false},"excerpt":{"rendered":"Koripallo|Keyonte George h\u00e4mm\u00e4styi vieraillessaan Lauri Markkasen kotimaassa. Utah Jazzin t\u00e4htipelaajiin kuuluva Keyonte George kertoi The Athleticille, kuinka h\u00e4n&hellip;\n","protected":false},"author":2,"featured_media":107553,"comment_status":"","ping_status":"","sticky":false,"template":"","format":"standard","meta":{"footnotes":""},"categories":[158],"tags":[33,31,30,46,159,32,160],"class_list":{"0":"post-107552","1":"post","2":"type-post","3":"status-publish","4":"format-standard","5":"has-post-thumbnail","7":"category-urheilu","8":"tag-fi","9":"tag-finland","10":"tag-finnish","11":"tag-helsingin-sanomat","12":"tag-sports","13":"tag-suomi","14":"tag-urheilu"},"share_on_mastodon":{"url":"https:\/\/pubeurope.com\/@fi\/115661588712506590","error":""},"_links":{"self":[{"href":"https:\/\/www.europesays.com\/fi\/wp-json\/wp\/v2\/posts\/107552","targetHints":{"allow":["GET"]}}],"collection":[{"href":"https:\/\/www.europesays.com\/fi\/wp-json\/wp\/v2\/posts"}],"about":[{"href":"https:\/\/www.europesays.com\/fi\/wp-json\/wp\/v2\/types\/post"}],"author":[{"embeddable":true,"href":"https:\/\/www.europesays.com\/fi\/wp-json\/wp\/v2\/users\/2"}],"replies":[{"embeddable":true,"href":"https:\/\/www.europesays.com\/fi\/wp-json\/wp\/v2\/comments?post=107552"}],"version-history":[{"count":0,"href":"https:\/\/www.europesays.com\/fi\/wp-json\/wp\/v2\/posts\/107552\/revisions"}],"wp:featuredmedia":[{"embeddable":true,"href":"https:\/\/www.europesays.com\/fi\/wp-json\/wp\/v2\/media\/107553"}],"wp:attachment":[{"href":"https:\/\/www.europesays.com\/fi\/wp-json\/wp\/v2\/media?parent=107552"}],"wp:term":[{"taxonomy":"category","embeddable":true,"href":"https:\/\/www.europesays.com\/fi\/wp-json\/wp\/v2\/categories?post=107552"},{"taxonomy":"post_tag","embeddable":true,"href":"https:\/\/www.europesays.com\/fi\/wp-json\/wp\/v2\/tags?post=107552"}],"curies":[{"name":"wp","href":"https:\/\/api.w.org\/{rel}","templated":true}]}}