{"id":107557,"date":"2025-12-04T13:46:10","date_gmt":"2025-12-04T13:46:10","guid":{"rendered":"https:\/\/www.europesays.com\/fi\/107557\/"},"modified":"2025-12-04T13:46:10","modified_gmt":"2025-12-04T13:46:10","slug":"71-sai-surmansa-lentoturmassa-selvinneen-mukaan-sisalla-ei-ollut-ehka-sellaista-kuin-voisi-luulla","status":"publish","type":"post","link":"https:\/\/www.europesays.com\/fi\/107557\/","title":{"rendered":"71 sai surmansa lentoturmassa \u2013 Selvinneen mukaan sis\u00e4ll\u00e4 ei ollut ehk\u00e4 sellaista, kuin voisi luulla"},"content":{"rendered":"<p>Alan Ruschel menetti l\u00e4hes kaikki joukkuekaverinsa. <\/p>\n<p><img decoding=\"async\" class=\"image image-show image-preview\" src=\"https:\/\/www.europesays.com\/fi\/wp-content\/uploads\/2025\/12\/dc3c0cd1432dbc8c0230ed7936bb6890386b302f568bbc554d9f383b7a94376f.jpg\" alt=\"\"\/><img decoding=\"async\" class=\"image image-show\" src=\"https:\/\/www.europesays.com\/fi\/wp-content\/uploads\/2025\/12\/1764855970_629_dc3c0cd1432dbc8c0230ed7936bb6890386b302f568bbc554d9f383b7a94376f.jpg\" alt=\"\"\/><\/p>\n<p>Alan Ruschel kuvattuna vuonna 2017.  AOP<\/p>\n<p class=\"paragraph\">Jalkapallomaailmaa koetteli suuri tragedia 28. marraskuuta vuonna 2016, kun Brasilian p\u00e4\u00e4sarjajoukkue Chapecoense joutui lento-onnettomuuteen.<\/p>\n<p class=\"paragraph\">Boliviasta Kolumbiaan matkalla ollut kone putosi l\u00e4hell\u00e4 p\u00e4\u00e4m\u00e4\u00e4r\u00e4\u00e4ns\u00e4 eli Medell\u00ednin kaupunkia.<\/p>\n<p class=\"paragraph\">Kaikista koneessa olleista 77 henkil\u00f6st\u00e4 71 sai surmansa.<\/p>\n<p class=\"paragraph\">Kuuden eloonj\u00e4\u00e4neen joukossa oli Chapecoensea edustanut <strong>Alan Ruschel<\/strong>, 36, joka puhuu tapahtuneesta ensimm\u00e4ist\u00e4 kertaa yhdeks\u00e4n vuotta sitten sattuneen onnettomuuden j\u00e4lkeen.<\/p>\n<p class=\"paragraph\">Brasilialaispelaaja <a href=\"https:\/\/www.dagbladet.no\/sport\/plutselig-ble-alt-stille\/83923117\" target=\"_blank\" rel=\"noopener nofollow\">avaa<\/a> Marcalle muistikuviaan viimeisist\u00e4 hetkist\u00e4 ennen koneen putoamista.<\/p>\n<p class=\"paragraph\">\u2013 Muistan, ett\u00e4 lent\u00e4j\u00e4 kuulutti meid\u00e4n laskeutuvan. Me kaartelimme, mutta emme laskeutuneet. Yht\u00e4kki\u00e4 kaikki valot koneessa meniv\u00e4t pime\u00e4ksi ja kaikki meniv\u00e4t hiljaiseksi.<\/p>\n<p class=\"paragraph\">Tilanne ei ollut yht\u00e4 kaoottinen kuin elokuvissa.<\/p>\n<p class=\"paragraph\">-Kukaan ei huutanut, eik\u00e4 paniikkia ollut. Oli vain tunne, ett\u00e4 mit\u00e4h\u00e4n oikein on tapahtumassa.<\/p>\n<p class=\"paragraph\">Seuraavien sekuntien aikana kone joutui turbulenssiin, mink\u00e4 johdosta h\u00e4lytys alkoi raikaa.<\/p>\n<p>\u0160okki<\/p>\n<p>Brasilialaiset sotilaat kantamassa yhden lento-onnettomuudessa kuolleen pelaajan arkkua Chapecoensen kotistadionilla j\u00e4rjestettyyn hautajaisseremoniaan 3. joulukuuta 2016.  EPA \/ AOP<\/p>\n<p class=\"paragraph\">Sen enemp\u00e4\u00e4 Ruschel ei lennolta muista.<\/p>\n<p class=\"paragraph\">Her\u00e4tty\u00e4\u00e4n koomasta sairaalassa h\u00e4n ryhtyi kyselem\u00e4\u00e4n, mit\u00e4 h\u00e4nen joukkuekavereilleen oli k\u00e4ynyt. Kukaan ei kuitenkaan aluksi suostunut kertomaan huonoja uutisia.<\/p>\n<p class=\"paragraph\">L\u00e4\u00e4k\u00e4rit tyytyiv\u00e4t selitt\u00e4m\u00e4\u00e4n, ett\u00e4 psykologin olisi parasta tulla paikalle, jotta h\u00e4n pystyisi prosessoimaan saamansa tiedon.<\/p>\n<p class=\"paragraph\">Lopulta h\u00e4n sai tiet\u00e4\u00e4 totuuden.<\/p>\n<p class=\"paragraph\">\u2013 Olin j\u00e4rkyttynyt, enk\u00e4 osannut suhtautua siihen. Se oli valtava \u0161okki, Ruschel kuvailee tilannetta.<\/p>\n<p class=\"paragraph\">Chapecoensen pelaajista Ruschelin lis\u00e4ksi selvisiv\u00e4t hengiss\u00e4 vain <strong>Jakson Follmann<\/strong> ja <strong>Neto<\/strong>.<\/p>\n<p>L\u00e4\u00e4k\u00e4rien arvio meni mets\u00e4\u00e4n<\/p>\n<p class=\"paragraph\">Ruschel sai onnettomuudessa niin pahat vammat, ett\u00e4 l\u00e4\u00e4k\u00e4rit ep\u00e4iliv\u00e4t aluksi, pystyisik\u00f6 h\u00e4n en\u00e4\u00e4 k\u00e4velem\u00e4\u00e4n.<\/p>\n<p class=\"paragraph\">Synkimm\u00e4t ennusteet unohdettiin nopeasti, sill\u00e4 mies nousi tolpilleen vain kymmenen p\u00e4iv\u00e4\u00e4 tapahtuneen j\u00e4lkeen.<\/p>\n<p class=\"paragraph\">Laitapakkina viihtyv\u00e4n Ruschelin peliura jatkuu yh\u00e4. H\u00e4n edustaa Brasilian liigan Juventudea.<\/p>\n","protected":false},"excerpt":{"rendered":"Alan Ruschel menetti l\u00e4hes kaikki joukkuekaverinsa. Alan Ruschel kuvattuna vuonna 2017. AOP Jalkapallomaailmaa koetteli suuri tragedia 28. marraskuuta&hellip;\n","protected":false},"author":2,"featured_media":107558,"comment_status":"","ping_status":"","sticky":false,"template":"","format":"standard","meta":{"footnotes":""},"categories":[14],"tags":[35,22,23,26,27,33,31,30,17,3220,24,25,3219,2910,121,28,29,15,18,21,32,7166,19,20,56,16,59,60,61],"class_list":{"0":"post-107557","1":"post","2":"type-post","3":"status-publish","4":"format-standard","5":"has-post-thumbnail","7":"category-ulkomaat","8":"tag-24h","9":"tag-breaking-news","10":"tag-breakingnews","11":"tag-featured-news","12":"tag-featurednews","13":"tag-fi","14":"tag-finland","15":"tag-finnish","16":"tag-headlines","17":"tag-ilmakulkuneuvot","18":"tag-latest-news","19":"tag-latestnews","20":"tag-lentokoneet","21":"tag-lentoliikenne-ilmaliikenne","22":"tag-liikenne-ja-kuljetus","23":"tag-main-news","24":"tag-mainnews","25":"tag-news","26":"tag-otsikot","27":"tag-paauutiset","28":"tag-suomi","29":"tag-tapaturmat-ja-vammat","30":"tag-top-stories","31":"tag-topstories","32":"tag-ulkomaat","33":"tag-uutiset","34":"tag-world","35":"tag-world-news","36":"tag-worldnews"},"share_on_mastodon":{"url":"https:\/\/pubeurope.com\/@fi\/115661608527979554","error":""},"_links":{"self":[{"href":"https:\/\/www.europesays.com\/fi\/wp-json\/wp\/v2\/posts\/107557","targetHints":{"allow":["GET"]}}],"collection":[{"href":"https:\/\/www.europesays.com\/fi\/wp-json\/wp\/v2\/posts"}],"about":[{"href":"https:\/\/www.europesays.com\/fi\/wp-json\/wp\/v2\/types\/post"}],"author":[{"embeddable":true,"href":"https:\/\/www.europesays.com\/fi\/wp-json\/wp\/v2\/users\/2"}],"replies":[{"embeddable":true,"href":"https:\/\/www.europesays.com\/fi\/wp-json\/wp\/v2\/comments?post=107557"}],"version-history":[{"count":0,"href":"https:\/\/www.europesays.com\/fi\/wp-json\/wp\/v2\/posts\/107557\/revisions"}],"wp:featuredmedia":[{"embeddable":true,"href":"https:\/\/www.europesays.com\/fi\/wp-json\/wp\/v2\/media\/107558"}],"wp:attachment":[{"href":"https:\/\/www.europesays.com\/fi\/wp-json\/wp\/v2\/media?parent=107557"}],"wp:term":[{"taxonomy":"category","embeddable":true,"href":"https:\/\/www.europesays.com\/fi\/wp-json\/wp\/v2\/categories?post=107557"},{"taxonomy":"post_tag","embeddable":true,"href":"https:\/\/www.europesays.com\/fi\/wp-json\/wp\/v2\/tags?post=107557"}],"curies":[{"name":"wp","href":"https:\/\/api.w.org\/{rel}","templated":true}]}}