{"id":107561,"date":"2025-12-04T13:48:06","date_gmt":"2025-12-04T13:48:06","guid":{"rendered":"https:\/\/www.europesays.com\/fi\/107561\/"},"modified":"2025-12-04T13:48:06","modified_gmt":"2025-12-04T13:48:06","slug":"valmet-automotive-aloittaa-patrian-panssariajoneuvojen-valmistuksen-uudessakaupungissa","status":"publish","type":"post","link":"https:\/\/www.europesays.com\/fi\/107561\/","title":{"rendered":"Valmet Automotive aloittaa Patrian panssariajoneuvojen valmistuksen Uudessakaupungissa"},"content":{"rendered":"<p>\n\tSTT\t4.12.2025 13:50, muokattu<br \/>\n\t4.12.2025 13:54\n<\/p>\n<p>\t\t\t\t\t\t\t\t\tTalous<\/p>\n<p>Valmet Automotive aloittaa Patrian panssaroitujen ajoneuvojen valmistuksen Uudenkaupungin tehtaalla Varsinais-Suomessa.<\/p>\n<p>Valmet Automotive ja Patria ovat sopineet yhteisty\u00f6st\u00e4, joka kattaa panssaroitujen ajoneuvojen valmistukseen liittyv\u00e4n teknologiansiirron sek\u00e4 ensimm\u00e4isten ajoneuvojen valmistuksen.<\/p>\n<p>Ensimm\u00e4iset Patrian ajoneuvot valmistetaan Uudessakaupungissa arviolta ensi vuoden toisella puoliskolla, Valmet Automotive kertoo. Yhteisty\u00f6 teknologiansiirrossa k\u00e4ynnistyy puolestaan heti.<\/p>\n<p>Valmet Automotiven ja Patrian aiesopimuksesta kerrottiin lokakuun lopulla.<\/p>\n","protected":false},"excerpt":{"rendered":"STT 4.12.2025 13:50, muokattu 4.12.2025 13:54 Talous Valmet Automotive aloittaa Patrian panssaroitujen ajoneuvojen valmistuksen Uudenkaupungin tehtaalla Varsinais-Suomessa. Valmet&hellip;\n","protected":false},"author":2,"featured_media":107562,"comment_status":"","ping_status":"","sticky":false,"template":"","format":"standard","meta":{"footnotes":""},"categories":[5],"tags":[22,23,26,27,33,31,30,17,24,25,28,29,15,18,21,32,19,20,16],"class_list":{"0":"post-107561","1":"post","2":"type-post","3":"status-publish","4":"format-standard","5":"has-post-thumbnail","7":"category-otsikot","8":"tag-breaking-news","9":"tag-breakingnews","10":"tag-featured-news","11":"tag-featurednews","12":"tag-fi","13":"tag-finland","14":"tag-finnish","15":"tag-headlines","16":"tag-latest-news","17":"tag-latestnews","18":"tag-main-news","19":"tag-mainnews","20":"tag-news","21":"tag-otsikot","22":"tag-paauutiset","23":"tag-suomi","24":"tag-top-stories","25":"tag-topstories","26":"tag-uutiset"},"share_on_mastodon":{"url":"https:\/\/pubeurope.com\/@fi\/115661616106221780","error":""},"_links":{"self":[{"href":"https:\/\/www.europesays.com\/fi\/wp-json\/wp\/v2\/posts\/107561","targetHints":{"allow":["GET"]}}],"collection":[{"href":"https:\/\/www.europesays.com\/fi\/wp-json\/wp\/v2\/posts"}],"about":[{"href":"https:\/\/www.europesays.com\/fi\/wp-json\/wp\/v2\/types\/post"}],"author":[{"embeddable":true,"href":"https:\/\/www.europesays.com\/fi\/wp-json\/wp\/v2\/users\/2"}],"replies":[{"embeddable":true,"href":"https:\/\/www.europesays.com\/fi\/wp-json\/wp\/v2\/comments?post=107561"}],"version-history":[{"count":0,"href":"https:\/\/www.europesays.com\/fi\/wp-json\/wp\/v2\/posts\/107561\/revisions"}],"wp:featuredmedia":[{"embeddable":true,"href":"https:\/\/www.europesays.com\/fi\/wp-json\/wp\/v2\/media\/107562"}],"wp:attachment":[{"href":"https:\/\/www.europesays.com\/fi\/wp-json\/wp\/v2\/media?parent=107561"}],"wp:term":[{"taxonomy":"category","embeddable":true,"href":"https:\/\/www.europesays.com\/fi\/wp-json\/wp\/v2\/categories?post=107561"},{"taxonomy":"post_tag","embeddable":true,"href":"https:\/\/www.europesays.com\/fi\/wp-json\/wp\/v2\/tags?post=107561"}],"curies":[{"name":"wp","href":"https:\/\/api.w.org\/{rel}","templated":true}]}}