{"id":107569,"date":"2025-12-04T14:08:13","date_gmt":"2025-12-04T14:08:13","guid":{"rendered":"https:\/\/www.europesays.com\/fi\/107569\/"},"modified":"2025-12-04T14:08:13","modified_gmt":"2025-12-04T14:08:13","slug":"olli-halonen-ja-pia-vaimo-iso-elamanmuutos","status":"publish","type":"post","link":"https:\/\/www.europesays.com\/fi\/107569\/","title":{"rendered":"Olli Halonen ja Pia-vaimo: Iso el\u00e4m\u00e4nmuutos!"},"content":{"rendered":"<p>            AOP\n        <\/p>\n<p class=\"subtitle \">Lapset ovat luonnollisesti ihana asia, mutta samalla pikkuv\u00e4en tulo ei voi olla vaikuttamatta vanhempien keskin\u00e4iseen suhteeseen.<\/p>\n<p class=\"article-content article-content-width !bg-background\">Siin\u00e4 miss\u00e4 vuosikausia  ja\u00a0Eppu Normaali\u00a0pukivat suomalaisten tuntoja lauluiksi, ovat nykyisi\u00e4 soihdunkantajia h\u00e4rm\u00e4l\u00e4isten tuntojen sanoittajissa  sek\u00e4 .<\/p>\n<p class=\"font-weight-bold m-font-weight-bold article-content article-content-width !bg-background\">Video: Olli Halosen h\u00e4\u00e4t<\/p>\n<p class=\"article-content article-content-width !bg-background\">Esimerkiksi Ollin hittej\u00e4\u00a0Pohjola ja Suomen kes\u00e4\u00a0on kuunneltu pelk\u00e4st\u00e4\u00e4n Spotifyss\u00e4 yhteens\u00e4 yli 33 miljoonaa kertaa.<\/p>\n<p class=\"article-content article-content-width !bg-background\">Se kertoo suomalaisten pulssilla olemisesta sek\u00e4 siit\u00e4, ett\u00e4 kappaleet resonoivat laajalti.<\/p>\n<p>                <img decoding=\"async\" src=\"https:\/\/www.europesays.com\/fi\/wp-content\/uploads\/2025\/12\/143970.webp\" width=\"576\" height=\"557\" alt=\"Vuonna 2023 Olli Halonen palkittiin Vuoden iskelm\u00e4 -Emmalla.\" loading=\"lazy\" \/>            <\/p>\n<p>\n            Vuonna 2023 Olli Halonen palkittiin Vuoden iskelm\u00e4 -Emmalla.<br \/>\n            Seiska\n        <\/p>\n<p>Kaksoset ja h\u00e4\u00e4t<\/p>\n<p class=\"article-content article-content-width !bg-background\">Ollin viime vuodet ovat olleet melko haipakkaa.\u00a0Olli sai helmikuussa 2024 kaksoistyt\u00f6t.\u00a0T\u00e4m\u00e4n vuoden elokuussa Olli ja puoliso sanoivat toisilleen tahdon.<\/p>\n<p>\n            Ei voi olla en\u00e4\u00e4 itsek\u00e4s uravalintojensa kanssa, kun el\u00e4m\u00e4\u00e4 ohjaa niin paljon se, ett\u00e4 haluaa olla kotona lasten kanssa.\n            <\/p>\n<p class=\"article-content article-content-width !bg-background\">Pyh\u00e4n valan my\u00f6t\u00e4  tuli .<\/p>\n<p class=\"article-content article-content-width !bg-background\">Ahkerasti keikkaileva Olli osallistui keskiviikkona 3. joulukuuta JouluMielelle-hyv\u00e4ntekev\u00e4isyyskonserttiin.<\/p>\n<p>        <a itemprop=\"url\" href=\"https:\/\/www.seiska.fi\/kotimaa\/vau-mika-morsian-olli-halonen-naimisiin\/1916267\" rel=\"nofollow noopener\" target=\"_blank\"><\/p>\n<p>\nOlli Halonen naimisiin\n<\/p>\n<p class=\"section-date\">\n        <strong class=\"article-section\" data-section=\"kotimaa\"><br \/>\n            kotimaa<br \/>\n        <\/strong><br \/>\n        30.8. 20:30\n    <\/p>\n<p>Vau, mik\u00e4 morsian! Olli Halonen naimisiin\n    <\/p>\n<p itemprop=\"description\" class=\"subtitle \">\n    Olli Halonen kertoi vuosi sitte Apu-lehdess\u00e4, ett\u00e4 pariskunnan ensimm\u00e4isen raskaus p\u00e4\u00e4ttyi ik\u00e4v\u00e4sti, mutta seuraavan tulos oli tuplaonni.\n<\/p>\n<p>        <\/a><\/p>\n<p>                <img decoding=\"async\" src=\"https:\/\/www.europesays.com\/fi\/wp-content\/uploads\/2025\/12\/2011451.webp\" width=\"576\" height=\"322\" alt=\"Olli Halonen on tullut tutuksi valloittavasta hymyst\u00e4\u00e4n ja ryhdikk\u00e4\u00e4st\u00e4 olemuksestaan.\" loading=\"lazy\" \/>            <\/p>\n<p>\n            Olli Halonen on tullut tutuksi valloittavasta hymyst\u00e4\u00e4n ja ryhdikk\u00e4\u00e4st\u00e4 olemuksestaan.<br \/>\n            Matti Matikainen\n        <\/p>\n<p>&#8221;Hektist\u00e4, mutta ihanaa&#8221;<\/p>\n<p class=\"article-content article-content-width !bg-background\">Seiskalle Olli puhui todella avoimesti ajatuksistaan kahden taaperon is\u00e4n\u00e4.<\/p>\n<p class=\"article-content article-content-width !bg-background\">\u2013 Nyt on sellainen vaihe, ett\u00e4 vauhtia on aivan \u00e4lytt\u00f6m\u00e4sti ja j\u00e4rke\u00e4 ei niin paljoa, is\u00e4 hym\u00e4ht\u00e4\u00e4 \u00e4\u00e4ness\u00e4\u00e4n sek\u00e4 huvittuneisuutta ett\u00e4 ylpeytt\u00e4.<\/p>\n<p class=\"article-content article-content-width !bg-background\">\u2013 El\u00e4m\u00e4 on samaan aikaan hektist\u00e4, mutta ihanaa. Sielt\u00e4 alkaa sanoja tulemaan, Olli jatkaa liikuttuen.<\/p>\n<p>        <a itemprop=\"url\" href=\"https:\/\/www.seiska.fi\/vain-seiskassa\/paparazzikuvat-kirkolta-olli-halonen-ja-pia-rakas-naimisiin-nain-laulaja-suuteli-morsiantaan\/1916815\" rel=\"nofollow noopener\" target=\"_blank\"><\/p>\n<p>\nPaparazzikuvat kirkolta!\n<\/p>\n<p class=\"section-date\">\n        <strong class=\"article-section\" data-section=\"vain seiskassa\"><br \/>\n            vain seiskassa<br \/>\n        <\/strong><br \/>\n        2.9. 07:00\n    <\/p>\n<p>Paparazzikuvat kirkolta! Olli Halonen ja Pia-rakas naimisiin \u2013 n\u00e4in laulaja suuteli morsiantaan\n    <\/p>\n<p itemprop=\"description\" class=\"subtitle \">\n    Haloset sanoivat tahdon Tuusulan vanhan puukirkon edess\u00e4.\n<\/p>\n<p>        <\/a><\/p>\n<p class=\"article-content article-content-width !bg-background\">Perheen arkeen on mahtunut iso el\u00e4m\u00e4nmuutos: tyt\u00f6t aloittivat syksyll\u00e4 p\u00e4iv\u00e4kodin, mik\u00e4 vaikuttaa luonnollisesti isosti kaikkiin.<\/p>\n<p class=\"article-content article-content-width !bg-background\">\u2013 Koko ajan niill\u00e4 vuotaa nen\u00e4, Olli naurahtaa, ja asiaan samaistunevat kaikki pikkulasten vanhemmat.<\/p>\n<p>                <img decoding=\"async\" src=\"https:\/\/www.europesays.com\/fi\/wp-content\/uploads\/2025\/12\/2011448.webp\" width=\"576\" height=\"322\" alt=\"Olli on osallistunut my\u00f6s suosikkiformaattiin Tanssii t\u00e4htien kanssa, jossa h\u00e4n tanssi yhdess\u00e4 Kerttu Niemisen kanssa.\" loading=\"lazy\" \/>            <\/p>\n<p>\n            Olli on osallistunut my\u00f6s suosikkiformaattiin Tanssii t\u00e4htien kanssa, jossa h\u00e4n tanssi yhdess\u00e4 Kerttu Niemisen kanssa.<br \/>\n            Timo Korhonen\n        <\/p>\n<p>V\u00e4lill\u00e4 mukana keikoilla<\/p>\n<p class=\"article-content article-content-width !bg-background\">P\u00e4iv\u00e4kodin my\u00f6t\u00e4 Olli kertoo Pian palanneen sairaanhoitajan ty\u00f6h\u00f6ns\u00e4 puolentoista vuoden vanhempainvapaan j\u00e4lkeen.<\/p>\n<p class=\"article-content article-content-width !bg-background\">Ollin puheissa Pia saakin paljon kiitosta, sill\u00e4 juuri h\u00e4n huolehtii taloudesta viikonloppuisin, kun Ollilla on keikkoja.<\/p>\n<p>\n            Se on henkisesti itselle t\u00e4rke\u00e4\u00e4, ett\u00e4 Pia saa olla niin sanotusti t\u00f6iss\u00e4 lomalla.\n            <\/p>\n<p class=\"article-content article-content-width !bg-background\">\u2013 Tosin perhe kulkee aina v\u00e4lill\u00e4 mukana, ja aika paljon he ovatkin olleet mukana kiertelem\u00e4ss\u00e4.<\/p>\n<p class=\"article-content article-content-width !bg-background\">Isyys on opettanut Ollia valtavasti.<\/p>\n<p class=\"article-content article-content-width !bg-background\">\u2013 Ei voi olla en\u00e4\u00e4 itsek\u00e4s uravalintojensa kanssa, kun el\u00e4m\u00e4\u00e4 ohjaa niin paljon se, ett\u00e4 haluaa olla kotona lasten kanssa.<\/p>\n<p class=\"article-content article-content-width !bg-background\">\u2013 Haluan olla is\u00e4n\u00e4 mukana.<\/p>\n<p>&#8221;Henkisesti itselle t\u00e4rke\u00e4\u00e4, ett\u00e4&#8230;&#8221;<\/p>\n<p class=\"article-content article-content-width !bg-background\">Lapset ovat luonnollisesti ihana asia, mutta samalla pikkuv\u00e4en tulo ei voi olla vaikuttamatta vanhempien keskin\u00e4iseen suhteeseen.<\/p>\n<p class=\"article-content article-content-width !bg-background\">Olli kertoo, ettei h\u00e4nell\u00e4 ja Pialla ole ollut haasteita kesken\u00e4\u00e4n.<\/p>\n<p class=\"article-content article-content-width !bg-background\">\u2013 Minua helpottaa tosi paljon se ajatus, ett\u00e4 Pia on hakenut iltap\u00e4iv\u00e4st\u00e4 tyt\u00f6t ja on ollut niiden kanssa kolme tuntia kuin ett\u00e4 h\u00e4n olisi ollut yksin lasten kanssa aamusta asti.<\/p>\n<p class=\"article-content article-content-width !bg-background\">\u2013 Se on henkisesti itselle t\u00e4rke\u00e4\u00e4, ett\u00e4 Pia saa olla niin sanotusti t\u00f6iss\u00e4 lomalla, Olli p\u00e4\u00e4tt\u00e4\u00e4 hym\u00e4ht\u00e4en.<\/p>\n<p>        <a itemprop=\"url\" href=\"https:\/\/www.seiska.fi\/vain-seiskassa\/herran-pieksut-milla-haaautolla-olli-halonen-kyyditsi-pia-vaimonsa-pois-kirkolta-kuvat\/1916904\" rel=\"nofollow noopener\" target=\"_blank\"><\/p>\n<p>\nKuvat!\n<\/p>\n<p class=\"section-date\">\n        <strong class=\"article-section\" data-section=\"vain seiskassa\"><br \/>\n            vain seiskassa<br \/>\n        <\/strong><br \/>\n        3.9. 07:00\n    <\/p>\n<p>Herran pieksut mill\u00e4 h\u00e4\u00e4autolla Olli Halonen kyyditsi Pia-vaimonsa pois kirkolta \u2013 kuvat!\n    <\/p>\n<p itemprop=\"description\" class=\"subtitle \">\n    Olli osaa selv\u00e4sti arvostaa 80-luvun legendaarisia menopelej\u00e4.\n<\/p>\n<p>        <\/a><\/p>\n","protected":false},"excerpt":{"rendered":"AOP Lapset ovat luonnollisesti ihana asia, mutta samalla pikkuv\u00e4en tulo ei voi olla vaikuttamatta vanhempien keskin\u00e4iseen suhteeseen. Siin\u00e4&hellip;\n","protected":false},"author":2,"featured_media":107570,"comment_status":"","ping_status":"","sticky":false,"template":"","format":"standard","meta":{"footnotes":""},"categories":[130],"tags":[137,15485,33,31,30,20210,8308,7666,98,8945,32,109],"class_list":{"0":"post-107569","1":"post","2":"type-post","3":"status-publish","4":"format-standard","5":"has-post-thumbnail","7":"category-viihde","8":"tag-entertainment","9":"tag-eppu-normaali","10":"tag-fi","11":"tag-finland","12":"tag-finnish","13":"tag-joulumielelle-hyvantekevaisyyskonsertti","14":"tag-juice-leskinen","15":"tag-olli-halonen","16":"tag-perhe","17":"tag-pia-halonen","18":"tag-suomi","19":"tag-viihde"},"share_on_mastodon":{"url":"https:\/\/pubeurope.com\/@fi\/115661695050683932","error":""},"_links":{"self":[{"href":"https:\/\/www.europesays.com\/fi\/wp-json\/wp\/v2\/posts\/107569","targetHints":{"allow":["GET"]}}],"collection":[{"href":"https:\/\/www.europesays.com\/fi\/wp-json\/wp\/v2\/posts"}],"about":[{"href":"https:\/\/www.europesays.com\/fi\/wp-json\/wp\/v2\/types\/post"}],"author":[{"embeddable":true,"href":"https:\/\/www.europesays.com\/fi\/wp-json\/wp\/v2\/users\/2"}],"replies":[{"embeddable":true,"href":"https:\/\/www.europesays.com\/fi\/wp-json\/wp\/v2\/comments?post=107569"}],"version-history":[{"count":0,"href":"https:\/\/www.europesays.com\/fi\/wp-json\/wp\/v2\/posts\/107569\/revisions"}],"wp:featuredmedia":[{"embeddable":true,"href":"https:\/\/www.europesays.com\/fi\/wp-json\/wp\/v2\/media\/107570"}],"wp:attachment":[{"href":"https:\/\/www.europesays.com\/fi\/wp-json\/wp\/v2\/media?parent=107569"}],"wp:term":[{"taxonomy":"category","embeddable":true,"href":"https:\/\/www.europesays.com\/fi\/wp-json\/wp\/v2\/categories?post=107569"},{"taxonomy":"post_tag","embeddable":true,"href":"https:\/\/www.europesays.com\/fi\/wp-json\/wp\/v2\/tags?post=107569"}],"curies":[{"name":"wp","href":"https:\/\/api.w.org\/{rel}","templated":true}]}}