{"id":107579,"date":"2025-12-04T14:18:09","date_gmt":"2025-12-04T14:18:09","guid":{"rendered":"https:\/\/www.europesays.com\/fi\/107579\/"},"modified":"2025-12-04T14:18:09","modified_gmt":"2025-12-04T14:18:09","slug":"tahdet-ja-avaruus-likinakoisyys-voimistuu-pimeassa","status":"publish","type":"post","link":"https:\/\/www.europesays.com\/fi\/107579\/","title":{"rendered":"T\u00e4hdet ja avaruus: Likin\u00e4k\u00f6isyys voimistuu pime\u00e4ss\u00e4"},"content":{"rendered":"<p>Lauri Kangas hankki tavallisten silm\u00e4lasiensa rinnalle erilliset lasit y\u00f6taivaan katseluun. Niiden avulla h\u00e4n n\u00e4kee taivaalta monikertaisen m\u00e4\u00e4r\u00e4n t\u00e4hti\u00e4.&#13;<\/p>\n<p class=\"bodytext\">\u201cTavallisten lasien sijaan silm\u00e4t tarvitsisivat y\u00f6aikaan ylikorjausta eli lis\u00e4\u00e4 vahvuutta linsseihin\u201d,<strong> Lauri Kangas <\/strong>kertoo uusimmassa T\u00e4hdet ja avaruus -lehdess\u00e4 8\/2025.\n<\/p>\n<p>Kankaan mukaan arkisilm\u00e4lasien korjaus on yleens\u00e4 kompromissi jokap\u00e4iv\u00e4isten valaistusolosuhteiden, katseluet\u00e4isyyksien ja i\u00e4n my\u00f6t\u00e4 heikkenev\u00e4n tarkennuskyvyn eli ik\u00e4n\u00e4\u00f6n v\u00e4lill\u00e4.\n<\/p>\n<p>\u201cTavalliset silm\u00e4lasireseptit kirjoitetaan tavallisiin tilanteisiin\u201d, Kangas selitt\u00e4\u00e4.\u00a0\n<\/p>\n<p>\u201cT\u00e4htiharrastajien havittelema tilanne \u2013 eli mahdollisimman himmeiden, \u00e4\u00e4rett\u00f6m\u00e4n kaukaisten valopisteiden erottaminen pime\u00e4\u00e4 taustaa vasten \u2013 ei ole p\u00e4\u00e4osassa kompromissia etsiess\u00e4.\u201d\n<\/p>\n<p>Pime\u00e4\u00e4 t\u00e4htitaivasta katsottaessa iiris pyrkii laajenemaan t\u00e4yteen mittaansa, jotta silm\u00e4 ker\u00e4isi mahdollisimman paljon valoa. Pallopintaisen linssin reuna-alueet kuitenkin taittavat valoa keskiosaa jyrkemmin.\u00a0\n<\/p>\n<p>\u201cT\u00e4m\u00e4n takia t\u00e4hden kuvassa voi n\u00e4ky\u00e4 pistem\u00e4inen keskus, mutta sit\u00e4 ymp\u00e4r\u00f6i m\u00f6llyk\u00e4ksi tarkentuva valokeh\u00e4, joka tulee linssin reunoilta\u201d, Kangas kertoo.\n<\/p>\n<p>Selvitysty\u00f6ns\u00e4 j\u00e4lkeen Kangas hankki itselleen erilliset silm\u00e4lasit t\u00e4htitaivaan katseluun.\u00a0\n<\/p>\n<p>\u201cN\u00e4k\u00f6kentt\u00e4\u00e4n ei ole ilmestynyt useita satoja vaan jopa tuhansia t\u00e4hti\u00e4 lis\u00e4\u00e4. N\u00e4kym\u00e4 on kertakaikkisen mahtava\u201d, h\u00e4n ihastelee.\n<\/p>\n<p>\u201cOmistan paljon kiikareita ja kaukoputkia, mutta kuka olisi arvannut, ett\u00e4 t\u00e4hti\u00e4 varten r\u00e4\u00e4t\u00e4l\u00f6idyist\u00e4 yksiteholaseista tulisi t\u00e4rkein optinen v\u00e4lineeni taivaan alla.\u201d\n<\/p>\n<p>Lauri Kankaan artikkelin voi lukea t\u00e4n\u00e4\u00e4n torstaina ilmestyneest\u00e4 T\u00e4hdet ja avaruus -lehdest\u00e4 8\/2025<\/p>\n","protected":false},"excerpt":{"rendered":"Lauri Kangas hankki tavallisten silm\u00e4lasiensa rinnalle erilliset lasit y\u00f6taivaan katseluun. Niiden avulla h\u00e4n n\u00e4kee taivaalta monikertaisen m\u00e4\u00e4r\u00e4n t\u00e4hti\u00e4.&#13;&hellip;\n","protected":false},"author":2,"featured_media":107580,"comment_status":"","ping_status":"","sticky":false,"template":"","format":"standard","meta":{"footnotes":""},"categories":[114],"tags":[453,33,31,30,118,452,32,119],"class_list":{"0":"post-107579","1":"post","2":"type-post","3":"status-publish","4":"format-standard","5":"has-post-thumbnail","7":"category-avaruus","8":"tag-avaruus","9":"tag-fi","10":"tag-finland","11":"tag-finnish","12":"tag-science","13":"tag-space","14":"tag-suomi","15":"tag-tiede"},"share_on_mastodon":{"url":"https:\/\/pubeurope.com\/@fi\/115661734139181280","error":""},"_links":{"self":[{"href":"https:\/\/www.europesays.com\/fi\/wp-json\/wp\/v2\/posts\/107579","targetHints":{"allow":["GET"]}}],"collection":[{"href":"https:\/\/www.europesays.com\/fi\/wp-json\/wp\/v2\/posts"}],"about":[{"href":"https:\/\/www.europesays.com\/fi\/wp-json\/wp\/v2\/types\/post"}],"author":[{"embeddable":true,"href":"https:\/\/www.europesays.com\/fi\/wp-json\/wp\/v2\/users\/2"}],"replies":[{"embeddable":true,"href":"https:\/\/www.europesays.com\/fi\/wp-json\/wp\/v2\/comments?post=107579"}],"version-history":[{"count":0,"href":"https:\/\/www.europesays.com\/fi\/wp-json\/wp\/v2\/posts\/107579\/revisions"}],"wp:featuredmedia":[{"embeddable":true,"href":"https:\/\/www.europesays.com\/fi\/wp-json\/wp\/v2\/media\/107580"}],"wp:attachment":[{"href":"https:\/\/www.europesays.com\/fi\/wp-json\/wp\/v2\/media?parent=107579"}],"wp:term":[{"taxonomy":"category","embeddable":true,"href":"https:\/\/www.europesays.com\/fi\/wp-json\/wp\/v2\/categories?post=107579"},{"taxonomy":"post_tag","embeddable":true,"href":"https:\/\/www.europesays.com\/fi\/wp-json\/wp\/v2\/tags?post=107579"}],"curies":[{"name":"wp","href":"https:\/\/api.w.org\/{rel}","templated":true}]}}