{"id":107581,"date":"2025-12-04T14:19:10","date_gmt":"2025-12-04T14:19:10","guid":{"rendered":"https:\/\/www.europesays.com\/fi\/107581\/"},"modified":"2025-12-04T14:19:10","modified_gmt":"2025-12-04T14:19:10","slug":"hallitus-esittelee-energia-ja-ilmastostrategian-ministeri-multala-kertoo-linjauksista","status":"publish","type":"post","link":"https:\/\/www.europesays.com\/fi\/107581\/","title":{"rendered":"Hallitus esittelee energia- ja ilmastostrategian, ministeri Multala kertoo linjauksista"},"content":{"rendered":"<p>SiteWide ContentPlaceholder<\/p>\n<p>Main ContentPlaceholder<\/p>\n<p class=\"hs-section-removal article-ingress--medium\">Ymp\u00e4rist\u00f6|Hallituksen energia- ja ilmastostrategia sek\u00e4 keskipitk\u00e4n aikav\u00e4lin ilmastosuunnitelma l\u00e4htev\u00e4t t\u00e4n\u00e4\u00e4n eduskuntaan selontekona.<\/p>\n<p><img decoding=\"async\" src=\"https:\/\/www.europesays.com\/fi\/wp-content\/uploads\/2025\/12\/1764857950_142_468.jpg\" alt=\"Ymp\u00e4rist\u00f6- ja ilmastoministeri Sari Multala.\" class=\"_Img_1rerz_1\" style=\"aspect-ratio:1.3342599027102153\" loading=\"eager\"\/><\/p>\n<p class=\"article-picture-caption\">Ymp\u00e4rist\u00f6- ja ilmastoministeri Sari Multala. Kuva:\u00a0Valtioneuvoston kanslia<\/p>\n<p><a href=\"https:\/\/www.hs.fi\/haku\/?query=Anu-Elina+Lehti+HS\" rel=\"nofollow noopener\" target=\"_blank\"><\/p>\n<p>Anu-Elina Lehti HS<\/p>\n<p><\/a><\/p>\n<p>13:15 | P\u00e4ivitetty 13:45<\/p>\n<p class=\"article-body mb-nof-24 px-nof-16\">Ymp\u00e4rist\u00f6- ja ilmastoministeri<a class=\"article-personlink\" href=\"https:\/\/www.hs.fi\/haku\/?query=%20Sari%20Multala\" rel=\"nofollow noopener\" target=\"_blank\"> Sari Multala<\/a> (kok) esittelee strategian ja suunnitelman sis\u00e4ll\u00f6t tiedotustilaisuudessa torstaina Valtioneuvoston linnassa.<\/p>\n<p>KommentoiIlmoita asiavirheest\u00e4KommentoiIlmoita asiavirheest\u00e4<\/p>\n","protected":false},"excerpt":{"rendered":"SiteWide ContentPlaceholder Main ContentPlaceholder Ymp\u00e4rist\u00f6|Hallituksen energia- ja ilmastostrategia sek\u00e4 keskipitk\u00e4n aikav\u00e4lin ilmastosuunnitelma l\u00e4htev\u00e4t t\u00e4n\u00e4\u00e4n eduskuntaan selontekona. Ymp\u00e4rist\u00f6- ja&hellip;\n","protected":false},"author":2,"featured_media":107582,"comment_status":"","ping_status":"","sticky":false,"template":"","format":"standard","meta":{"footnotes":""},"categories":[113],"tags":[446,33,31,30,46,118,32,119,447],"class_list":{"0":"post-107581","1":"post","2":"type-post","3":"status-publish","4":"format-standard","5":"has-post-thumbnail","7":"category-ymparisto","8":"tag-environment","9":"tag-fi","10":"tag-finland","11":"tag-finnish","12":"tag-helsingin-sanomat","13":"tag-science","14":"tag-suomi","15":"tag-tiede","16":"tag-ymparisto"},"share_on_mastodon":{"url":"https:\/\/pubeurope.com\/@fi\/115661738272344309","error":""},"_links":{"self":[{"href":"https:\/\/www.europesays.com\/fi\/wp-json\/wp\/v2\/posts\/107581","targetHints":{"allow":["GET"]}}],"collection":[{"href":"https:\/\/www.europesays.com\/fi\/wp-json\/wp\/v2\/posts"}],"about":[{"href":"https:\/\/www.europesays.com\/fi\/wp-json\/wp\/v2\/types\/post"}],"author":[{"embeddable":true,"href":"https:\/\/www.europesays.com\/fi\/wp-json\/wp\/v2\/users\/2"}],"replies":[{"embeddable":true,"href":"https:\/\/www.europesays.com\/fi\/wp-json\/wp\/v2\/comments?post=107581"}],"version-history":[{"count":0,"href":"https:\/\/www.europesays.com\/fi\/wp-json\/wp\/v2\/posts\/107581\/revisions"}],"wp:featuredmedia":[{"embeddable":true,"href":"https:\/\/www.europesays.com\/fi\/wp-json\/wp\/v2\/media\/107582"}],"wp:attachment":[{"href":"https:\/\/www.europesays.com\/fi\/wp-json\/wp\/v2\/media?parent=107581"}],"wp:term":[{"taxonomy":"category","embeddable":true,"href":"https:\/\/www.europesays.com\/fi\/wp-json\/wp\/v2\/categories?post=107581"},{"taxonomy":"post_tag","embeddable":true,"href":"https:\/\/www.europesays.com\/fi\/wp-json\/wp\/v2\/tags?post=107581"}],"curies":[{"name":"wp","href":"https:\/\/api.w.org\/{rel}","templated":true}]}}