{"id":107587,"date":"2025-12-04T14:31:11","date_gmt":"2025-12-04T14:31:11","guid":{"rendered":"https:\/\/www.europesays.com\/fi\/107587\/"},"modified":"2025-12-04T14:31:11","modified_gmt":"2025-12-04T14:31:11","slug":"samara-weaving-lahtaa-taas-ultrarikkaita-kusipaita-ready-or-not-2n-sai-trailerin","status":"publish","type":"post","link":"https:\/\/www.europesays.com\/fi\/107587\/","title":{"rendered":"Samara Weaving lahtaa taas ultrarikkaita kusip\u00e4it\u00e4 &#8211; Ready or Not 2:n sai trailerin"},"content":{"rendered":"<p>Kauhua, komediaa ja trilleri\u00e4 risteytt\u00e4nyt Ready or Not saa jatkoa yli kuuden vuoden odotuksen j\u00e4lkeen.<\/p>\n<p>Huhtikuussa USA:n ensi-iltansa saava Ready or Not 2: Here I Come nakkaa <a href=\"https:\/\/muropaketti.com\/avainsana\/samara-weaving\/\" rel=\"nofollow noopener\" target=\"_blank\">Samara Weavingin<\/a> esitt\u00e4m\u00e4n Gracen uuden painajaisen keskelle. <\/p>\n<p>Elokuvan uusi traileri paljastaa jutun juonen: <\/p>\n<p>Sadistinen selviytymisleikki ei ollutkaan vain yhden vinksahtaneen suvun perinne, ja nyt Grace joutuu taas taistelemaan henkens\u00e4 edest\u00e4 sielunsa menett\u00e4neet rikkaat paskiaiset kintereill\u00e4\u00e4n. T\u00e4ll\u00e4 kertaa panoksia nostetaan entisest\u00e4\u00e4n tuomalla my\u00f6s Gracen sisko Faith (Kathryn Newton) mukaan peliin.<\/p>\n<p>Ready or Not 2: Here I Comen ovat ohjanneet ensimm\u00e4isest\u00e4 elokuvasta tutut Matt Bettinelli-Olpin ja Tyler Gillett.<\/p>\n<p>Ensimm\u00e4isest\u00e4 elokuvasta ei juuri selvinnyt hahmoja hengiss\u00e4 jatko-osaan, joten Ready or Not 2:ssa n\u00e4hd\u00e4\u00e4n reippaasti tuoretta verta. Samara Weavingin ja Kathryn Newtonin lis\u00e4ksi elokuvaa t\u00e4hditt\u00e4v\u00e4t Sarah Michelle Gellar, Shawn Hatosy, N\u00e9stor Carbonell, Kevin Durand, Olivia Cheng, David Cronenberg ja Elijah Wood.<\/p>\n<p>Ready or Not 2: Here I Comen Suomen teatterilevityst\u00e4 ei ole viel\u00e4 vahvistettu, mutta h\u00e4mm\u00e4styneit\u00e4 olemme, jos elokuva ei saavu valkokankaille my\u00f6s meill\u00e4 kev\u00e4\u00e4ll\u00e4.<\/p>\n<p>Ensimm\u00e4inen Ready or Not l\u00f6ytyy suoratoistona Disney+:sta.<\/p>\n","protected":false},"excerpt":{"rendered":"Kauhua, komediaa ja trilleri\u00e4 risteytt\u00e4nyt Ready or Not saa jatkoa yli kuuden vuoden odotuksen j\u00e4lkeen. Huhtikuussa USA:n ensi-iltansa&hellip;\n","protected":false},"author":2,"featured_media":107588,"comment_status":"","ping_status":"","sticky":false,"template":"","format":"standard","meta":{"footnotes":""},"categories":[131],"tags":[155,137,33,173,31,30,172,20214,20215,20074,32,109],"class_list":{"0":"post-107587","1":"post","2":"type-post","3":"status-publish","4":"format-standard","5":"has-post-thumbnail","7":"category-elokuvat","8":"tag-elokuvat","9":"tag-entertainment","10":"tag-fi","11":"tag-film","12":"tag-finland","13":"tag-finnish","14":"tag-movies","15":"tag-ready-or-not","16":"tag-ready-or-not-2","17":"tag-samara-weaving","18":"tag-suomi","19":"tag-viihde"},"share_on_mastodon":{"url":"https:\/\/pubeurope.com\/@fi\/115661785399967208","error":""},"_links":{"self":[{"href":"https:\/\/www.europesays.com\/fi\/wp-json\/wp\/v2\/posts\/107587","targetHints":{"allow":["GET"]}}],"collection":[{"href":"https:\/\/www.europesays.com\/fi\/wp-json\/wp\/v2\/posts"}],"about":[{"href":"https:\/\/www.europesays.com\/fi\/wp-json\/wp\/v2\/types\/post"}],"author":[{"embeddable":true,"href":"https:\/\/www.europesays.com\/fi\/wp-json\/wp\/v2\/users\/2"}],"replies":[{"embeddable":true,"href":"https:\/\/www.europesays.com\/fi\/wp-json\/wp\/v2\/comments?post=107587"}],"version-history":[{"count":0,"href":"https:\/\/www.europesays.com\/fi\/wp-json\/wp\/v2\/posts\/107587\/revisions"}],"wp:featuredmedia":[{"embeddable":true,"href":"https:\/\/www.europesays.com\/fi\/wp-json\/wp\/v2\/media\/107588"}],"wp:attachment":[{"href":"https:\/\/www.europesays.com\/fi\/wp-json\/wp\/v2\/media?parent=107587"}],"wp:term":[{"taxonomy":"category","embeddable":true,"href":"https:\/\/www.europesays.com\/fi\/wp-json\/wp\/v2\/categories?post=107587"},{"taxonomy":"post_tag","embeddable":true,"href":"https:\/\/www.europesays.com\/fi\/wp-json\/wp\/v2\/tags?post=107587"}],"curies":[{"name":"wp","href":"https:\/\/api.w.org\/{rel}","templated":true}]}}