{"id":107594,"date":"2025-12-04T14:37:07","date_gmt":"2025-12-04T14:37:07","guid":{"rendered":"https:\/\/www.europesays.com\/fi\/107594\/"},"modified":"2025-12-04T14:37:07","modified_gmt":"2025-12-04T14:37:07","slug":"amerikkalaisyhtio-toisi-iihin-satoja-pysyvia-tyopaikkoja-meta-ei-varmasti-tee-pienia-datakeskuksia-mihinkaan","status":"publish","type":"post","link":"https:\/\/www.europesays.com\/fi\/107594\/","title":{"rendered":"Amerikkalaisyhti\u00f6 toisi Iihin satoja pysyvi\u00e4 ty\u00f6paikkoja \u2013 &#8221;Meta ei varmasti tee pieni\u00e4 datakeskuksia mihink\u00e4\u00e4n&#8221;"},"content":{"rendered":"<p>\n Iin Hervaan suunnitteilla oleva Metan iso datakeskus voi toteutuessaan ty\u00f6llist\u00e4\u00e4 satoja henkil\u00f6it\u00e4 pysyv\u00e4sti. Rakennusvaiheessa ty\u00f6llisyysvaikutus on viel\u00e4 suurempi.\n <\/p>\n<p>\n Torstaina uutisoitiin, ett\u00e4 Iin kunta ja amerikkalaisen Meta Platformsin tyt\u00e4ryhti\u00f6 Valoa Networks ovat k\u00e4ynnist\u00e4neet kehityshankkeen, jonka tavoitteena on perustaa suuri datakeskusalue Hervan s\u00e4hk\u00f6aseman l\u00e4helle.\n <\/p>\n<p class=\"article__paragraph\">\n Meta on hankkinut vajaan 500 hehtaarin datakeskustontin yksityisilt\u00e4 maanomistajilta hallintaansa.\n <\/p>\n<p class=\"article__paragraph\">\n \u2013\u202fInvestointip\u00e4\u00e4t\u00f6st\u00e4 ei ole viel\u00e4 tehty, mutta lupaavan kuuloinen hanke, kommentoi datatalouden johtava asiantuntija Antti Poikola Teknologiateollisuus ry:st\u00e4.\n <\/p>\n<p class=\"article__paragraph\">\n H\u00e4n arvioi Hervan hanketta julkisuudessa olleiden tietojen pohjalta. Ty\u00f6llisyysvaikutuksissa verrokkina toimii Googlen Haminan datakeskus, joka ty\u00f6llist\u00e4\u00e4 pysyv\u00e4sti noin 400 henke\u00e4.<\/p>\n","protected":false},"excerpt":{"rendered":"Iin Hervaan suunnitteilla oleva Metan iso datakeskus voi toteutuessaan ty\u00f6llist\u00e4\u00e4 satoja henkil\u00f6it\u00e4 pysyv\u00e4sti. Rakennusvaiheessa ty\u00f6llisyysvaikutus on viel\u00e4 suurempi.&hellip;\n","protected":false},"author":2,"featured_media":107595,"comment_status":"","ping_status":"","sticky":false,"template":"","format":"standard","meta":{"footnotes":""},"categories":[76],"tags":[79,77,33,31,30,32,78],"class_list":{"0":"post-107594","1":"post","2":"type-post","3":"status-publish","4":"format-standard","5":"has-post-thumbnail","7":"category-talous","8":"tag-business","9":"tag-economy","10":"tag-fi","11":"tag-finland","12":"tag-finnish","13":"tag-suomi","14":"tag-talous"},"share_on_mastodon":{"url":"https:\/\/pubeurope.com\/@fi\/115661808927265748","error":""},"_links":{"self":[{"href":"https:\/\/www.europesays.com\/fi\/wp-json\/wp\/v2\/posts\/107594","targetHints":{"allow":["GET"]}}],"collection":[{"href":"https:\/\/www.europesays.com\/fi\/wp-json\/wp\/v2\/posts"}],"about":[{"href":"https:\/\/www.europesays.com\/fi\/wp-json\/wp\/v2\/types\/post"}],"author":[{"embeddable":true,"href":"https:\/\/www.europesays.com\/fi\/wp-json\/wp\/v2\/users\/2"}],"replies":[{"embeddable":true,"href":"https:\/\/www.europesays.com\/fi\/wp-json\/wp\/v2\/comments?post=107594"}],"version-history":[{"count":0,"href":"https:\/\/www.europesays.com\/fi\/wp-json\/wp\/v2\/posts\/107594\/revisions"}],"wp:featuredmedia":[{"embeddable":true,"href":"https:\/\/www.europesays.com\/fi\/wp-json\/wp\/v2\/media\/107595"}],"wp:attachment":[{"href":"https:\/\/www.europesays.com\/fi\/wp-json\/wp\/v2\/media?parent=107594"}],"wp:term":[{"taxonomy":"category","embeddable":true,"href":"https:\/\/www.europesays.com\/fi\/wp-json\/wp\/v2\/categories?post=107594"},{"taxonomy":"post_tag","embeddable":true,"href":"https:\/\/www.europesays.com\/fi\/wp-json\/wp\/v2\/tags?post=107594"}],"curies":[{"name":"wp","href":"https:\/\/api.w.org\/{rel}","templated":true}]}}