{"id":107600,"date":"2025-12-04T14:40:08","date_gmt":"2025-12-04T14:40:08","guid":{"rendered":"https:\/\/www.europesays.com\/fi\/107600\/"},"modified":"2025-12-04T14:40:08","modified_gmt":"2025-12-04T14:40:08","slug":"nain-weksi-eli-henry-weckstrom-on-tienannut","status":"publish","type":"post","link":"https:\/\/www.europesays.com\/fi\/107600\/","title":{"rendered":"N\u00e4in Weksi eli Henry Weckstr\u00f6m on tienannut"},"content":{"rendered":"<p>Riipaisevalla videollaan huomiota her\u00e4tt\u00e4nyt Weksi, eli Henry Weckstr\u00f6m, k\u00e4ytti videoprojektiinsa suuren osan tuloistaan.<\/p>\n<p class=\"article-body mb-nof-24 px-nof-16\">Tubettaja <a class=\"article-personlink\" href=\"https:\/\/www.is.fi\/haku\/?query=Weksi\" rel=\"nofollow noopener\" target=\"_blank\">Weksi<\/a> eli <a class=\"article-personlink\" href=\"https:\/\/www.is.fi\/haku\/?query=Henry%20Weckstr%C3%B6m\" rel=\"nofollow noopener\" target=\"_blank\">Henry Weckstr\u00f6m<\/a> nousi marraskuussa valtakunnan puheenaiheeksi riipaisevalla dokumentillaan, jossa h\u00e4n k\u00e4sitteli vaikeaa lapsuuttaan ja erityisesti suhdettaan \u00e4itiins\u00e4.<\/p>\n<p class=\"article-body mb-nof-24 px-nof-16\">H\u00e4n on kertonut k\u00e4ytt\u00e4neens\u00e4 kaksi- ja puolituntiseen eepokseen rahaa jopa 20\u202f000 euroa.<\/p>\n<p class=\"article-body mb-nof-24 px-nof-16\">\u2013 Noilla YouTuben mainostuloilla m\u00e4 en tule ikin\u00e4 saamaan omiani pois, h\u00e4n kertoi <a class=\"article-personlink\" href=\"https:\/\/www.is.fi\/haku\/?query=Aki%20Linnanahteen\" rel=\"nofollow noopener\" target=\"_blank\">Aki Linnanahteen<\/a> podcastissa.<\/p>\n<p class=\"article-body mb-nof-24 px-nof-16\">IS selvitti Weckstr\u00f6min viime vuosien tulot. Niist\u00e4 selvi\u00e4\u00e4, ett\u00e4 tubettaja upotti projektiinsa l\u00e4hes puolet vuoden 2024 vuosituloistaan.<\/p>\n<p class=\"article-body mb-nof-24 px-nof-16\">H\u00e4n tienasi viime vuonna ansiotuloa 26\u202f345 euroa ja p\u00e4\u00e4omatuloja 17\u202f900 euroa, siis yhteens\u00e4 44\u202f245 euroa.<\/p>\n<p class=\"article-body mb-nof-24 px-nof-16\">Vuonna 2023 h\u00e4nen tulonsa olivat 26\u202f346 euroa ansio- ja 5\u202f450 p\u00e4\u00e4omatuloa, siis yhteens\u00e4 31\u202f796 euroa.<\/p>\n<p class=\"article-body mb-nof-24 px-nof-16\">Lihavin vuosi oli 2022: 67\u202f546 euroa ansiotuloa ja 4\u202f887 euroa p\u00e4\u00e4omatuloa, yhteens\u00e4 72\u202f433 euroa. Vuosina 2021 ja 2021 tulot olivat 43\u202f340 ja 25\u202f523 euroa. Noina vuosina h\u00e4nell\u00e4 ei ollut p\u00e4\u00e4omatuloja.<\/p>\n<p class=\"article-body mb-nof-24 px-nof-16\">Lis\u00e4ksi Weckstr\u00f6mill\u00e4 on ollut vuodesta 2021 yritys nimelt\u00e4 No Joke.<\/p>\n<p class=\"article-body mb-nof-24 px-nof-16\">Sen liikevaihto on ollut sent\u00e4\u00e4n kohtuullinen: vuonna 2022 199\u202f000, vuonna 2023 169\u202f000 ja vuonna 2024 263\u202f000 euroa.<\/p>\n<p class=\"article-body mb-nof-24 px-nof-16\">Voittoa firma on tehnyt vuosina 2022 23\u202f000 ja vuonna 2024 21\u202f000 euroa. Vuonna 2023 se teki 2\u202f000 euron edest\u00e4 tappiota.<\/p>\n<p><img decoding=\"async\" src=\"https:\/\/www.europesays.com\/fi\/wp-content\/uploads\/2025\/12\/1764859208_117_468.jpg\" alt=\"Henry Weckstr\u00f6min hittivideolla on jo 1,9 miljoonaa katselukertaa.\" class=\"_Img_1rerz_1\" style=\"aspect-ratio:0.6661458333333333\" loading=\"eager\"\/><\/p>\n<p class=\"article-picture-caption\">Henry Weckstr\u00f6min hittivideolla on jo 1,9 miljoonaa katselukertaa. Kuva:\u00a0Eriika Ahopelto \/ Aamulehti<\/p>\n<p class=\"article-body mb-nof-24 px-nof-16\">Weksi kertoo dokumentissaan my\u00f6s t\u00f6ist\u00e4\u00e4n niin vakuutusyhti\u00f6ss\u00e4 kuin yritt\u00e4j\u00e4n\u00e4.<\/p>\n<p class=\"article-body mb-nof-24 px-nof-16\">H\u00e4n teki t\u00f6it\u00e4 sanalla sanoen hullun lailla, k\u00e4yt\u00e4nn\u00f6ss\u00e4 koko valveillaoloaikansa ja 7 p\u00e4iv\u00e4\u00e4 viikossa.<\/p>\n<p class=\"article-body mb-nof-24 px-nof-16\">Tulosta syntyi ainakin jossain m\u00e4\u00e4rin. H\u00e4n kertoo, ett\u00e4 perusti yst\u00e4v\u00e4ns\u00e4 <a class=\"article-personlink\" href=\"https:\/\/www.is.fi\/haku\/?query=Kimmon\" rel=\"nofollow noopener\" target=\"_blank\">Kimmon<\/a> kanssa yrityksen, joka myi LED-lamppuja Hollywoodiin asti. Lis\u00e4ksi he lanseerasivat langattomat kuulokkeet.<\/p>\n<p class=\"article-body mb-nof-24 px-nof-16\">Weksi kertoo, ett\u00e4 lanseeraus tapahtui vain v\u00e4h\u00e4n sen j\u00e4lkeen, kun Apple oli julkaissut langattomat Airpod-kuulokkeensa. Airpodit julkaistiin vuonna 2016.<\/p>\n<p class=\"article-body mb-nof-24 px-nof-16\">IS selvitti viel\u00e4 Weckstr\u00f6min tuloja edelliselt\u00e4 vuosikymmenelt\u00e4. Ne ovat 2020-lukua laihemmat.<\/p>\n<p class=\"article-body mb-nof-24 px-nof-16\">Vuonna 2016 mies tienasi 11\u202f135 euroa, vuonna 2017 15\u202f467 euroa, vuonna 2018 27\u202f506 ja vuonna 2019 19\u202f022 euroa.<\/p>\n<p class=\"article-body mb-nof-24 px-nof-16\">Somessa mies eli kuitenkin luksusel\u00e4m\u00e4\u00e4. Oli urheiluautoja ja eksoottisia matkoja, joilla poseerattiin niin muskeliveneen kuin vesiskootterin kyydiss\u00e4.<\/p>\n<p class=\"article-body mb-nof-24 px-nof-16\">Kaiken keskell\u00e4 h\u00e4n oli yksin\u00e4inen. Ty\u00f6t olivat vieneet kaiken ajan yst\u00e4vilt\u00e4. H\u00e4n yritti korjata tilannetta t\u00f6rs\u00e4\u00e4m\u00e4ll\u00e4.<\/p>\n<p class=\"article-body mb-nof-24 px-nof-16\">\u2013 M\u00e4 ajattelin, ett\u00e4 m\u00e4 voin ostaa itselleni onnellisuuden. Ei se haittaa, jos m\u00e4 oon yksin\u00e4inen, kun mulla on kaikkea siisti\u00e4, Weksi miettii dokumentissa.<\/p>\n<p class=\"article-body mb-nof-24 px-nof-16\">Totuus oli toinen niin materiaalisessa kuin henkisess\u00e4 mieless\u00e4.<\/p>\n<p class=\"article-body mb-nof-24 px-nof-16\">\u2013 Raha ja materia tekiv\u00e4t minusta vain entist\u00e4 yksin\u00e4isemm\u00e4n, h\u00e4n my\u00f6nt\u00e4\u00e4.<\/p>\n","protected":false},"excerpt":{"rendered":"Riipaisevalla videollaan huomiota her\u00e4tt\u00e4nyt Weksi, eli Henry Weckstr\u00f6m, k\u00e4ytti videoprojektiinsa suuren osan tuloistaan. Tubettaja Weksi eli Henry Weckstr\u00f6m&hellip;\n","protected":false},"author":2,"featured_media":107601,"comment_status":"","ping_status":"","sticky":false,"template":"","format":"standard","meta":{"footnotes":""},"categories":[5],"tags":[22,23,26,27,33,31,30,17,34,24,25,28,29,15,18,21,32,19,20,16],"class_list":{"0":"post-107600","1":"post","2":"type-post","3":"status-publish","4":"format-standard","5":"has-post-thumbnail","7":"category-otsikot","8":"tag-breaking-news","9":"tag-breakingnews","10":"tag-featured-news","11":"tag-featurednews","12":"tag-fi","13":"tag-finland","14":"tag-finnish","15":"tag-headlines","16":"tag-ilta-sanomat","17":"tag-latest-news","18":"tag-latestnews","19":"tag-main-news","20":"tag-mainnews","21":"tag-news","22":"tag-otsikot","23":"tag-paauutiset","24":"tag-suomi","25":"tag-top-stories","26":"tag-topstories","27":"tag-uutiset"},"share_on_mastodon":{"url":"https:\/\/pubeurope.com\/@fi\/115661820766658112","error":""},"_links":{"self":[{"href":"https:\/\/www.europesays.com\/fi\/wp-json\/wp\/v2\/posts\/107600","targetHints":{"allow":["GET"]}}],"collection":[{"href":"https:\/\/www.europesays.com\/fi\/wp-json\/wp\/v2\/posts"}],"about":[{"href":"https:\/\/www.europesays.com\/fi\/wp-json\/wp\/v2\/types\/post"}],"author":[{"embeddable":true,"href":"https:\/\/www.europesays.com\/fi\/wp-json\/wp\/v2\/users\/2"}],"replies":[{"embeddable":true,"href":"https:\/\/www.europesays.com\/fi\/wp-json\/wp\/v2\/comments?post=107600"}],"version-history":[{"count":0,"href":"https:\/\/www.europesays.com\/fi\/wp-json\/wp\/v2\/posts\/107600\/revisions"}],"wp:featuredmedia":[{"embeddable":true,"href":"https:\/\/www.europesays.com\/fi\/wp-json\/wp\/v2\/media\/107601"}],"wp:attachment":[{"href":"https:\/\/www.europesays.com\/fi\/wp-json\/wp\/v2\/media?parent=107600"}],"wp:term":[{"taxonomy":"category","embeddable":true,"href":"https:\/\/www.europesays.com\/fi\/wp-json\/wp\/v2\/categories?post=107600"},{"taxonomy":"post_tag","embeddable":true,"href":"https:\/\/www.europesays.com\/fi\/wp-json\/wp\/v2\/tags?post=107600"}],"curies":[{"name":"wp","href":"https:\/\/api.w.org\/{rel}","templated":true}]}}