{"id":107606,"date":"2025-12-04T14:57:11","date_gmt":"2025-12-04T14:57:11","guid":{"rendered":"https:\/\/www.europesays.com\/fi\/107606\/"},"modified":"2025-12-04T14:57:11","modified_gmt":"2025-12-04T14:57:11","slug":"monster-mies-teki-muotimaailmaan-sijoittuvan-kuuman-k18-trillerin-kaynnistyy-heti-ensi-vuoden-alussa","status":"publish","type":"post","link":"https:\/\/www.europesays.com\/fi\/107606\/","title":{"rendered":"Monster-mies teki muotimaailmaan sijoittuvan kuuman K18-trillerin \u2013 k\u00e4ynnistyy heti ensi vuoden alussa"},"content":{"rendered":"<p>Monster-sarjan luoja <strong>Ryan Murphy<\/strong> on tehnyt uuden alle 18-vuotiailta kielletyn j\u00e4nn\u00e4risarjan.<\/p>\n<p>Disney Plussan tulevaa The Beauty -sarjaa t\u00e4hditt\u00e4v\u00e4t <strong>Evan Peters, Anthony Ramos, Jeremy Pope, Ashton Kutcher<\/strong> ja <strong>Rebecca Hall.<\/strong><\/p>\n<p>Lue my\u00f6s: <a href=\"https:\/\/www.episodi.fi\/uutiset\/monster-sarjan-neljannella-kaudella-nahdaan-suomensukuinen-sarjamurhaaja\/\" title=\"Monster-sarjan nelj\u00e4nnell\u00e4 kaudella n\u00e4hd\u00e4\u00e4n suomensukuinen sarjamurhaaja\" class=\"underline-custom !font-montserrat !font-bold !underline-offset-4 !decoration-4 !decoration-episodi-blue !text-md\" rel=\"nofollow noopener\" target=\"_blank\">Monster-sarjan nelj\u00e4nnell\u00e4 kaudella n\u00e4hd\u00e4\u00e4n suomensukuinen sarjamurhaaja<\/a><\/p>\n<p>Lue my\u00f6s: <a href=\"https:\/\/www.episodi.fi\/uutiset\/bret-easton-ellisin-romaaniin-pohjautuva-sarjamurhaajasarja-sai-uuden-tiimin-projekti-on-hyvissa-kasissa-ja-nayttelijajoukko-kasvaa\/\" title=\"Bret Easton Ellisin romaaniin pohjautuva sarjamurhaajasarja sai uuden tiimin \u2013\u00a0Projekti on hyviss\u00e4 k\u00e4siss\u00e4 ja n\u00e4yttelij\u00e4joukko kasvaa\" class=\"underline-custom !font-montserrat !font-bold !underline-offset-4 !decoration-4 !decoration-episodi-blue !text-md\" rel=\"nofollow noopener\" target=\"_blank\">Bret Easton Ellisin romaaniin pohjautuva sarjamurhaajasarja sai uuden tiimin \u2013\u00a0Projekti on hyviss\u00e4 k\u00e4siss\u00e4 ja n\u00e4yttelij\u00e4joukko kasvaa<\/a><\/p>\n<p>Huippumuodin maailma synkkenee, kun kansainv\u00e4lisi\u00e4 supermalleja alkaa kuolla karmivilla ja mystisill\u00e4 tavoilla. FBI-agentit Cooper Madsen (Peters) ja Jordan Bennett (Hall) l\u00e4hetet\u00e4\u00e4n Pariisiin selvitt\u00e4m\u00e4\u00e4n totuutta.<\/p>\n<p>Tutkiessaan tapausta syvemmin, he paljastavat seksist\u00e4 tarttuvan viruksen, joka muuttaa tavalliset ihmiset fyysisen t\u00e4ydellisyyden ilmentymiksi \u2013 mutta hirvitt\u00e4vin seurauksin.<\/p>\n<p>Agentit p\u00e4\u00e4tyv\u00e4t The Corporationin (Kutcher) silm\u00e4tikuiksi. Salaper\u00e4inen teknologiamiljard\u00f6\u00f6ri on salaa kehitt\u00e4nyt ihmel\u00e4\u00e4kkeen nimelt\u00e4 The Beauty, ja on valmis tekem\u00e4\u00e4n mit\u00e4 tahansa suojellakseen biljoonan dollarin valtakuntaansa \u2013 my\u00f6s p\u00e4\u00e4st\u00e4m\u00e4\u00e4n valloilleen tappavan alaisensa, The Assassinin (Ramos).<\/p>\n<p>Epidemian levitess\u00e4 Jeremy (Pope) tempautuu kaaoksen keskelle etsiess\u00e4\u00e4n tarkoitusta. Samaan aikaan agentit kiit\u00e4v\u00e4t Pariisin, Venetsian, Rooman ja New Yorkin halki pys\u00e4ytt\u00e4\u00e4kseen uhan, joka pystyy muuttaa ihmiskunnan tulevaisuuden.<\/p>\n<p>Vierailijoina n\u00e4hd\u00e4\u00e4n muun muassa <strong>Amelia Gray Hamlin, Ari Graynor, Bella Hadid, Ben Platt, Billy Eichner, Isabella Rossellini, Jaquel Spivey, Jessica Alexander, Jon Jon Briones, John Carroll Lynch, Julie Halston, Lux Pascal, Meghan Trainor, Nicola Peltz Beckham, Peter Gallagher<\/strong> ja <strong>Vincent D\u2019Onofrio.<\/strong><\/p>\n<p>The Beauty on katsottavissa Disney Plussassa 22. tammikuuta alkaen.<\/p>\n<p>Sarja k\u00e4ynnistyy kolmella jaksolla. Uudet jaksot 11-osaisesta ensimm\u00e4isest\u00e4 kaudesta julkaistaan torstaisin. Nelj\u00e4 viimeist\u00e4 osaa julkaistaan tuplajaksoina.<\/p>\n<p>Alla juliste.<\/p>\n<p><img loading=\"lazy\" height=\"810\" width=\"648\" class=\"wp-image-249570 sp-no-webp perfmatters-lazy\" alt=\"\" decoding=\"async\" src=\"https:\/\/www.europesays.com\/fi\/wp-content\/uploads\/2025\/12\/beauty-the-season1-fi-648x810.jpg\"  data-\/> <\/p>\n<p>Lue my\u00f6s: <a href=\"https:\/\/www.episodi.fi\/uutiskirje\/?uutiskirjemainos=tekstilinkkimainos\" title=\"Tilaa Episodin uutiskirje ja voit voittaa leffalippuja! Nappaa tv-vinkit suoraan s\u00e4hk\u00f6postiin t\u00e4st\u00e4.\" class=\"underline-custom !font-montserrat !font-bold !underline-offset-4 !decoration-4 !decoration-episodi-blue !text-md\" rel=\"nofollow noopener\" target=\"_blank\">Tilaa Episodin uutiskirje ja voit voittaa leffalippuja! Nappaa katseluvinkit suoraan s\u00e4hk\u00f6postiin t\u00e4st\u00e4.<\/a><\/p>\n","protected":false},"excerpt":{"rendered":"Monster-sarjan luoja Ryan Murphy on tehnyt uuden alle 18-vuotiailta kielletyn j\u00e4nn\u00e4risarjan. Disney Plussan tulevaa The Beauty -sarjaa t\u00e4hditt\u00e4v\u00e4t&hellip;\n","protected":false},"author":2,"featured_media":107607,"comment_status":"","ping_status":"","sticky":false,"template":"","format":"standard","meta":{"footnotes":""},"categories":[131],"tags":[566,155,137,33,173,31,30,172,10164,32,20216,12276,109],"class_list":{"0":"post-107606","1":"post","2":"type-post","3":"status-publish","4":"format-standard","5":"has-post-thumbnail","7":"category-elokuvat","8":"tag-disney-plus","9":"tag-elokuvat","10":"tag-entertainment","11":"tag-fi","12":"tag-film","13":"tag-finland","14":"tag-finnish","15":"tag-movies","16":"tag-ryan-murphy","17":"tag-suomi","18":"tag-the-beauty","19":"tag-trilleri","20":"tag-viihde"},"share_on_mastodon":{"url":"https:\/\/pubeurope.com\/@fi\/115661887886175050","error":""},"_links":{"self":[{"href":"https:\/\/www.europesays.com\/fi\/wp-json\/wp\/v2\/posts\/107606","targetHints":{"allow":["GET"]}}],"collection":[{"href":"https:\/\/www.europesays.com\/fi\/wp-json\/wp\/v2\/posts"}],"about":[{"href":"https:\/\/www.europesays.com\/fi\/wp-json\/wp\/v2\/types\/post"}],"author":[{"embeddable":true,"href":"https:\/\/www.europesays.com\/fi\/wp-json\/wp\/v2\/users\/2"}],"replies":[{"embeddable":true,"href":"https:\/\/www.europesays.com\/fi\/wp-json\/wp\/v2\/comments?post=107606"}],"version-history":[{"count":0,"href":"https:\/\/www.europesays.com\/fi\/wp-json\/wp\/v2\/posts\/107606\/revisions"}],"wp:featuredmedia":[{"embeddable":true,"href":"https:\/\/www.europesays.com\/fi\/wp-json\/wp\/v2\/media\/107607"}],"wp:attachment":[{"href":"https:\/\/www.europesays.com\/fi\/wp-json\/wp\/v2\/media?parent=107606"}],"wp:term":[{"taxonomy":"category","embeddable":true,"href":"https:\/\/www.europesays.com\/fi\/wp-json\/wp\/v2\/categories?post=107606"},{"taxonomy":"post_tag","embeddable":true,"href":"https:\/\/www.europesays.com\/fi\/wp-json\/wp\/v2\/tags?post=107606"}],"curies":[{"name":"wp","href":"https:\/\/api.w.org\/{rel}","templated":true}]}}