{"id":107608,"date":"2025-12-04T14:59:10","date_gmt":"2025-12-04T14:59:10","guid":{"rendered":"https:\/\/www.europesays.com\/fi\/107608\/"},"modified":"2025-12-04T14:59:10","modified_gmt":"2025-12-04T14:59:10","slug":"pelko-hiipii-mita-donald-trumpin-kanssa-tapahtuu-perjantaina","status":"publish","type":"post","link":"https:\/\/www.europesays.com\/fi\/107608\/","title":{"rendered":"Pelko hiipii \u2013 mit\u00e4 Donald Trumpin kanssa tapahtuu perjantaina?"},"content":{"rendered":"<p>Jalkapallo|Donald Trumpin pel\u00e4t\u00e4\u00e4n viev\u00e4n kohtuuttomasti huomiota MM-kisojen lohkoarvonnoissa.<\/p>\n<p class=\"article-body mb-nof-24 px-nof-16\">Norjalainen asiantuntija <a class=\"article-personlink\" href=\"https:\/\/www.hs.fi\/haku\/?query=Jan%20Petter%20Saltvedt\" rel=\"nofollow noopener\" target=\"_blank\">Jan Petter Saltvedt<\/a> on huolissaan siit\u00e4, millainen tapahtuma jalkapallon miesten MM-kisojen lohkoarvontatilaisuudesta tulee perjantaina John F. Kennedy Centeriss\u00e4 Washington DC:ss\u00e4.<\/p>\n<p class=\"article-body mb-nof-24 px-nof-16\">Huomion pel\u00e4t\u00e4\u00e4n ker\u00e4\u00e4ntyv\u00e4n suhteettoman paljon Kansainv\u00e4lisen jalkapalloliiton Fifan jakamalle rauhanpalkinnolle.<\/p>\n<p class=\"article-body mb-nof-24 px-nof-16\">Palkinnon varmana saajana pidet\u00e4\u00e4n Yhdysvaltain presidentti\u00e4 <a class=\"article-personlink\" href=\"https:\/\/www.hs.fi\/haku\/?query=Donald%20Trumpia\" rel=\"nofollow noopener\" target=\"_blank\">Donald Trumpia<\/a>. Kyseess\u00e4 on monien arvioiden mukaan Fifan puheenjohtajan <a class=\"article-personlink\" href=\"https:\/\/www.hs.fi\/haku\/?query=Gianni%20Infantinon\" rel=\"nofollow noopener\" target=\"_blank\">Gianni Infantinon<\/a> mielistely Trumpia kohtaan, sill\u00e4 Fifa ei ole aikaisemmin jakanut rauhanpalkintoa.<\/p>\n<p class=\"article-body mb-nof-24 px-nof-16\">Trump pettyi aikaisemmin t\u00e4n\u00e4 vuonna pahasti, kun Nobelin rauhanpalkinto my\u00f6nnettiin venezuelalaiselle poliitikolle <a class=\"article-personlink\" href=\"https:\/\/www.hs.fi\/haku\/?query=Mar%C3%ADa%20Corina%20Machadolle\" rel=\"nofollow noopener\" target=\"_blank\">Mar\u00eda Corina Machadolle<\/a>, eik\u00e4 h\u00e4nelle.<\/p>\n<p class=\"article-body mb-nof-24 px-nof-16\">NRK:n asiantuntija Saltvedt pelk\u00e4\u00e4 teenn\u00e4isen rauhanpalkinnon viev\u00e4n huomiota itse arvonnoilta, joita seuraa l\u00e4hes koko jalkapallomaailma.<\/p>\n<p class=\"article-body mb-nof-24 px-nof-16\">\u201dEn usko, ett\u00e4 kenellek\u00e4\u00e4n on ep\u00e4selv\u00e4\u00e4, miksi t\u00e4llainen palkinto on perustettu ja kenelle se annetaan. Monet olisivat varmasti valmiit j\u00e4tt\u00e4m\u00e4\u00e4n t\u00e4m\u00e4n v\u00e4liin. Odotan mielenkiinnolla, ett\u00e4 miten absurdi tilaisuudesta tulee\u201d, Saltvedt sanoi <a class=\"article-genericlink\" href=\"https:\/\/www.dagbladet.no\/sport\/jeg-er-redd\/83936170\" rel=\"nofollow noopener\" target=\"_blank\">Dagbladetille<\/a>.<\/p>\n<p class=\"article-body mb-nof-24 px-nof-16\">Arvontatilaisuuden keski\u00f6ss\u00e4 paistattelee Infantino, joka on luonut l\u00e4heiset v\u00e4lit presidentti Trumpiin.<\/p>\n<p class=\"article-body mb-nof-24 px-nof-16\">Norjalaisasiantuntijan mukaan Infantino on haistanut taitavasti v\u00e4yl\u00e4n p\u00e4\u00e4st\u00e4 maailman vaikutusvaltaisimman miehen eli Trumpin l\u00e4helle.<\/p>\n<p class=\"article-body mb-nof-24 px-nof-16\">Jalkapallon miesten MM-kisat pelataan ensi kes\u00e4n\u00e4 Yhdysvalloissa, Kanadassa ja Meksikossa. Kisat alkavat 11. kes\u00e4kuuta ja huipentuvat 19. hein\u00e4kuuta pelattavaan loppuotteluun.<\/p>\n<p class=\"article-body mb-nof-24 px-nof-16\">Kisoihin osallistuu enn\u00e4tykselliset 48 maata. N\u00e4m\u00e4 arvotaan perjantaina 12:een alkulohkoon. Kussakin lohkossa pelaa nelj\u00e4 maata.<\/p>\n<p class=\"article-body mb-nof-24 px-nof-16\">Washingtonin Kennedy Centeriss\u00e4 j\u00e4rjestett\u00e4v\u00e4 arvontatilaisuus alkaa perjantaina Suomen aikaa kello 19. Yle Areena n\u00e4ytt\u00e4\u00e4 tilaisuuden kello 18.55 alkaen.<\/p>\n<p class=\"article-body mb-nof-24 px-nof-16\">Arvontatilaisuuden esiintyjien joukossa on discolegenda Village People, jonka hittikappaleen YMCA <a class=\"article-personlink\" href=\"https:\/\/www.hs.fi\/haku\/?query=Donald%20Trump\" rel=\"nofollow noopener\" target=\"_blank\">Donald Trump<\/a> on napannut omaksi tunnuslaulukseen.<\/p>\n","protected":false},"excerpt":{"rendered":"Jalkapallo|Donald Trumpin pel\u00e4t\u00e4\u00e4n viev\u00e4n kohtuuttomasti huomiota MM-kisojen lohkoarvonnoissa. Norjalainen asiantuntija Jan Petter Saltvedt on huolissaan siit\u00e4, millainen tapahtuma&hellip;\n","protected":false},"author":2,"featured_media":107609,"comment_status":"","ping_status":"","sticky":false,"template":"","format":"standard","meta":{"footnotes":""},"categories":[158],"tags":[33,31,30,46,159,32,160],"class_list":{"0":"post-107608","1":"post","2":"type-post","3":"status-publish","4":"format-standard","5":"has-post-thumbnail","7":"category-urheilu","8":"tag-fi","9":"tag-finland","10":"tag-finnish","11":"tag-helsingin-sanomat","12":"tag-sports","13":"tag-suomi","14":"tag-urheilu"},"share_on_mastodon":{"url":"https:\/\/pubeurope.com\/@fi\/115661895590038358","error":""},"_links":{"self":[{"href":"https:\/\/www.europesays.com\/fi\/wp-json\/wp\/v2\/posts\/107608","targetHints":{"allow":["GET"]}}],"collection":[{"href":"https:\/\/www.europesays.com\/fi\/wp-json\/wp\/v2\/posts"}],"about":[{"href":"https:\/\/www.europesays.com\/fi\/wp-json\/wp\/v2\/types\/post"}],"author":[{"embeddable":true,"href":"https:\/\/www.europesays.com\/fi\/wp-json\/wp\/v2\/users\/2"}],"replies":[{"embeddable":true,"href":"https:\/\/www.europesays.com\/fi\/wp-json\/wp\/v2\/comments?post=107608"}],"version-history":[{"count":0,"href":"https:\/\/www.europesays.com\/fi\/wp-json\/wp\/v2\/posts\/107608\/revisions"}],"wp:featuredmedia":[{"embeddable":true,"href":"https:\/\/www.europesays.com\/fi\/wp-json\/wp\/v2\/media\/107609"}],"wp:attachment":[{"href":"https:\/\/www.europesays.com\/fi\/wp-json\/wp\/v2\/media?parent=107608"}],"wp:term":[{"taxonomy":"category","embeddable":true,"href":"https:\/\/www.europesays.com\/fi\/wp-json\/wp\/v2\/categories?post=107608"},{"taxonomy":"post_tag","embeddable":true,"href":"https:\/\/www.europesays.com\/fi\/wp-json\/wp\/v2\/tags?post=107608"}],"curies":[{"name":"wp","href":"https:\/\/api.w.org\/{rel}","templated":true}]}}