{"id":107620,"date":"2025-12-04T15:06:12","date_gmt":"2025-12-04T15:06:12","guid":{"rendered":"https:\/\/www.europesays.com\/fi\/107620\/"},"modified":"2025-12-04T15:06:12","modified_gmt":"2025-12-04T15:06:12","slug":"sahkon-hinta-nousee-huomenna-harvinaiselle-tasolle","status":"publish","type":"post","link":"https:\/\/www.europesays.com\/fi\/107620\/","title":{"rendered":"S\u00e4hk\u00f6n hinta nousee huomenna harvinaiselle tasolle"},"content":{"rendered":"<p>Perjantaina n\u00e4hd\u00e4\u00e4n aamup\u00e4iv\u00e4ll\u00e4 selke\u00e4 hintapiikki, kun p\u00f6rssis\u00e4hk\u00f6n hinta ylitt\u00e4\u00e4 21 sentti\u00e4 kilowattitunnilta. T\u00e4llainen hintataso on harvinainen.<\/p>\n<p><img decoding=\"async\" class=\"image image-show image-preview\" src=\"https:\/\/www.europesays.com\/fi\/wp-content\/uploads\/2025\/12\/8fc5f7fbab1ad652763974a2bbb020e30bda0f87cc8cb344132decc3fa9f45df.jpg\" alt=\"\"\/><img decoding=\"async\" class=\"image image-show\" src=\"https:\/\/www.europesays.com\/fi\/wp-content\/uploads\/2025\/12\/1764860772_963_8fc5f7fbab1ad652763974a2bbb020e30bda0f87cc8cb344132decc3fa9f45df.jpg\" alt=\"\"\/><\/p>\n<p>Kallista s\u00e4hk\u00f6\u00e4. P\u00f6rssis\u00e4hk\u00f6n keskim\u00e4\u00e4r\u00e4inen tuntihinta nousee perjantaina korkealle tasolle. Karoliina Vuorenm\u00e4ki<\/p>\n<p class=\"paragraph\">P\u00f6rssis\u00e4hk\u00f6n keskim\u00e4\u00e4r\u00e4inen tuntihinta kuluttajille (sis. alv 25,5 prosenttia) nousee perjantaina korkealle tasolle. P\u00e4iv\u00e4n korkein tuntihinta on 21,6 sentti\u00e4 kilowattitunnilta, ja se saavutetaan aamulla kello 9.<\/p>\n<p class=\"paragraph\">Yli 20 sentin tuntihinnat ovat harvinaisia, sill\u00e4 vastaavia hintatasoja esiintyy vain noin seitsem\u00e4n prosenttia ajasta. Perjantain huippuhinta on moninkertainen verrattuna tyypilliseen noin nelj\u00e4n sentin tuntihintaan.<\/p>\n<p class=\"paragraph\">Artikkelissa ilmoitetut tuntihinnat ovat keskiarvoja, jotka on laskettu jokaisen tunnin nelj\u00e4st\u00e4 nelj\u00e4nnestuntihinnasta. S\u00e4hk\u00f6p\u00f6rssi Nord Pool siirtyi lokakuun 2025 alusta 15 minuutin hinnoitteluun.<\/p>\n<p class=\"paragraph\">My\u00f6s torstaina s\u00e4hk\u00f6n hinta on ollut korkea. Hinta on pysytellyt iltap\u00e4iv\u00e4n tunteina yli 17 sentiss\u00e4 kilowattitunnilta, mutta j\u00e4\u00e4 selv\u00e4sti perjantain huippulukemista.<\/p>\n<p class=\"paragraph\">Kirjoituksen on laatinut hintatietojen pohjalta teko\u00e4ly. Tekstin on tarkastanut ja editoinut toimittaja. Hintatiedot ovat s\u00e4hk\u00f6p\u00f6rssi Nord Poolin hintanoteerauksia. Niihin on lis\u00e4tty arvonlis\u00e4vero 25,5 prosenttia. Historialliset vertailutiedot on laskettu marraskuun 2022 ja toukokuun 2025 v\u00e4lisen ajan hintatietojen perusteella.<\/p>\n","protected":false},"excerpt":{"rendered":"Perjantaina n\u00e4hd\u00e4\u00e4n aamup\u00e4iv\u00e4ll\u00e4 selke\u00e4 hintapiikki, kun p\u00f6rssis\u00e4hk\u00f6n hinta ylitt\u00e4\u00e4 21 sentti\u00e4 kilowattitunnilta. T\u00e4llainen hintataso on harvinainen. Kallista s\u00e4hk\u00f6\u00e4.&hellip;\n","protected":false},"author":2,"featured_media":107621,"comment_status":"","ping_status":"","sticky":false,"template":"","format":"standard","meta":{"footnotes":""},"categories":[5],"tags":[22,23,124,1628,26,27,33,31,30,17,24,25,28,29,15,18,21,721,6543,2408,32,19,20,16],"class_list":{"0":"post-107620","1":"post","2":"type-post","3":"status-publish","4":"format-standard","5":"has-post-thumbnail","7":"category-otsikot","8":"tag-breaking-news","9":"tag-breakingnews","10":"tag-energia-sektori","11":"tag-energia-ja-energiavarat","12":"tag-featured-news","13":"tag-featurednews","14":"tag-fi","15":"tag-finland","16":"tag-finnish","17":"tag-headlines","18":"tag-latest-news","19":"tag-latestnews","20":"tag-main-news","21":"tag-mainnews","22":"tag-news","23":"tag-otsikot","24":"tag-paauutiset","25":"tag-rahoitus","26":"tag-rahoitusjarjestelmat","27":"tag-rahoitusmarkkinat","28":"tag-suomi","29":"tag-top-stories","30":"tag-topstories","31":"tag-uutiset"},"share_on_mastodon":{"url":"https:\/\/pubeurope.com\/@fi\/115661922890612604","error":""},"_links":{"self":[{"href":"https:\/\/www.europesays.com\/fi\/wp-json\/wp\/v2\/posts\/107620","targetHints":{"allow":["GET"]}}],"collection":[{"href":"https:\/\/www.europesays.com\/fi\/wp-json\/wp\/v2\/posts"}],"about":[{"href":"https:\/\/www.europesays.com\/fi\/wp-json\/wp\/v2\/types\/post"}],"author":[{"embeddable":true,"href":"https:\/\/www.europesays.com\/fi\/wp-json\/wp\/v2\/users\/2"}],"replies":[{"embeddable":true,"href":"https:\/\/www.europesays.com\/fi\/wp-json\/wp\/v2\/comments?post=107620"}],"version-history":[{"count":0,"href":"https:\/\/www.europesays.com\/fi\/wp-json\/wp\/v2\/posts\/107620\/revisions"}],"wp:featuredmedia":[{"embeddable":true,"href":"https:\/\/www.europesays.com\/fi\/wp-json\/wp\/v2\/media\/107621"}],"wp:attachment":[{"href":"https:\/\/www.europesays.com\/fi\/wp-json\/wp\/v2\/media?parent=107620"}],"wp:term":[{"taxonomy":"category","embeddable":true,"href":"https:\/\/www.europesays.com\/fi\/wp-json\/wp\/v2\/categories?post=107620"},{"taxonomy":"post_tag","embeddable":true,"href":"https:\/\/www.europesays.com\/fi\/wp-json\/wp\/v2\/tags?post=107620"}],"curies":[{"name":"wp","href":"https:\/\/api.w.org\/{rel}","templated":true}]}}