{"id":107624,"date":"2025-12-04T15:23:10","date_gmt":"2025-12-04T15:23:10","guid":{"rendered":"https:\/\/www.europesays.com\/fi\/107624\/"},"modified":"2025-12-04T15:23:10","modified_gmt":"2025-12-04T15:23:10","slug":"viela-hetken-ilmaiskatselussa-ridley-scottin-tuottamassa-tieteiselokuvassa-on-kaikki-tunteet-kielletty","status":"publish","type":"post","link":"https:\/\/www.europesays.com\/fi\/107624\/","title":{"rendered":"Viel\u00e4 hetken ilmaiskatselussa: Ridley Scottin tuottamassa tieteiselokuvassa on kaikki tunteet kielletty"},"content":{"rendered":"<p>Tulevaisuuden yhteiskunnassa kaikki tunteet rakkaudesta vihaan ja suruun on tukahdutettu. T\u00e4m\u00e4 on saavutettu geenitekniikan ja teknologian avulla, jotta ihmiset voisivat el\u00e4\u00e4 tasapainoisesti ja ilman konflikteja.<\/p>\n<p>T\u00e4ss\u00e4 kylm\u00e4ss\u00e4 ja emotionaalisesti t\u00e4ysin tyhj\u00e4ss\u00e4 maailmassa kahden nuoren v\u00e4lille alkaa kehitty\u00e4 vahvoja tunteita toisiaan kohtaan. Tunteiden her\u00e4\u00e4minen on kuitenkin vaarallista, ja asian paljastumisella voi olla tuhoisat seuraukset.<\/p>\n<p>Equals (2015) on dystooppinen tieteiselokuva, jonka p\u00e4\u00e4osissa ovat <strong>Nicholas Hoult<\/strong> ja<strong> Kristen Stewart<\/strong>. Draamaa ja romantiikkaa yhdist\u00e4v\u00e4, visuaalisesti tyylik\u00e4s elokuva etenee rauhallisesti ja her\u00e4tt\u00e4\u00e4 kysymyksi\u00e4 siit\u00e4, kuinka paljon ihmisen emotionaalista el\u00e4m\u00e4n rikkautta voidaan rajoittaa ilman, ett\u00e4 se vaikuttaa h\u00e4nen inhimillisyytens\u00e4 ytimeen. Elokuvan ohjasi <strong>Drake Doremus<\/strong>, ja yhten\u00e4 tuottajista toimi <strong>Ridley Scott<\/strong>.<\/p>\n<p>T\u00e4m\u00e4n persoonallisen elokuvan voi katsoa viel\u00e4 hetken aikaa ilmaiseksi Rakuten TV:ss\u00e4. Suoratoistoon on valittavissa suomenkielinen tekstitys ja \u00e4\u00e4niraidaksi joko 5.1 tai 2.0.<\/p>\n<p>Lue my\u00f6s: <a href=\"https:\/\/www.episodi.fi\/uutiset\/nyt-ilmaiskatselussa-isa-ja-poika-vaarallisella-roadtripilla-mukana-sarmikas-udo-kier\/\" title=\"Nyt ilmaiskatselussa: Is\u00e4 ja poika vaarallisella roadtripill\u00e4 \u2013 mukana s\u00e4rmik\u00e4s Udo Kier\" class=\"underline-custom !font-montserrat !font-bold !underline-offset-4 !decoration-4 !decoration-episodi-blue !text-md\" rel=\"nofollow noopener\" target=\"_blank\">Nyt ilmaiskatselussa: Is\u00e4 ja poika vaarallisella roadtripill\u00e4 \u2013 mukana s\u00e4rmik\u00e4s Udo Kier<\/a><\/p>\n<p>Katso\u00a0Equals\u00a0<a href=\"https:\/\/www.rakuten.tv\/fi?content_type=movies&amp;content_id=equals\" target=\"_blank\" rel=\"noreferrer noopener nofollow\">t\u00e4\u00e4ll\u00e4<\/a>. Elokuvan ik\u00e4raja on K-12 ja sen kesto oli Episodin katselussa 112 minuuttia mainoksien kera. Huomioi, ett\u00e4 mainoksien m\u00e4\u00e4r\u00e4 voi vaihdella katselukohtaisesti.<\/p>\n<p>Alla Suomessa DVD:ll\u00e4 julkaistun elokuvan traileri.<\/p>\n<p><img loading=\"lazy\" decoding=\"async\" alt=\"YouTube video\" width=\"480\" height=\"360\" data-pin-nopin=\"true\" nopin=\"nopin\" class=\"perfmatters-lazy\" src=\"https:\/\/www.europesays.com\/fi\/wp-content\/uploads\/2025\/12\/1764861790_2_hqdefault.jpg\"\/><\/p>\n<p>Lue my\u00f6s: <a href=\"https:\/\/www.episodi.fi\/uutiset\/viela-hetken-ilmaiskatselussa-salattu-avaruuslento-muuttuu-painajaiseksi\/\" title=\"Viel\u00e4 hetken ilmaiskatselussa: Salattu avaruuslento muuttuu painajaiseksi\" class=\"underline-custom !font-montserrat !font-bold !underline-offset-4 !decoration-4 !decoration-episodi-blue !text-md\" rel=\"nofollow noopener\" target=\"_blank\">Viel\u00e4 hetken ilmaiskatselussa: Salattu avaruuslento muuttuu painajaiseksi<\/a><\/p>\n<p>Lue my\u00f6s: <a href=\"https:\/\/www.episodi.fi\/uutiset\/kulttihetki-ilmaiskatselussa-70-luvun-camp-klassikko-hyytelohirmu-kauhistuttaa-pikkukaupunkia\/\" title=\"Kulttihetki: Ilmaiskatselussa 70-luvun camp-klassikko \u2013 hyytel\u00f6hirmu kauhistuttaa pikkukaupunkia\" class=\"underline-custom !font-montserrat !font-bold !underline-offset-4 !decoration-4 !decoration-episodi-blue !text-md\" rel=\"nofollow noopener\" target=\"_blank\">Kulttihetki: Ilmaiskatselussa 70-luvun camp-klassikko \u2013 hyytel\u00f6hirmu kauhistuttaa pikkukaupunkia<\/a><\/p>\n<p>Lue my\u00f6s: <a href=\"https:\/\/www.episodi.fi\/uutiset\/nyt-ilmaiskatselussa-kirpputoriloyto-muuttuu-painajaiseksi-demoni-valtaa-pienen-tyton\/\" title=\"Nyt ilmaiskatselussa: Kirpputoril\u00f6yt\u00f6 muuttuu painajaiseksi \u2013 demoni valtaa pienen tyt\u00f6n\" class=\"underline-custom !font-montserrat !font-bold !underline-offset-4 !decoration-4 !decoration-episodi-blue !text-md\" rel=\"nofollow noopener\" target=\"_blank\">Nyt ilmaiskatselussa: Kirpputoril\u00f6yt\u00f6 muuttuu painajaiseksi \u2013 demoni valtaa pienen tyt\u00f6n<\/a><\/p>\n<p>Lue my\u00f6s: <a href=\"https:\/\/www.episodi.fi\/uutiskirje\/?uutiskirjemainos=tekstilinkkimainos\" title=\"Tilaa Episodin uutiskirje ja voit voittaa leffalippuja! Nappaa tv-vinkit suoraan s\u00e4hk\u00f6postiin t\u00e4st\u00e4.\" class=\"underline-custom !font-montserrat !font-bold !underline-offset-4 !decoration-4 !decoration-episodi-blue !text-md\" rel=\"nofollow noopener\" target=\"_blank\">Tilaa Episodin uutiskirje ja voit voittaa leffalippuja! Nappaa katseluvinkit suoraan s\u00e4hk\u00f6postiin t\u00e4st\u00e4.<\/a><\/p>\n<p>\t\t\t<a href=\"https:\/\/www.facebook.com\/sharer\/sharer.php?u=https:\/\/www.episodi.fi\/uutiset\/viela-hetken-ilmaiskatselussa-ridley-scottin-tuottamassa-tieteiselokuvassa-on-kaikki-tunteet-kielletty\/\" target=\"_blank\" class=\"block px-4 py-2 text-sm text-gray-800 border-b hover:bg-gray-200\" rel=\"nofollow noopener\"><\/p>\n<p>\t\t\t\tFacebook<br \/>\n\t\t\t<\/a><br \/>\n\t\t\t<a href=\"https:\/\/twitter.com\/intent\/tweet?text=https:\/\/www.episodi.fi\/uutiset\/viela-hetken-ilmaiskatselussa-ridley-scottin-tuottamassa-tieteiselokuvassa-on-kaikki-tunteet-kielletty\/\" target=\"_blank\" class=\"block px-4 py-2 text-sm text-gray-800 border-b hover:bg-gray-200\" rel=\"nofollow noopener\"><\/p>\n<p>\t\t\t\tTwitter<br \/>\n\t\t\t<\/a><br \/>\n\t\t\t<a href=\"mailto:?subject=Viel\u00e4 hetken ilmaiskatselussa: Ridley Scottin tuottamassa tieteiselokuvassa on kaikki tunteet kielletty&amp;body=https:\/\/www.episodi.fi\/uutiset\/viela-hetken-ilmaiskatselussa-ridley-scottin-tuottamassa-tieteiselokuvassa-on-kaikki-tunteet-kielletty\/\" target=\"_blank\" class=\"block px-4 py-2 text-sm text-gray-800 border-b hover:bg-gray-200\"><\/p>\n<p>\t\t\t\tS\u00e4hk\u00f6posti<\/a><\/p>\n<p>\t\t\t\t<script async src=\"https:\/\/platform.twitter.com\/widgets.js\" charset=\"utf-8\"><\/script><\/p>\n","protected":false},"excerpt":{"rendered":"Tulevaisuuden yhteiskunnassa kaikki tunteet rakkaudesta vihaan ja suruun on tukahdutettu. T\u00e4m\u00e4 on saavutettu geenitekniikan ja teknologian avulla, jotta&hellip;\n","protected":false},"author":2,"featured_media":107625,"comment_status":"","ping_status":"","sticky":false,"template":"","format":"standard","meta":{"footnotes":""},"categories":[131],"tags":[155,137,33,173,31,30,9484,172,216,500,3216,32,109],"class_list":{"0":"post-107624","1":"post","2":"type-post","3":"status-publish","4":"format-standard","5":"has-post-thumbnail","7":"category-elokuvat","8":"tag-elokuvat","9":"tag-entertainment","10":"tag-fi","11":"tag-film","12":"tag-finland","13":"tag-finnish","14":"tag-kristen-stewart","15":"tag-movies","16":"tag-nicholas-hoult","17":"tag-rakuten-tv","18":"tag-ridley-scott","19":"tag-suomi","20":"tag-viihde"},"share_on_mastodon":{"url":"https:\/\/pubeurope.com\/@fi\/115661989904915068","error":""},"_links":{"self":[{"href":"https:\/\/www.europesays.com\/fi\/wp-json\/wp\/v2\/posts\/107624","targetHints":{"allow":["GET"]}}],"collection":[{"href":"https:\/\/www.europesays.com\/fi\/wp-json\/wp\/v2\/posts"}],"about":[{"href":"https:\/\/www.europesays.com\/fi\/wp-json\/wp\/v2\/types\/post"}],"author":[{"embeddable":true,"href":"https:\/\/www.europesays.com\/fi\/wp-json\/wp\/v2\/users\/2"}],"replies":[{"embeddable":true,"href":"https:\/\/www.europesays.com\/fi\/wp-json\/wp\/v2\/comments?post=107624"}],"version-history":[{"count":0,"href":"https:\/\/www.europesays.com\/fi\/wp-json\/wp\/v2\/posts\/107624\/revisions"}],"wp:featuredmedia":[{"embeddable":true,"href":"https:\/\/www.europesays.com\/fi\/wp-json\/wp\/v2\/media\/107625"}],"wp:attachment":[{"href":"https:\/\/www.europesays.com\/fi\/wp-json\/wp\/v2\/media?parent=107624"}],"wp:term":[{"taxonomy":"category","embeddable":true,"href":"https:\/\/www.europesays.com\/fi\/wp-json\/wp\/v2\/categories?post=107624"},{"taxonomy":"post_tag","embeddable":true,"href":"https:\/\/www.europesays.com\/fi\/wp-json\/wp\/v2\/tags?post=107624"}],"curies":[{"name":"wp","href":"https:\/\/api.w.org\/{rel}","templated":true}]}}