{"id":107636,"date":"2025-12-04T15:32:13","date_gmt":"2025-12-04T15:32:13","guid":{"rendered":"https:\/\/www.europesays.com\/fi\/107636\/"},"modified":"2025-12-04T15:32:13","modified_gmt":"2025-12-04T15:32:13","slug":"analyysi-400-kilometrin-tyomatka-kertoo-etatyokeskustelun-ytimesta-silti-jumitamme-toimistopaivien-maaraan-kotimaa","status":"publish","type":"post","link":"https:\/\/www.europesays.com\/fi\/107636\/","title":{"rendered":"Analyysi: 400 kilometrin ty\u00f6matka kertoo et\u00e4ty\u00f6\u00adkeskustelun ytimest\u00e4 \u2013 silti jumitamme toimistop\u00e4ivien m\u00e4\u00e4r\u00e4\u00e4n | Kotimaa"},"content":{"rendered":"<p class=\"aw-1gybjub aw-5vja16 kEtdKx kmuxyA yle__article__paragraph\">Suomessa ajatellaan, ett\u00e4 ihmisen kuuluu menn\u00e4 ty\u00f6n luo. Se johtaa muutto\u00adp\u00e4\u00e4t\u00f6ksiin tai kohtuuttoman pitkiin ty\u00f6matkoihin, kirjoittaa toimittaja Laura Kosonen.<\/p>\n<p><img decoding=\"async\" alt=\"Junan ulkopuolelta otettu kuva, ikkunan takana istuu mies sis\u00e4ll\u00e4 junassa.\" src=\"https:\/\/www.europesays.com\/fi\/wp-content\/uploads\/2025\/12\/39-1562690692e9e4326aa1.jpeg\" class=\"aw-1l9m598 hKVVvP\"\/><\/p>\n<p>Avaa kuvien katselu<\/p>\n<p>Kuntaliiton erityisasiantuntija Olli Riikonen l\u00e4hti Joensuusta ensimm\u00e4isell\u00e4 aamujunalla l\u00e4hit\u00f6ihin Helsinkiin. Kuva: Heikki Haapalainen \/ Yle<img decoding=\"async\" alt=\"Toimittaja Laura Kosonen.\" src=\"https:\/\/www.europesays.com\/fi\/wp-content\/uploads\/2025\/12\/39-1564051693133f34d0c2.jpeg\" class=\"aw-1l9m598 hKVVvP\"\/><\/p>\n<p>16:51\u2022P\u00e4ivitetty 17:12<\/p>\n<p class=\"aw-1gybjub aw-1p7kakr kEtdKx cEmitX yle__article__paragraph\">Keskustelu et\u00e4ty\u00f6st\u00e4 on j\u00e4m\u00e4ht\u00e4nyt juupas\u2013eip\u00e4s-v\u00e4ittelyksi.<\/p>\n<p class=\"aw-1gybjub aw-1p7kakr kEtdKx cEmitX yle__article__paragraph\">Kun jumitumme puhumaan vain pakollisten toimistop\u00e4ivien m\u00e4\u00e4r\u00e4st\u00e4, unohdamme ison kuvan ja paljon mahdollisuuksia.<\/p>\n<p class=\"aw-1gybjub aw-1p7kakr kEtdKx cEmitX yle__article__paragraph\">N\u00e4in huomauttaa<a class=\"aw-iao6s4 iHOxEa yle__article__link\" href=\"https:\/\/yle.fi\/a\/74-20196770\" role=\"link\" rel=\"nofollow noopener\" target=\"_blank\"> Ylen jutussa<\/a> Ty\u00f6el\u00e4m\u00e4n tutkimuskeskuksen johtaja, professori <strong class=\"aw-ak79eh KyCXm yle__article__strong\">Anne M\u00e4kikangas<\/strong> Tampereen yliopistosta.<\/p>\n<p class=\"aw-1gybjub aw-1p7kakr kEtdKx cEmitX yle__article__paragraph\">H\u00e4n kannustaa ty\u00f6paikkoja kokeilemaan rohkeasti uusia k\u00e4yt\u00e4nt\u00f6j\u00e4 ja arvioimaan niiden toimivuutta.<\/p>\n<p class=\"aw-1gybjub aw-1p7kakr kEtdKx cEmitX yle__article__paragraph\">Suomi on pitkien et\u00e4isyyksien maa. Se vaikuttaa v\u00e4ist\u00e4m\u00e4tt\u00e4 my\u00f6s et\u00e4ty\u00f6mahdollisuuksiin. Silti keskustelusta on t\u00e4h\u00e4n asti puuttunut aluepoliittinen n\u00e4k\u00f6kulma.<\/p>\n<p>Koko Suomen asiantuntijat p\u00e4\u00e4kaupunkiseudulla<\/p>\n<p class=\"aw-1gybjub aw-1p7kakr kEtdKx cEmitX yle__article__paragraph\">Jos ja kun ty\u00f6paikat kirist\u00e4v\u00e4t et\u00e4ty\u00f6k\u00e4yt\u00e4nt\u00f6j\u00e4, asiantuntija-ammatit vaativat entist\u00e4 useammin asumista p\u00e4\u00e4kaupunkiseudulla tai suurissa kaupungeissa. Esimerkiksi <a class=\"aw-iao6s4 iHOxEa yle__article__link\" href=\"https:\/\/yle.fi\/a\/74-20195310\" role=\"link\" rel=\"nofollow noopener\" target=\"_blank\">valtionhallinnossa edellytet\u00e4\u00e4n<\/a>, ett\u00e4 jatkossa ty\u00f6ntekij\u00e4 tekee l\u00e4hit\u00f6it\u00e4 12 p\u00e4iv\u00e4\u00e4 kuukaudessa.<\/p>\n<p class=\"aw-1gybjub aw-1p7kakr kEtdKx cEmitX yle__article__paragraph\">Samoilla linjoilla on moni muukin valkokaulusorganisaatio. Muutokset voivat olla dramaattisia yksitt\u00e4isille ty\u00f6ntekij\u00f6ille. Joensuussa asuva Kuntaliiton erityisasiantuntija <strong class=\"aw-ak79eh KyCXm yle__article__strong\">Olli Riikonen<\/strong> <a class=\"aw-iao6s4 iHOxEa yle__article__link\" href=\"https:\/\/yle.fi\/a\/74-20196770\" role=\"link\" rel=\"nofollow noopener\" target=\"_blank\">kertoo Ylen jutussa arjestaan<\/a>. H\u00e4nell\u00e4 on matkaa l\u00e4hit\u00f6ihin yli 400 kilometri\u00e4.<\/p>\n<p class=\"aw-1gybjub aw-1p7kakr kEtdKx cEmitX yle__article__paragraph\">Mit\u00e4 seurauksia on sill\u00e4, jos vaativa asiantuntijaty\u00f6 keskittyy Suomessa p\u00e4\u00e4osin p\u00e4\u00e4kaupunkiseudulle ja edellytt\u00e4\u00e4 asumista siell\u00e4?<\/p>\n<p class=\"aw-1gybjub aw-1p7kakr kEtdKx cEmitX yle__article__paragraph\">Esimerkiksi ministeri\u00f6iss\u00e4 ja valtion virastoissa p\u00e4\u00e4tet\u00e4\u00e4n koko Suomea koskevista asioista. Olisiko eduksi, ett\u00e4 niiss\u00e4 ty\u00f6skentelisi eri puolilla maata asuvia ihmisi\u00e4?<\/p>\n<p>Kuntaliiton erityisasiantuntija Olli Riikonen pit\u00e4\u00e4 hyv\u00e4n\u00e4, ett\u00e4 ty\u00f6yhteis\u00f6 koostuu eri paikkakunnilla asuvista ihmisist\u00e4. Riikonen itse asuu Joensuussa ja k\u00e4y l\u00e4hit\u00f6iss\u00e4 Helsingiss\u00e4. Video: Heikki Haapalainen \/ YleEn\u00e4\u00e4 ei tarvitse siirrell\u00e4 seini\u00e4 tai ihmisi\u00e4<\/p>\n<p class=\"aw-1gybjub aw-1p7kakr kEtdKx cEmitX yle__article__paragraph\">Joku ehk\u00e4 muistaa ajan, jolloin puhuttiin valtion virastojen hajasijoittamisesta ymp\u00e4ri Suomea.<\/p>\n<p class=\"aw-1gybjub aw-1p7kakr kEtdKx cEmitX yle__article__paragraph\">Esimerkiksi l\u00e4\u00e4kealan viraston Fimean siirt\u00e4minen Kuopioon nostatti vuosikausia kest\u00e4neen \u00e4l\u00e4k\u00e4n. Lopulta koko toiminnan siirt\u00e4misest\u00e4 jouduttiin luopumaan, koska henkil\u00f6st\u00f6 ei ollut halukas muuttamaan Helsingist\u00e4 Kuopioon.<\/p>\n<p class=\"aw-1gybjub aw-1p7kakr kEtdKx cEmitX yle__article__paragraph\">Nykyisin ei ole v\u00e4ltt\u00e4m\u00e4t\u00f6nt\u00e4 siirrell\u00e4 seini\u00e4, eik\u00e4 edes ihmisi\u00e4. Korona-aikana happotestatut et\u00e4ty\u00f6ratkaisut toimivat, ja asiantuntijaty\u00f6 on usein paikkariippumatonta.<\/p>\n<p class=\"aw-1gybjub aw-1p7kakr kEtdKx cEmitX yle__article__paragraph\">Professori Anne M\u00e4kikangas ennustaa, ett\u00e4 tulevaisuudessa joustava mahdollisuus et\u00e4t\u00f6ihin on kilpailuvaltti, jolla ty\u00f6nantaja voi houkutella parhaita osaajia. Ty\u00f6terveyslaitoksen erikoistutkija <strong class=\"aw-ak79eh KyCXm yle__article__strong\">Janne Kaltiainen<\/strong> taas muistuttaa,<a class=\"aw-iao6s4 iHOxEa yle__article__link\" href=\"https:\/\/yle.fi\/a\/74-20192329\" role=\"link\" rel=\"nofollow noopener\" target=\"_blank\"> ettei et\u00e4ty\u00f6 ole mustavalkoinen<\/a>, pelk\u00e4st\u00e4\u00e4n hyv\u00e4 tai huono asia.<\/p>\n<p class=\"aw-1gybjub aw-1p7kakr kEtdKx cEmitX yle__article__paragraph\">P\u00e4\u00e4t\u00f6ksi\u00e4 et\u00e4ty\u00f6k\u00e4yt\u00e4nn\u00f6ist\u00e4 on vaikea perustaa tutkittuun tietoon, koska sit\u00e4 on saatavilla vain v\u00e4h\u00e4n. Erityisesti tarvittaisiin tietoa monipaikkaisen ty\u00f6n pitk\u00e4n aikav\u00e4lin vaikutuksista.<\/p>\n<p class=\"aw-1gybjub aw-1p7kakr kEtdKx cEmitX yle__article__paragraph\">Kyse on my\u00f6s Suomen eri alueiden elinvoimasta. Korkeasti koulutetut, ty\u00f6ss\u00e4 k\u00e4yv\u00e4t asiantuntijat ovat arvokkaita veronmaksajia mille tahansa kunnalle. Paikkakunta on el\u00e4v\u00e4inen, jos sen v\u00e4est\u00f6 on mahdollisimman moninainen.<\/p>\n<p><img decoding=\"async\" alt=\"Toimiston keitti\u00f6n yhteydess\u00e4 penkkej\u00e4 ja p\u00f6yti\u00e4.\" src=\"https:\/\/www.europesays.com\/fi\/wp-content\/uploads\/2025\/12\/39-1562283692d8d0b3b5ba.jpeg\" loading=\"lazy\" class=\"aw-1l9m598 hKVVvP\"\/><\/p>\n<p>Avaa kuvien katselu<\/p>\n<p>Pasilan uusi virastokeskus on pian tuhansien valtion ty\u00f6ntekij\u00f6iden konttori. Kuva: Henrietta Hassinen \/ YleEt\u00e4ty\u00f6 ei ole l\u00e4pp\u00e4rin n\u00e4pyttely\u00e4 m\u00f6kkilaiturilla<\/p>\n<p class=\"aw-1gybjub aw-1p7kakr kEtdKx cEmitX yle__article__paragraph\">Et\u00e4ty\u00f6keskustelu kiihtyy helposti ylikierroksille. N\u00e4in k\u00e4vi esimerkiksi Kansanel\u00e4kelaitoksessa. P\u00e4\u00e4johtaja <strong class=\"aw-ak79eh KyCXm yle__article__strong\">Lasse Lehtonen<\/strong> linjasi<a class=\"aw-iao6s4 iHOxEa yle__article__link\" href=\"https:\/\/www.hs.fi\/suomi\/art-2000011592515.html\" role=\"link\" rel=\"nofollow noopener\" target=\"_blank\"> Helsingin Sanomien haastattelussa<\/a>, ettei Kelalla ei ole tarve pit\u00e4\u00e4 henkil\u00f6kunnastaan kiinni viimeiseen asti, jos uudet et\u00e4ty\u00f6k\u00e4yt\u00e4nn\u00f6t eiv\u00e4t miellyt\u00e4.<\/p>\n<p class=\"aw-1gybjub aw-1p7kakr kEtdKx cEmitX yle__article__paragraph\">Tyypillinen asetelma on, ett\u00e4 henkil\u00f6st\u00f6\u00e4 l\u00e4hit\u00f6ihin patistava johtoporras saa osakseen kiukkury\u00f6pyn. Ty\u00f6ntekij\u00e4t kokevat l\u00e4hit\u00f6ihin pakottamisen menneen maailman k\u00e4yt\u00e4nn\u00f6ksi, <a class=\"aw-iao6s4 iHOxEa yle__article__link\" href=\"https:\/\/yle.fi\/a\/74-20193185\" role=\"link\" rel=\"nofollow noopener\" target=\"_blank\">\u201dpaluuksi 2010-luvulle\u201d<\/a>.<\/p>\n<p class=\"aw-1gybjub aw-1p7kakr kEtdKx cEmitX yle__article__paragraph\">Vain harvoille et\u00e4ty\u00f6 tarkoittaa l\u00e4pp\u00e4rin n\u00e4pyttely\u00e4 hiihtokeskuksen rinnebaarissa, riippumatossa Thaimaassa tai kes\u00e4m\u00f6kin laiturilla. Useimmille se on arkista ty\u00f6n ja muun el\u00e4m\u00e4n sovittamista yhteen tai p\u00e4\u00e4t\u00f6ksi\u00e4 siit\u00e4, mihin p\u00e4in Suomea koti perustetaan.<\/p>\n<p class=\"aw-1gybjub aw-1p7kakr kEtdKx cEmitX yle__article__paragraph\">Suomessa on vahva eetos, ett\u00e4 ihmisen kuuluu menn\u00e4 ty\u00f6n luo. Pitkien et\u00e4isyyksien maassa se tarkoittaa v\u00e4ist\u00e4m\u00e4tt\u00e4 muuttop\u00e4\u00e4t\u00f6ksi\u00e4 tai usein raskasta pendel\u00f6inti\u00e4.<\/p>\n","protected":false},"excerpt":{"rendered":"Suomessa ajatellaan, ett\u00e4 ihmisen kuuluu menn\u00e4 ty\u00f6n luo. Se johtaa muutto\u00adp\u00e4\u00e4t\u00f6ksiin tai kohtuuttoman pitkiin ty\u00f6matkoihin, kirjoittaa toimittaja Laura&hellip;\n","protected":false},"author":2,"featured_media":107637,"comment_status":"","ping_status":"","sticky":false,"template":"","format":"standard","meta":{"footnotes":""},"categories":[5],"tags":[13982,22,23,1710,26,27,33,31,30,17,71,24,25,28,29,15,18,21,1137,32,78,19,20,939,860,2247,10706,3512,16],"class_list":{"0":"post-107636","1":"post","2":"type-post","3":"status-publish","4":"format-standard","5":"has-post-thumbnail","7":"category-otsikot","8":"tag-aluepolitiikka","9":"tag-breaking-news","10":"tag-breakingnews","11":"tag-etatyo","12":"tag-featured-news","13":"tag-featurednews","14":"tag-fi","15":"tag-finland","16":"tag-finnish","17":"tag-headlines","18":"tag-kotimaa","19":"tag-latest-news","20":"tag-latestnews","21":"tag-main-news","22":"tag-mainnews","23":"tag-news","24":"tag-otsikot","25":"tag-paauutiset","26":"tag-pohjois-karjala","27":"tag-suomi","28":"tag-talous","29":"tag-top-stories","30":"tag-topstories","31":"tag-tyo","32":"tag-tyoelama","33":"tag-tyomarkkinat","34":"tag-tyonantajat","35":"tag-tyontekijat","36":"tag-uutiset"},"share_on_mastodon":{"url":"https:\/\/pubeurope.com\/@fi\/115662025302800214","error":""},"_links":{"self":[{"href":"https:\/\/www.europesays.com\/fi\/wp-json\/wp\/v2\/posts\/107636","targetHints":{"allow":["GET"]}}],"collection":[{"href":"https:\/\/www.europesays.com\/fi\/wp-json\/wp\/v2\/posts"}],"about":[{"href":"https:\/\/www.europesays.com\/fi\/wp-json\/wp\/v2\/types\/post"}],"author":[{"embeddable":true,"href":"https:\/\/www.europesays.com\/fi\/wp-json\/wp\/v2\/users\/2"}],"replies":[{"embeddable":true,"href":"https:\/\/www.europesays.com\/fi\/wp-json\/wp\/v2\/comments?post=107636"}],"version-history":[{"count":0,"href":"https:\/\/www.europesays.com\/fi\/wp-json\/wp\/v2\/posts\/107636\/revisions"}],"wp:featuredmedia":[{"embeddable":true,"href":"https:\/\/www.europesays.com\/fi\/wp-json\/wp\/v2\/media\/107637"}],"wp:attachment":[{"href":"https:\/\/www.europesays.com\/fi\/wp-json\/wp\/v2\/media?parent=107636"}],"wp:term":[{"taxonomy":"category","embeddable":true,"href":"https:\/\/www.europesays.com\/fi\/wp-json\/wp\/v2\/categories?post=107636"},{"taxonomy":"post_tag","embeddable":true,"href":"https:\/\/www.europesays.com\/fi\/wp-json\/wp\/v2\/tags?post=107636"}],"curies":[{"name":"wp","href":"https:\/\/api.w.org\/{rel}","templated":true}]}}