{"id":107638,"date":"2025-12-04T15:44:09","date_gmt":"2025-12-04T15:44:09","guid":{"rendered":"https:\/\/www.europesays.com\/fi\/107638\/"},"modified":"2025-12-04T15:44:09","modified_gmt":"2025-12-04T15:44:09","slug":"salakuvat-ex-uutisankkuri-seppo-huhta-heratti-huomiota-isossa-omenassa","status":"publish","type":"post","link":"https:\/\/www.europesays.com\/fi\/107638\/","title":{"rendered":"Salakuvat: Ex-uutisankkuri Seppo Huhta her\u00e4tti huomiota Isossa Omenassa"},"content":{"rendered":"<p>            Seiskan arkisto\n        <\/p>\n<p class=\"subtitle \">Seppo Huhta oli tiistai-iltana eitt\u00e4m\u00e4tt\u00e4 Ison Omenan parhaiten pukeutunut hahmo.<\/p>\n<p class=\"article-content article-content-width !bg-background\">Tiistai-ilta Espoon Isossa Omenassa.<\/p>\n<p class=\"article-content article-content-width !bg-background\">Kauppakeskuksessa on t\u00e4ysi jouluh\u00e4ss\u00e4kk\u00e4 p\u00e4\u00e4ll\u00e4ns\u00e4, eik\u00e4 Prisma todellakaan ole poikkeus.<\/p>\n<p class=\"article-content article-content-width !bg-background\">Koska kassoja oli auki vain rajallinen m\u00e4\u00e4r\u00e4, olivat jonot toinen toistaan pidempi\u00e4.<\/p>\n<p>        <a itemprop=\"url\" href=\"https:\/\/www.seiska.fi\/kotimaa\/ex-uutisankkuri-seppo-huhta-sai-hikisen-tanssiurakan-paatokseen-viehattava-blondi-vei-ex-uutisankkurin-huomion\/952880\" rel=\"nofollow noopener\" target=\"_blank\"><\/p>\n<p class=\"section-date\">\n        <strong class=\"article-section\" data-section=\"kotimaa\"><br \/>\n            kotimaa<br \/>\n        <\/strong><br \/>\n        16.12.2018 10:54\n    <\/p>\n<p>Ex-uutisankkuri Seppo Huhta sai hikisen tanssiurakan p\u00e4\u00e4t\u00f6kseen \u2013 vieh\u00e4tt\u00e4v\u00e4 blondi vei ex-uutisankkurin huomion!\n    <\/p>\n<p>        <\/a><\/p>\n<p class=\"article-content article-content-width !bg-background\">Er\u00e4\u00e4ss\u00e4 kassajonossa oli Seiskan lukija ja samoin er\u00e4s menneen ajan tv-kasvo.<\/p>\n<p>                <img decoding=\"async\" src=\"https:\/\/www.europesays.com\/fi\/wp-content\/uploads\/2025\/12\/2010533.webp\" width=\"576\" height=\"562\" alt=\"Seppo on monelle nuorella varmasti t\u00e4ysin tuntematon kasvo, mutta 1990-luvulla oli toisin.\" loading=\"lazy\" \/>            <\/p>\n<p>\n            Seppo on monelle nuorella varmasti t\u00e4ysin tuntematon kasvo, mutta 1990-luvulla oli toisin.<br \/>\n            Allerin arkisto\n        <\/p>\n<p>&#8221;Vanha herra esiintyi edukseen&#8221;<\/p>\n<p class=\"article-content article-content-width !bg-background\">Itse\u00a0\u00a0jonotti k\u00e4rsiv\u00e4llisesti \u2013\u00a0silmiinpist\u00e4v\u00e4n\u00a0tyylikk\u00e4\u00e4n\u00e4.<\/p>\n<p class=\"article-content article-content-width !bg-background\">\u2013 Sepon olemus vaatteineen her\u00e4tti huomiota.<\/p>\n<p>        <a itemprop=\"url\" href=\"https:\/\/www.seiska.fi\/kotimaa\/jestas-mika-meno-ex-uutisankkuri-seppo-huhta-villitsi-tanssilattialla-jaatavat-kuvat-itameren-travoltasta\/952876\" rel=\"nofollow noopener\" target=\"_blank\"><\/p>\n<p>\nKATSO KUVAT\n<\/p>\n<p class=\"section-date\">\n        <strong class=\"article-section\" data-section=\"kotimaa\"><br \/>\n            kotimaa<br \/>\n        <\/strong><br \/>\n        15.12.2018 13:33\n    <\/p>\n<p>Jestas, mik\u00e4 meno! Ex-uutisankkuri Seppo Huhta villitsi tanssilattialla \u2013 j\u00e4\u00e4t\u00e4v\u00e4t kuvat It\u00e4meren Travoltasta!\n    <\/p>\n<p>        <\/a><\/p>\n<p class=\"article-content article-content-width !bg-background\">\u2013 Oli kyll\u00e4 niin upeat vaatteet, ett\u00e4 vanha herra esiintyi edukseen.<\/p>\n<p class=\"article-content article-content-width !bg-background\">Huomiota her\u00e4ttiv\u00e4t my\u00f6s ostokset: tomaatteja, maitoa, tarjouskahvia, mozzarellaa sek\u00e4 yksi Marsalkka-olut.<\/p>\n<p>                <img decoding=\"async\" src=\"https:\/\/www.europesays.com\/fi\/wp-content\/uploads\/2025\/12\/2010539.webp\" width=\"576\" height=\"639\" alt=\"Sepon asu oli vahvasti punainen ja tyylik\u00e4s.\" loading=\"lazy\" \/>            <\/p>\n<p>\n            Sepon asu oli vahvasti punainen ja tyylik\u00e4s.<br \/>\n            Lukijan kuva\n        <\/p>\n<p class=\"article-content article-content-width !bg-background\">\u2013 Kun tuli maksun aika, kysyi kassa normaaliin tapaan, onko asiakkaalla S-bonuskorttia.<\/p>\n<p class=\"article-content article-content-width !bg-background\">\u2013 Sitten kassat\u00e4ti ja Seppo yrittiv\u00e4t ladata h\u00e4nelle S-mobiilia, jota Seppo siis itse pyysi.<\/p>\n<p>Bonukset j\u00e4iv\u00e4t lopulta<\/p>\n<p class=\"article-content article-content-width !bg-background\">Jono kasvoi entisest\u00e4\u00e4n ja lopulta Seppo vaikutti lukijan mukaan turhautuvan ep\u00e4onnistuneisiin kirjautumisyrityksiin.<\/p>\n<p class=\"article-content article-content-width !bg-background\">\u2013 Lopulta Seppo lopettikin yritt\u00e4misen ja p\u00e4\u00e4tti suorittaa maksun ilman bonuksia.<\/p>\n<p>                <img decoding=\"async\" src=\"https:\/\/www.europesays.com\/fi\/wp-content\/uploads\/2025\/12\/2010540.webp\" width=\"576\" height=\"639\" alt=\"Seppo ihmetteli pitk\u00e4\u00e4n S-tilin salaisuuksia.\" loading=\"lazy\" \/>            <\/p>\n<p>\n            Seppo ihmetteli pitk\u00e4\u00e4n S-tilin salaisuuksia.<br \/>\n            Lukijan kuva\n        <\/p>\n<p class=\"article-content article-content-width !bg-background\">\u2013 My\u00f6s maksun kanssa vaikutti olevan haasteita, sill\u00e4 Seppo pl\u00e4r\u00e4ili pitk\u00e4\u00e4n taskujaan ja laski kolikoitaan.<\/p>\n<p>Artikulaatio sai kehuja<\/p>\n<p class=\"article-content article-content-width !bg-background\">Summa summarum: Seppo erottautui rahvaasta, osti terveelliset ostoksensa ja jatkoi matkaansa.<\/p>\n<p>        <a itemprop=\"url\" href=\"https:\/\/www.seiska.fi\/kotimaa\/muistatko-ex-uutisankkuri-seppo-huhdan-haikaisi-tanssitaidollaan-ja-erikoisella-asulla-risteilylla\/499249\" rel=\"nofollow noopener\" target=\"_blank\"><\/p>\n<p class=\"section-date\">\n        <strong class=\"article-section\" data-section=\"kotimaa\"><br \/>\n            kotimaa<br \/>\n        <\/strong><br \/>\n        13.12.2018 09:34\n    <\/p>\n<p>Muistatko ex-uutisankkuri Seppo Huhdan? H\u00e4ik\u00e4isi tanssitaidollaan ja erikoisella asulla risteilyll\u00e4!\n    <\/p>\n<p>        <\/a><\/p>\n<p class=\"article-content article-content-width !bg-background\">\u2013 Kyll\u00e4 Seppoa kaipaisi edelleen tv-ruutuun.<\/p>\n<p class=\"article-content article-content-width !bg-background\">\u2013 On h\u00e4n sen verran tyylik\u00e4s ja hienosti artikuloiva ilmestys.<\/p>\n<p>                <img decoding=\"async\" src=\"https:\/\/www.europesays.com\/fi\/wp-content\/uploads\/2025\/12\/2010538.webp\" width=\"576\" height=\"639\" alt=\"Lopulta S-mobiilin k\u00e4ytt\u00e4minen osoittautui ylivoimaiseksi ja bonukset j\u00e4iv\u00e4t t\u00e4ll\u00e4 kertaa saamatta.\" loading=\"lazy\" \/>            <\/p>\n<p>\n            Lopulta S-mobiilin k\u00e4ytt\u00e4minen osoittautui ylivoimaiseksi ja bonukset j\u00e4iv\u00e4t t\u00e4ll\u00e4 kertaa saamatta.<br \/>\n            Lukijan kuva\n        <\/p>\n<p>Useita eri puolueita<\/p>\n<p class=\"article-content article-content-width !bg-background\">Seppo on tehnyt pitk\u00e4n p\u00e4iv\u00e4ty\u00f6n suomalaisessa mediassa.<\/p>\n<p class=\"article-content article-content-width !bg-background\">Vuosina 1993\u20132003 h\u00e4n ty\u00f6skenteli MTV:n uutisankkurina, ja sit\u00e4 ennen toimittajana Ylell\u00e4 jo 1970-luvulta l\u00e4htien.<\/p>\n<p class=\"article-content article-content-width !bg-background\">Vaaleissa h\u00e4n on ollut 2000-luvulla ehdolla sek\u00e4 kokoomuksen ett\u00e4 perussuomalaisten riveiss\u00e4.\u00a0<\/p>\n<p class=\"article-content article-content-width !bg-background\">Viime kev\u00e4\u00e4n kuntavaaleissa Sepon kauluksissa oli neliapila keskustan merkkin\u00e4, mutta mies ei tullut valituksi saamallaan 49 \u00e4\u00e4nell\u00e4 Espoon kunnanvaltuustoon.<\/p>\n","protected":false},"excerpt":{"rendered":"Seiskan arkisto Seppo Huhta oli tiistai-iltana eitt\u00e4m\u00e4tt\u00e4 Ison Omenan parhaiten pukeutunut hahmo. Tiistai-ilta Espoon Isossa Omenassa. Kauppakeskuksessa on&hellip;\n","protected":false},"author":2,"featured_media":107639,"comment_status":"","ping_status":"","sticky":false,"template":"","format":"standard","meta":{"footnotes":""},"categories":[136],"tags":[407,137,400,33,31,30,20219,408,20217,20218,32,12055,109],"class_list":{"0":"post-107638","1":"post","2":"type-post","3":"status-publish","4":"format-standard","5":"has-post-thumbnail","7":"category-julkkikset","8":"tag-celebrities","9":"tag-entertainment","10":"tag-espoo","11":"tag-fi","12":"tag-finland","13":"tag-finnish","14":"tag-iso-omena","15":"tag-julkkikset","16":"tag-kauppakeskus","17":"tag-seppo-huhta","18":"tag-suomi","19":"tag-tv-kasvo","20":"tag-viihde"},"share_on_mastodon":{"url":"https:\/\/pubeurope.com\/@fi\/115662072614258553","error":""},"_links":{"self":[{"href":"https:\/\/www.europesays.com\/fi\/wp-json\/wp\/v2\/posts\/107638","targetHints":{"allow":["GET"]}}],"collection":[{"href":"https:\/\/www.europesays.com\/fi\/wp-json\/wp\/v2\/posts"}],"about":[{"href":"https:\/\/www.europesays.com\/fi\/wp-json\/wp\/v2\/types\/post"}],"author":[{"embeddable":true,"href":"https:\/\/www.europesays.com\/fi\/wp-json\/wp\/v2\/users\/2"}],"replies":[{"embeddable":true,"href":"https:\/\/www.europesays.com\/fi\/wp-json\/wp\/v2\/comments?post=107638"}],"version-history":[{"count":0,"href":"https:\/\/www.europesays.com\/fi\/wp-json\/wp\/v2\/posts\/107638\/revisions"}],"wp:featuredmedia":[{"embeddable":true,"href":"https:\/\/www.europesays.com\/fi\/wp-json\/wp\/v2\/media\/107639"}],"wp:attachment":[{"href":"https:\/\/www.europesays.com\/fi\/wp-json\/wp\/v2\/media?parent=107638"}],"wp:term":[{"taxonomy":"category","embeddable":true,"href":"https:\/\/www.europesays.com\/fi\/wp-json\/wp\/v2\/categories?post=107638"},{"taxonomy":"post_tag","embeddable":true,"href":"https:\/\/www.europesays.com\/fi\/wp-json\/wp\/v2\/tags?post=107638"}],"curies":[{"name":"wp","href":"https:\/\/api.w.org\/{rel}","templated":true}]}}