{"id":107654,"date":"2025-12-04T15:58:09","date_gmt":"2025-12-04T15:58:09","guid":{"rendered":"https:\/\/www.europesays.com\/fi\/107654\/"},"modified":"2025-12-04T15:58:09","modified_gmt":"2025-12-04T15:58:09","slug":"naita-kuvia-reetta-hurske-ei-rohjennut-julkaista-kunnes-nyt","status":"publish","type":"post","link":"https:\/\/www.europesays.com\/fi\/107654\/","title":{"rendered":"N\u00e4it\u00e4 kuvia Reetta Hurske ei rohjennut julkaista \u2013 Kunnes nyt"},"content":{"rendered":"<p>Pika-aituri teki rehellisen julkaisun.<\/p>\n<p><img decoding=\"async\" class=\"image image-show image-preview\" src=\"https:\/\/www.europesays.com\/fi\/wp-content\/uploads\/2025\/12\/c3a60a4be072d3b0bd09536b761f9cfa1cb1047153e1f543b1e503de019a444d.jpg\" alt=\"\"\/><img decoding=\"async\" class=\"image image-show\" src=\"https:\/\/www.europesays.com\/fi\/wp-content\/uploads\/2025\/12\/1764863889_565_c3a60a4be072d3b0bd09536b761f9cfa1cb1047153e1f543b1e503de019a444d.jpg\" alt=\"\"\/><\/p>\n<p>Reetta Hurske teki paljastuksen. PASI LIESIMAA<\/p>\n<p class=\"paragraph\"><a href=\"https:\/\/www.iltalehti.fi\/henkilot\/Reetta Hurske\" class=\"article-link-person-page\" rel=\"nofollow noopener\" target=\"_blank\">Reetta Hurske<\/a> jakoi Instagramissa kuvia, joita on aiemmin piilotellut seuraajiltaan.<\/p>\n<p class=\"paragraph\">Aitajuoksija kertoo julkaisussaan k\u00e4rsiv\u00e4ns\u00e4 ihottumasta, jonka voimakkuus vaihtelee vuodenajasta riippuen.<\/p>\n<p class=\"paragraph\">\u2013 Olen j\u00e4tt\u00e4nyt omasta mielest\u00e4ni kivoja kuvia julkaisematta niiss\u00e4 n\u00e4kyv\u00e4n ihottuman vuoksi, tai ainakin pehment\u00e4nyt sit\u00e4 ihottuman kohtaa, Hurske kirjoittaa.<\/p>\n<p class=\"paragraph\">Iloisessa nelj\u00e4n kuvan kollaasissa tamperelaisen k\u00e4sivarret punottavat hieman. N\u00e4et kuvat painamalla julkaisun nuolesta oikealle.<\/p>\n<p class=\"paragraph\">Muun muassa yleisurheilukollegat <a href=\"https:\/\/www.iltalehti.fi\/henkilot\/Ella Junnila\" class=\"article-link-person-page\" rel=\"nofollow noopener\" target=\"_blank\">Ella Junnila<\/a> ja <a href=\"https:\/\/www.iltalehti.fi\/henkilot\/Suvi Niiranen\" class=\"article-link-person-page\" rel=\"nofollow noopener\" target=\"_blank\">Suvi Niiranen<\/a> painoivat syd\u00e4nt\u00e4 Hurskeen p\u00e4ivitykseen.<\/p>\n<p class=\"paragraph\">Hurske paljasti seuraajilleen muitakin uusia asioita itsest\u00e4\u00e4n. H\u00e4n muun muassa kertoi, ettei ole koskaan el\u00e4m\u00e4ss\u00e4\u00e4n sy\u00f6nyt Big Mac -hampurilaista.<\/p>\n<p class=\"paragraph\">\u2013 Nuorempana valinta oli aina euron juusto, El Maco tai vastaava, ja nyky\u00e4\u00e4n tilaan vain kanaburgereita, mik\u00e4li tilaan.<\/p>\n","protected":false},"excerpt":{"rendered":"Pika-aituri teki rehellisen julkaisun. Reetta Hurske teki paljastuksen. PASI LIESIMAA Reetta Hurske jakoi Instagramissa kuvia, joita on aiemmin&hellip;\n","protected":false},"author":2,"featured_media":107655,"comment_status":"","ping_status":"","sticky":false,"template":"","format":"standard","meta":{"footnotes":""},"categories":[5],"tags":[35,22,23,26,27,33,31,30,17,24,25,41,28,29,15,18,21,900,2331,32,167,2332,19,20,16],"class_list":{"0":"post-107654","1":"post","2":"type-post","3":"status-publish","4":"format-standard","5":"has-post-thumbnail","7":"category-otsikot","8":"tag-24h","9":"tag-breaking-news","10":"tag-breakingnews","11":"tag-featured-news","12":"tag-featurednews","13":"tag-fi","14":"tag-finland","15":"tag-finnish","16":"tag-headlines","17":"tag-latest-news","18":"tag-latestnews","19":"tag-liikunta-ja-urheilu","20":"tag-main-news","21":"tag-mainnews","22":"tag-news","23":"tag-otsikot","24":"tag-paauutiset","25":"tag-ruoka","26":"tag-ruoka-ja-juoma","27":"tag-suomi","28":"tag-terveys","29":"tag-terveyselamantapa","30":"tag-top-stories","31":"tag-topstories","32":"tag-uutiset"},"share_on_mastodon":{"url":"https:\/\/pubeurope.com\/@fi\/115662127444618314","error":""},"_links":{"self":[{"href":"https:\/\/www.europesays.com\/fi\/wp-json\/wp\/v2\/posts\/107654","targetHints":{"allow":["GET"]}}],"collection":[{"href":"https:\/\/www.europesays.com\/fi\/wp-json\/wp\/v2\/posts"}],"about":[{"href":"https:\/\/www.europesays.com\/fi\/wp-json\/wp\/v2\/types\/post"}],"author":[{"embeddable":true,"href":"https:\/\/www.europesays.com\/fi\/wp-json\/wp\/v2\/users\/2"}],"replies":[{"embeddable":true,"href":"https:\/\/www.europesays.com\/fi\/wp-json\/wp\/v2\/comments?post=107654"}],"version-history":[{"count":0,"href":"https:\/\/www.europesays.com\/fi\/wp-json\/wp\/v2\/posts\/107654\/revisions"}],"wp:featuredmedia":[{"embeddable":true,"href":"https:\/\/www.europesays.com\/fi\/wp-json\/wp\/v2\/media\/107655"}],"wp:attachment":[{"href":"https:\/\/www.europesays.com\/fi\/wp-json\/wp\/v2\/media?parent=107654"}],"wp:term":[{"taxonomy":"category","embeddable":true,"href":"https:\/\/www.europesays.com\/fi\/wp-json\/wp\/v2\/categories?post=107654"},{"taxonomy":"post_tag","embeddable":true,"href":"https:\/\/www.europesays.com\/fi\/wp-json\/wp\/v2\/tags?post=107654"}],"curies":[{"name":"wp","href":"https:\/\/api.w.org\/{rel}","templated":true}]}}