{"id":107660,"date":"2025-12-04T16:13:07","date_gmt":"2025-12-04T16:13:07","guid":{"rendered":"https:\/\/www.europesays.com\/fi\/107660\/"},"modified":"2025-12-04T16:13:07","modified_gmt":"2025-12-04T16:13:07","slug":"uudelle-yellowstone-sarjalle-tehdaan-jo-jatkoa-vaikka-ensimmainenkin-kausi-on-viela-julkaisematta","status":"publish","type":"post","link":"https:\/\/www.europesays.com\/fi\/107660\/","title":{"rendered":"Uudelle Yellowstone-sarjalle tehd\u00e4\u00e4n jo jatkoa, vaikka ensimm\u00e4inenkin kausi on viel\u00e4 julkaisematta"},"content":{"rendered":"<p>Taylor Sheridanin luoman Yellowstone-sarjan maailma jatkaa laajenemistaan.<\/p>\n<p>Taylor Sheridanin luoma <a href=\"https:\/\/muropaketti.com\/avainsana\/yellowstone\/\" rel=\"nofollow noopener\" target=\"_blank\">Yellowstone<\/a> on itsess\u00e4\u00e4n tullut p\u00e4\u00e4t\u00f6kseen, mutta sarjan maailma laajenee useilla spinoffeilla. Yksi n\u00e4ist\u00e4 on Michelle Pfeifferin t\u00e4hditt\u00e4m\u00e4 The Madison -sarja.<\/p>\n<p>Tulevasta sarjasta on kerrottu julkisuuteen vasta v\u00e4h\u00e4n, mutta uskoa sen vetovoimaan selv\u00e4sti on. The Madisonille on nimitt\u00e4in vahvistettu toinen kausi, vaikka ensimm\u00e4ist\u00e4k\u00e4\u00e4n ei ole viel\u00e4 julkaistu, uutisoi <a href=\"https:\/\/collider.com\/taylor-sheridan-mysterious-new-series-the-madison-season-2-filming-update\/\" rel=\"nofollow noopener\" target=\"_blank\">Collider<\/a>.<\/p>\n<p>Uutisen mukaan toisen kauden kuvaukset ovat jo kaikessa hiljaisuudessa alkaneet Dallasissa.<\/p>\n<p>The Madison -sarjan keski\u00f6ss\u00e4 on varakas newyorkilainen perhe, joka joutuu tragedian j\u00e4lkeen irtautumaan juuriltaan ja asettumaan maaseudulle Montanaan. Pfeiffer n\u00e4yttelee Stacy Clyburnia, matriarkkaa, joka yritt\u00e4\u00e4 rakentaa el\u00e4m\u00e4\u00e4ns\u00e4 uudelleen. Matthew Fox esitt\u00e4\u00e4 h\u00e4nen vastan\u00e4yttelij\u00e4n\u00e4\u00e4n Paulia, itsen\u00e4ist\u00e4 ulkoilmaihmist\u00e4, joka on vahvasti Manhattanin vastainen stereotypia.<\/p>\n<p>N\u00e4yttelij\u00e4kaartiin kuuluvat my\u00f6s muun muassa Kurt Russell, Danielle Vasinova, Ben Schnetzer, Patrick J. Adams, Beau Garrett, Amiah Miller ja Elle Chapman.<\/p>\n<p>The Madisonin julkaisua odotellaan vuodelle 2026. Tulossa on my\u00f6s Luke Grimesin t\u00e4hditt\u00e4m\u00e4 spinoff Y: Marshals, joka alkaa maaliskuussa 2026, sek\u00e4 Kelly Reillyn ja Cole Hauserin Yellowstone-hahmojen tarinaa jatkava The Dutton Ranch.<\/p>\n<p>Suomessa kaikki Yellowstone-franchisen ovat katsottavissa SkyShowtimessa.<\/p>\n","protected":false},"excerpt":{"rendered":"Taylor Sheridanin luoman Yellowstone-sarjan maailma jatkaa laajenemistaan. Taylor Sheridanin luoma Yellowstone on itsess\u00e4\u00e4n tullut p\u00e4\u00e4t\u00f6kseen, mutta sarjan maailma&hellip;\n","protected":false},"author":2,"featured_media":16818,"comment_status":"","ping_status":"","sticky":false,"template":"","format":"standard","meta":{"footnotes":""},"categories":[133],"tags":[137,33,31,30,12797,1369,341,32,7636,206,156,109,6343],"class_list":{"0":"post-107660","1":"post","2":"type-post","3":"status-publish","4":"format-standard","5":"has-post-thumbnail","7":"category-televisiot","8":"tag-entertainment","9":"tag-fi","10":"tag-finland","11":"tag-finnish","12":"tag-michelle-pfeiffer","13":"tag-sarjat","14":"tag-skyshowtime","15":"tag-suomi","16":"tag-taylor-sheridan","17":"tag-televisiot","18":"tag-tv","19":"tag-viihde","20":"tag-yellowstone"},"share_on_mastodon":{"url":"https:\/\/pubeurope.com\/@fi\/115662186272558788","error":""},"_links":{"self":[{"href":"https:\/\/www.europesays.com\/fi\/wp-json\/wp\/v2\/posts\/107660","targetHints":{"allow":["GET"]}}],"collection":[{"href":"https:\/\/www.europesays.com\/fi\/wp-json\/wp\/v2\/posts"}],"about":[{"href":"https:\/\/www.europesays.com\/fi\/wp-json\/wp\/v2\/types\/post"}],"author":[{"embeddable":true,"href":"https:\/\/www.europesays.com\/fi\/wp-json\/wp\/v2\/users\/2"}],"replies":[{"embeddable":true,"href":"https:\/\/www.europesays.com\/fi\/wp-json\/wp\/v2\/comments?post=107660"}],"version-history":[{"count":0,"href":"https:\/\/www.europesays.com\/fi\/wp-json\/wp\/v2\/posts\/107660\/revisions"}],"wp:featuredmedia":[{"embeddable":true,"href":"https:\/\/www.europesays.com\/fi\/wp-json\/wp\/v2\/media\/16818"}],"wp:attachment":[{"href":"https:\/\/www.europesays.com\/fi\/wp-json\/wp\/v2\/media?parent=107660"}],"wp:term":[{"taxonomy":"category","embeddable":true,"href":"https:\/\/www.europesays.com\/fi\/wp-json\/wp\/v2\/categories?post=107660"},{"taxonomy":"post_tag","embeddable":true,"href":"https:\/\/www.europesays.com\/fi\/wp-json\/wp\/v2\/tags?post=107660"}],"curies":[{"name":"wp","href":"https:\/\/api.w.org\/{rel}","templated":true}]}}