{"id":107661,"date":"2025-12-04T16:15:12","date_gmt":"2025-12-04T16:15:12","guid":{"rendered":"https:\/\/www.europesays.com\/fi\/107661\/"},"modified":"2025-12-04T16:15:12","modified_gmt":"2025-12-04T16:15:12","slug":"supergirl-elokuvan-virallinen-logo-esiteltiin-100-uskollinen-sarjakuville","status":"publish","type":"post","link":"https:\/\/www.europesays.com\/fi\/107661\/","title":{"rendered":"Supergirl-elokuvan virallinen logo esiteltiin \u2013 100 % uskollinen sarjakuville"},"content":{"rendered":"<p><strong>DC Studios esitteli tulevan Supergirl-elokuvan virallisen logon ja puvun CCXP Brazil 2025 -tapahtumassa. <\/strong><\/p>\n<p>Logo sis\u00e4lt\u00e4\u00e4 Supergirlin nimen sek\u00e4 Kryptonin House of El -symbolin, ja sen visuaalinen tyyli vastaa <strong>James Gunnin<\/strong> Superman-elokuvaa. N\u00e4yttelij\u00e4 <strong>Milly Alcockin<\/strong> k\u00e4ytt\u00e4m\u00e4 supersankariasu paljastettiin ensimm\u00e4ist\u00e4 kertaa yleis\u00f6lle.<\/p>\n<blockquote class=\"twitter-tweet\">\n<p dir=\"ltr\" lang=\"sl\">Logo da <a href=\"https:\/\/twitter.com\/hashtag\/SuperGirl?src=hash&amp;ref_src=twsrc%5Etfw\" rel=\"nofollow noopener\" target=\"_blank\">#SuperGirl<\/a> na CCXP <a href=\"https:\/\/t.co\/AaEfmNZJrl\" rel=\"nofollow\">pic.twitter.com\/AaEfmNZJrl<\/a><\/p>\n<p>\u2014 CinePOP (@cinepop) <a href=\"https:\/\/twitter.com\/cinepop\/status\/1996328365780009345?ref_src=twsrc%5Etfw\" rel=\"nofollow noopener\" target=\"_blank\">December 3, 2025<\/a><\/p>\n<\/blockquote>\n<blockquote class=\"twitter-tweet\">\n<p dir=\"ltr\" lang=\"en\">The \u2018SUPERGIRL\u2019 suit is absolute perfection \ud83d\udc4c\ud83c\udffc <a href=\"https:\/\/t.co\/QvqHwIAAqN\" rel=\"nofollow\">pic.twitter.com\/QvqHwIAAqN<\/a><\/p>\n<p>\u2014 DC Film News (@DCFilmNews) <a href=\"https:\/\/twitter.com\/DCFilmNews\/status\/1996350048582668389?ref_src=twsrc%5Etfw\" rel=\"nofollow noopener\" target=\"_blank\">December 3, 2025<\/a><\/p>\n<\/blockquote>\n<blockquote class=\"twitter-tweet\">\n<p dir=\"ltr\" lang=\"en\">100% comic accurate <a href=\"https:\/\/t.co\/qdV1TD9641\" rel=\"nofollow\">pic.twitter.com\/qdV1TD9641<\/a><\/p>\n<p>\u2014 acervo supergirl (@acervsupergirl) <a href=\"https:\/\/twitter.com\/acervsupergirl\/status\/1996325133263466502?ref_src=twsrc%5Etfw\" rel=\"nofollow noopener\" target=\"_blank\">December 3, 2025<\/a><\/p>\n<\/blockquote>\n<p>Uusi logo korvaa aiemman tuotantovaiheessa k\u00e4ytetyn version. Lopullinen toteutus on linjassa Superman-elokuvan ilmeen kanssa ja ammentaa vaikutteita Kingdom Come -sarjakuvasta. Tapahtumassa oli my\u00f6s elokuvaan perustuva k\u00e4velyaktivaatiota muistuttava osasto.<\/p>\n<p>Asu pohjautuu sarjakuvadesigniin ja eroaa visuaalisesti vuoden 2023 The Flash -elokuvan Supergirl-versiosta. Puku ja logo korostavat hahmon punk-henkist\u00e4 tyyli\u00e4 ja noudattavat DCU:n yhten\u00e4ist\u00e4 visuaalista linjaa.<\/p>\n<p>Supergirl: Woman of Tomorrow saa ensi-iltansa elokuvateattereissa 26.6.2026. Se on DCU:n toinen elokuva Supermanin j\u00e4lkeen ja keskittyy Kara Zor-Elin kostoon perustuvaan tarinaan avaruudessa.<\/p>\n<p>\n\tAiheeseen liittyy\n<\/p>\n<p>    <script async src=\"https:\/\/platform.twitter.com\/widgets.js\" charset=\"utf-8\"><\/script><\/p>\n","protected":false},"excerpt":{"rendered":"DC Studios esitteli tulevan Supergirl-elokuvan virallisen logon ja puvun CCXP Brazil 2025 -tapahtumassa. Logo sis\u00e4lt\u00e4\u00e4 Supergirlin nimen sek\u00e4&hellip;\n","protected":false},"author":2,"featured_media":107662,"comment_status":"","ping_status":"","sticky":false,"template":"","format":"standard","meta":{"footnotes":""},"categories":[131],"tags":[155,137,33,173,31,30,172,32,109],"class_list":{"0":"post-107661","1":"post","2":"type-post","3":"status-publish","4":"format-standard","5":"has-post-thumbnail","7":"category-elokuvat","8":"tag-elokuvat","9":"tag-entertainment","10":"tag-fi","11":"tag-film","12":"tag-finland","13":"tag-finnish","14":"tag-movies","15":"tag-suomi","16":"tag-viihde"},"share_on_mastodon":{"url":"https:\/\/pubeurope.com\/@fi\/115662194185270524","error":""},"_links":{"self":[{"href":"https:\/\/www.europesays.com\/fi\/wp-json\/wp\/v2\/posts\/107661","targetHints":{"allow":["GET"]}}],"collection":[{"href":"https:\/\/www.europesays.com\/fi\/wp-json\/wp\/v2\/posts"}],"about":[{"href":"https:\/\/www.europesays.com\/fi\/wp-json\/wp\/v2\/types\/post"}],"author":[{"embeddable":true,"href":"https:\/\/www.europesays.com\/fi\/wp-json\/wp\/v2\/users\/2"}],"replies":[{"embeddable":true,"href":"https:\/\/www.europesays.com\/fi\/wp-json\/wp\/v2\/comments?post=107661"}],"version-history":[{"count":0,"href":"https:\/\/www.europesays.com\/fi\/wp-json\/wp\/v2\/posts\/107661\/revisions"}],"wp:featuredmedia":[{"embeddable":true,"href":"https:\/\/www.europesays.com\/fi\/wp-json\/wp\/v2\/media\/107662"}],"wp:attachment":[{"href":"https:\/\/www.europesays.com\/fi\/wp-json\/wp\/v2\/media?parent=107661"}],"wp:term":[{"taxonomy":"category","embeddable":true,"href":"https:\/\/www.europesays.com\/fi\/wp-json\/wp\/v2\/categories?post=107661"},{"taxonomy":"post_tag","embeddable":true,"href":"https:\/\/www.europesays.com\/fi\/wp-json\/wp\/v2\/tags?post=107661"}],"curies":[{"name":"wp","href":"https:\/\/api.w.org\/{rel}","templated":true}]}}