{"id":107667,"date":"2025-12-04T16:19:09","date_gmt":"2025-12-04T16:19:09","guid":{"rendered":"https:\/\/www.europesays.com\/fi\/107667\/"},"modified":"2025-12-04T16:19:09","modified_gmt":"2025-12-04T16:19:09","slug":"lintuinfluenssa-varmistui-linnuille-vaarallisemmaksi-muodoksi-kuolleita-lintuja-voi-viela-ilmaantua","status":"publish","type":"post","link":"https:\/\/www.europesays.com\/fi\/107667\/","title":{"rendered":"Lintuinfluenssa varmistui linnuille vaarallisemmaksi muodoksi \u2013 \u201dKuolleita lintuja voi viel\u00e4 ilmaantua\u201d"},"content":{"rendered":"<p>Muualtakin Suomesta on l\u00f6ytynyt korkeapatogeenista lintuinfluenssaa t\u00e4n\u00e4 syksyn\u00e4.<\/p>\n<p class=\"article-body mb-nof-24 px-nof-16\">Ruokavirasto on vahvistanut, ett\u00e4 Sastamalassa kuolleissa joutsenissa on todettu korkeapatogeeninen lintuinfluenssa.<\/p>\n<p class=\"article-body mb-nof-24 px-nof-16\">Sastamalan valvontael\u00e4inl\u00e4\u00e4k\u00e4ri <a class=\"article-personlink\" href=\"https:\/\/www.tyrvaansanomat.fi\/haku\/?query=Kaisa%20Kormilainen\" rel=\"nofollow noopener\" target=\"_blank\">Kaisa Kormilainen<\/a> kertoo, ett\u00e4 korkeapatogeenisyys tarkoittaa, ett\u00e4 se on linnuille taudin vaarallisempi muoto.<\/p>\n","protected":false},"excerpt":{"rendered":"Muualtakin Suomesta on l\u00f6ytynyt korkeapatogeenista lintuinfluenssaa t\u00e4n\u00e4 syksyn\u00e4. Ruokavirasto on vahvistanut, ett\u00e4 Sastamalassa kuolleissa joutsenissa on todettu korkeapatogeeninen&hellip;\n","protected":false},"author":2,"featured_media":107668,"comment_status":"","ping_status":"","sticky":false,"template":"","format":"standard","meta":{"footnotes":""},"categories":[112],"tags":[33,31,30,118,32,119,3885],"class_list":{"0":"post-107667","1":"post","2":"type-post","3":"status-publish","4":"format-standard","5":"has-post-thumbnail","7":"category-tiede","8":"tag-fi","9":"tag-finland","10":"tag-finnish","11":"tag-science","12":"tag-suomi","13":"tag-tiede","14":"tag-tyrvaan-sanomat"},"share_on_mastodon":{"url":"https:\/\/pubeurope.com\/@fi\/115662209864774374","error":""},"_links":{"self":[{"href":"https:\/\/www.europesays.com\/fi\/wp-json\/wp\/v2\/posts\/107667","targetHints":{"allow":["GET"]}}],"collection":[{"href":"https:\/\/www.europesays.com\/fi\/wp-json\/wp\/v2\/posts"}],"about":[{"href":"https:\/\/www.europesays.com\/fi\/wp-json\/wp\/v2\/types\/post"}],"author":[{"embeddable":true,"href":"https:\/\/www.europesays.com\/fi\/wp-json\/wp\/v2\/users\/2"}],"replies":[{"embeddable":true,"href":"https:\/\/www.europesays.com\/fi\/wp-json\/wp\/v2\/comments?post=107667"}],"version-history":[{"count":0,"href":"https:\/\/www.europesays.com\/fi\/wp-json\/wp\/v2\/posts\/107667\/revisions"}],"wp:featuredmedia":[{"embeddable":true,"href":"https:\/\/www.europesays.com\/fi\/wp-json\/wp\/v2\/media\/107668"}],"wp:attachment":[{"href":"https:\/\/www.europesays.com\/fi\/wp-json\/wp\/v2\/media?parent=107667"}],"wp:term":[{"taxonomy":"category","embeddable":true,"href":"https:\/\/www.europesays.com\/fi\/wp-json\/wp\/v2\/categories?post=107667"},{"taxonomy":"post_tag","embeddable":true,"href":"https:\/\/www.europesays.com\/fi\/wp-json\/wp\/v2\/tags?post=107667"}],"curies":[{"name":"wp","href":"https:\/\/api.w.org\/{rel}","templated":true}]}}