{"id":107674,"date":"2025-12-04T16:24:09","date_gmt":"2025-12-04T16:24:09","guid":{"rendered":"https:\/\/www.europesays.com\/fi\/107674\/"},"modified":"2025-12-04T16:24:09","modified_gmt":"2025-12-04T16:24:09","slug":"kommentti-rauhansuunnitelma-olikin-putinin-huijaus-johon-kaikki-lankesivat","status":"publish","type":"post","link":"https:\/\/www.europesays.com\/fi\/107674\/","title":{"rendered":"Kommentti: Rauhansuunnitelma olikin Putinin huijaus, johon kaikki lankesivat"},"content":{"rendered":"<p>Ven\u00e4j\u00e4 j\u00e4rjesti informaatio-operaation, joka meni l\u00e4pi l\u00e4nness\u00e4kin, kirjoittaa Ilta-Sanomien ulkomaanuutisten tuottaja Jari Alenius.<\/p>\n<p class=\"article-body mb-nof-24 px-nof-16\">Keskiviikkona 22. lokakuuta mannerlaatat liikkuivat.<\/p>\n<p class=\"article-body mb-nof-24 px-nof-16\">Presidentti <a class=\"article-personlink\" href=\"https:\/\/www.is.fi\/haku\/?query=Donald%20Trump\" rel=\"nofollow noopener\" target=\"_blank\">Donald Trump <\/a>m\u00e4\u00e4r\u00e4si pakotteita kahdelle suurelle ven\u00e4l\u00e4iselle \u00f6ljy-yhti\u00f6lle. Tarkoituksena oli painostaa Ven\u00e4j\u00e4n presidentti\u00e4 <a class=\"article-personlink\" href=\"https:\/\/www.is.fi\/haku\/?query=Vladimir%20Putinia\" rel=\"nofollow noopener\" target=\"_blank\">Vladimir Putinia <\/a>rauhaan Ukrainassa.<\/p>\n<p class=\"article-body mb-nof-24 px-nof-16\">Kyseess\u00e4 oli ensimm\u00e4inen kerta, kun Trump toisella virkakaudellaan kiristi pakotteita Ven\u00e4j\u00e4\u00e4 vastaan. Trump n\u00e4ytti samalla tunnustavan, kuka todellinen syyllinen sotaan on. Optimismi her\u00e4si.<\/p>\n<p class=\"article-body mb-nof-24 px-nof-16\">Sitten k\u00e4ynnistyi tapahtumasarja, joka muutti kaiken.<\/p>\n<p class=\"article-body mb-nof-24 px-nof-16\">Se oli taitava veto Putinilta, ja tuuriakin saattoi olla mukana.<\/p>\n<p class=\"article-body mb-nof-24 px-nof-16\">Samalla tapahtumasarja on my\u00f6s nolo, koska niin moni lankesi Putinin huijaukseen.<\/p>\n<p>Salainen operaatio<\/p>\n<p class=\"article-body mb-nof-24 px-nof-16\">Kolme p\u00e4iv\u00e4\u00e4 pakotteiden langettamisen j\u00e4lkeen Putinin l\u00e4hettil\u00e4s <a class=\"article-personlink\" href=\"https:\/\/www.is.fi\/haku\/?query=Kirill%20Dmitrijev\" rel=\"nofollow noopener\" target=\"_blank\">Kirill Dmitrijev <\/a>tapasi Miamissa Trumpin erikoisl\u00e4hettil\u00e4\u00e4n <a class=\"article-personlink\" href=\"https:\/\/www.is.fi\/haku\/?query=Steve%20Witkoffin\" rel=\"nofollow noopener\" target=\"_blank\">Steve Witkoffin <\/a>ja presidentin v\u00e4vyn <a class=\"article-personlink\" href=\"https:\/\/www.is.fi\/haku\/?query=Jared%20Kushnerin\" rel=\"nofollow noopener\" target=\"_blank\">Jared Kushnerin<\/a>.<\/p>\n<p class=\"article-body mb-nof-24 px-nof-16\">Kulissien takana alettiin hieroa \u201drauhansuunnitelmaa\u201d.<\/p>\n<p class=\"article-body mb-nof-24 px-nof-16\">Se vuoti julki tiistaina 18. marraskuuta, kun <a class=\"article-genericlink\" href=\"https:\/\/www.axios.com\/2025\/11\/19\/ukraine-peace-plan-trump-russia-witkoff\" rel=\"nofollow noopener\" target=\"_blank\">Axios <\/a>kertoi 28-kohtaisesta salaisesta suunnitelmasta.<\/p>\n<p><img decoding=\"async\" src=\"https:\/\/www.europesays.com\/fi\/wp-content\/uploads\/2025\/12\/1764865449_520_468.jpg\" alt=\"Alkuper\u00e4isen \u201drauhansuunnitelman\u201d laatijat Jared Kushner, Kirill Dmitrijev ja Steve Witkoff odottivat Vladimir Putinin tapaamista Kremlissa 2. joulukuuta.\" class=\"_Img_1rerz_1\" style=\"aspect-ratio:1.4360508601346298\" loading=\"eager\"\/><\/p>\n<p class=\"article-picture-caption\">Alkuper\u00e4isen \u201drauhansuunnitelman\u201d laatijat Jared Kushner, Kirill Dmitrijev ja Steve Witkoff odottivat Vladimir Putinin tapaamista Kremlissa 2. joulukuuta. Kuva:\u00a0Kristina Kormilitsyna<\/p>\n<p class=\"article-body mb-nof-24 px-nof-16\">Esimerkiksi presidentti <a class=\"article-personlink\" href=\"https:\/\/www.is.fi\/haku\/?query=Alexander%20Stubb\" rel=\"nofollow noopener\" target=\"_blank\">Alexander Stubb <\/a>oli <a class=\"article-genericlink\" href=\"https:\/\/www.is.fi\/politiikka\/art-2000011633612.html\" rel=\"nofollow noopener\" target=\"_blank\">juuri todennut<\/a>, ett\u00e4 Ukrainan rauhanneuvottelujen suhteen ei ollut tapahtumassa hetkeen mit\u00e4\u00e4n. N\u00e4ytti silt\u00e4, ett\u00e4 Stubb joutui pahasti yll\u00e4tetyksi.<\/p>\n<p class=\"article-body mb-nof-24 px-nof-16\">Paitsi, ett\u00e4 j\u00e4lkik\u00e4teen katsottuna h\u00e4n oli tavallaan osunut oikeaan.<\/p>\n<p class=\"article-body mb-nof-24 px-nof-16\">Kyseess\u00e4 ei nimitt\u00e4in ollut mik\u00e4\u00e4n rauhansuunnitelma. Sit\u00e4 ei olisi koskaan pit\u00e4nyt sellaiseksi kutsua.<\/p>\n<p class=\"article-body mb-nof-24 px-nof-16\">Kyseess\u00e4 oli Ven\u00e4j\u00e4n informaatio-operaatio, jolla pyrittiin vaikuttamaan Trumpiin ja kampittamaan Ukrainaa ja Eurooppaa.<\/p>\n<p>Sekoilua<\/p>\n<p class=\"article-body mb-nof-24 px-nof-16\">Mit\u00e4 ilmeisimmin Dmitrijev oli onnistunut sy\u00f6tt\u00e4m\u00e4\u00e4n paljastusjutun Axiosille. Muut mediat l\u00e4htiv\u00e4t mukaan. L\u00e4hteet Yhdysvaltain hallinnossa vahvistivat, ett\u00e4 se oli rauhansuunnitelma. L\u00e4hteit\u00e4 ei tietenk\u00e4\u00e4n paljastettu. Eik\u00e4 niit\u00e4 kyseenalaistettu.<\/p>\n<p class=\"article-body mb-nof-24 px-nof-16\">Signaalit Trumpin hallinnosta kertoivat sekasorrosta. Witkoff <a class=\"article-genericlink\" href=\"https:\/\/www.is.fi\/ulkomaat\/art-2000011639928.html\" rel=\"nofollow noopener\" target=\"_blank\">julkaisi X:ss\u00e4 <\/a>vahingossa yksityiseksi tarkoitetun kommentin Axiosin toimittajaan viitaten, ett\u00e4 \u201dh\u00e4nen on t\u00e4ytynyt saada se K:lta\u201d. K ei voinut olla kukaan muu kuin Kirill Dmitrijev.<\/p>\n<p class=\"article-body mb-nof-24 px-nof-16\">Ulkoministeri <a class=\"article-personlink\" href=\"https:\/\/www.is.fi\/haku\/?query=Marco%20Rubion\" rel=\"nofollow noopener\" target=\"_blank\">Marco Rubion <\/a>kerrottiin sanoneen amerikkalaissenaattoreille, ett\u00e4 kyseess\u00e4 oli <a class=\"article-genericlink\" href=\"https:\/\/www.is.fi\/ulkomaat\/art-2000011645179.html\" rel=\"nofollow noopener\" target=\"_blank\">Ven\u00e4j\u00e4n \u201dtoivelista\u201d<\/a>. Rubio kiisti sanomisensa pian jyrk\u00e4sti, todenn\u00e4k\u00f6isesti pit\u00e4\u00e4kseen yll\u00e4 kuvaa hallinnon yhten\u00e4isyydest\u00e4. Kyll\u00e4 se on rauhansuunnitelma, vakuutettiin.<\/p>\n<p class=\"article-body mb-nof-24 px-nof-16\">Euroopassa painettiin paniikkinappulaa.<\/p>\n<p class=\"article-body mb-nof-24 px-nof-16\">Putinille tipahti lahja, kun Ukrainan korruptioskandaali alkoi heikent\u00e4\u00e4 presidentti <a class=\"article-personlink\" href=\"https:\/\/www.is.fi\/haku\/?query=Volodymyr%20Zelenskyin\" rel=\"nofollow noopener\" target=\"_blank\">Volodymyr Zelenskyin <\/a>asemaa. Ven\u00e4j\u00e4 jatkoi hidasta etenemist\u00e4\u00e4n It\u00e4-Ukrainan rintamalla.<\/p>\n<p class=\"article-body mb-nof-24 px-nof-16\">Vastaehdotuksena Euroopassa laadittu oikea rauhansuunnitelma meni roskiin maanantaina 1. joulukuuta, kun <a class=\"article-genericlink\" href=\"https:\/\/www.is.fi\/ulkomaat\/art-2000011665710.html\" rel=\"nofollow noopener\" target=\"_blank\">Putin toisti <\/a>uhitellen kaikki aiemmat vaatimuksensa. H\u00e4n vaatii k\u00e4yt\u00e4nn\u00f6ss\u00e4 Ukrainan antautumista.<\/p>\n<p><img decoding=\"async\" src=\"https:\/\/www.europesays.com\/fi\/wp-content\/uploads\/2025\/12\/1764865449_766_468.jpg\" alt=\"Vladimir Putin ei ole peruuttanut lainkaan tavoitteistaan Ukrainassa.\" class=\"_Img_1rerz_1\" style=\"aspect-ratio:1.520190023752969\" loading=\"eager\"\/><\/p>\n<p class=\"article-picture-caption\">Vladimir Putin ei ole peruuttanut lainkaan tavoitteistaan Ukrainassa. Kuva:\u00a0Alexander Scherbak<\/p>\n<p class=\"article-body mb-nof-24 px-nof-16\">Sen Putin toki oli paaluttanut jo siin\u00e4 vaiheessa, kun h\u00e4n l\u00e4hetti Dmitrijevin h\u00e4mment\u00e4m\u00e4\u00e4n tilannetta Yhdysvaltoihin lokakuussa.<\/p>\n<p class=\"article-body mb-nof-24 px-nof-16\">Trumpin l\u00e4hipiiriss\u00e4 on tarpeeksi ihmisi\u00e4, jotka ovat sopivan tyhmi\u00e4 uskoakseen Putinia, tai sitten riitt\u00e4v\u00e4n ahneita tarttuakseen tilaisuuteen, joka tarjoaa heille mahdollisesti joskus <a class=\"article-genericlink\" href=\"https:\/\/www.is.fi\/ulkomaat\/art-2000011652184.html\" rel=\"nofollow noopener\" target=\"_blank\">bisneksi\u00e4 ven\u00e4l\u00e4isten kanssa<\/a>.<\/p>\n<p class=\"article-body mb-nof-24 px-nof-16\">Kun Yhdysvallat sanoo, ett\u00e4 se on rauhansuunnitelma, muu maailma kuuntelee.<\/p>\n<p class=\"article-body mb-nof-24 px-nof-16\">Ongelma on, ett\u00e4 Yhdysvallat ei en\u00e4\u00e4 ole normaali toimija, vaan se on Trumpin oikkujen mukaan s\u00e4tkiv\u00e4 ep\u00e4demokraattinen suurvalta. Muiden ei pit\u00e4isi s\u00e4tki\u00e4 sen mukaan, mutta silti teemme niin, koska emme muutakaan keksi.<\/p>\n<p>Putinin luoma harha<\/p>\n<p class=\"article-body mb-nof-24 px-nof-16\">Nyt seitsem\u00e4n viikkoa Trumpin pakotep\u00e4\u00e4t\u00f6ksen j\u00e4lkeen pessimismi valtaa alaa.<\/p>\n<p class=\"article-body mb-nof-24 px-nof-16\">Presidentti Stubb valmistelee suomalaisia <a class=\"article-genericlink\" href=\"https:\/\/www.is.fi\/ulkomaat\/art-2000011667091.html\" rel=\"nofollow noopener\" target=\"_blank\">ep\u00e4oikeudenmukaiseen rauhaan<\/a>.<\/p>\n<p class=\"article-body mb-nof-24 px-nof-16\">Putin on patsastellut julkisuudessa Witkoffin ja Kushnerin Moskovan-vierailun my\u00f6t\u00e4. H\u00e4nen jokaista sanaansa on odotettu ja analysoitu.<\/p>\n<p class=\"article-body mb-nof-24 px-nof-16\">Mik\u00e4 ik\u00e4vint\u00e4, h\u00e4nt\u00e4 on laajasti my\u00f6s uskottu, vaikka aihetta ei olisikaan.<\/p>\n<p class=\"article-body mb-nof-24 px-nof-16\">Putinin mukaan Trumpin taannoiset pakotteet ovat ik\u00e4vi\u00e4, mutta Ven\u00e4j\u00e4n talous kest\u00e4\u00e4 (ehk\u00e4).<\/p>\n<p class=\"article-body mb-nof-24 px-nof-16\">Pokrovsk on vallattu (ei ole viel\u00e4k\u00e4\u00e4n, ja ven\u00e4l\u00e4isi\u00e4 on kuollut hirmuinen m\u00e4\u00e4r\u00e4).<\/p>\n<p class=\"article-body mb-nof-24 px-nof-16\">Ven\u00e4j\u00e4 p\u00e4\u00e4see tavoitteisiinsa, jos ei muuten niin sotimalla (sota on pian kest\u00e4nyt kauemmin kuin natsi-Saksan ja Neuvostoliiton sotiminen toisessa maailmansodassa, eik\u00e4 Ven\u00e4j\u00e4 ole l\u00e4hell\u00e4k\u00e4\u00e4n edes Donetskin alueen valtaamista).<\/p>\n<p class=\"article-body mb-nof-24 px-nof-16\">Putinin luoma harha Ven\u00e4j\u00e4n voittamattomuudesta on mennyt hyvin l\u00e4pi l\u00e4nness\u00e4.<\/p>\n<p class=\"article-body mb-nof-24 px-nof-16\">Pessimismi n\u00e4kyy siin\u00e4, ett\u00e4 p\u00e4\u00e4t\u00f6st\u00e4 Ven\u00e4j\u00e4n Euroopassa j\u00e4\u00e4dytettyjen varojen k\u00e4yt\u00f6st\u00e4 Ukrainan hyv\u00e4ksi ei ole saatu aikaan. Pel\u00e4t\u00e4\u00e4n, ett\u00e4 voittaja-Ven\u00e4j\u00e4 voisi joskus vaatia rahojaan takaisin.<\/p>\n<p class=\"article-body mb-nof-24 px-nof-16\">Lis\u00e4pakotteita Ven\u00e4j\u00e4lle ei Yhdysvalloista kuulu, koska neuvotteluja ei haluta vaarantaa.<\/p>\n<p class=\"article-body mb-nof-24 px-nof-16\">Kongressissa sorvatut toissijaiset pakotteet Ven\u00e4j\u00e4lt\u00e4 \u00f6ljy\u00e4 ostaville maille ovat pelkk\u00e4 tyhj\u00e4np\u00e4iv\u00e4inen paperi. Witkoff ja Kushner eiv\u00e4t neuvottele rauhasta vaan bisneksist\u00e4.<\/p>\n<p class=\"article-body mb-nof-24 px-nof-16\">L\u00e4hiajat n\u00e4ytt\u00e4v\u00e4t, mik\u00e4 Putinin informaatio-operaation lopputulos on. Se riippuu Trumpista.<\/p>\n<p class=\"article-body mb-nof-24 px-nof-16\">Jos Trump k\u00e4\u00e4ntyy taas painostamaan Ukrainaa, Putin on ottanut makean osavoiton.<\/p>\n<p class=\"article-body mb-nof-24 px-nof-16\">Lopullista voittoa se ei h\u00e4nelle viel\u00e4k\u00e4\u00e4n takaa. Se nimitt\u00e4in riippuu my\u00f6s Ukrainasta.<\/p>\n<p><img decoding=\"async\" src=\"https:\/\/www.europesays.com\/fi\/wp-content\/uploads\/2025\/12\/1764865449_803_468.jpg\" alt=\"Presidentti Donald Trump kuunteli puhetta virkahuoneessaan Valkoisessa talossa keskiviikkona. Trump ei ole toistaiseksi ilmaissut kantaansa Ukraina-neuvottelujen tilanteeseen.\" class=\"_Img_1rerz_1\" style=\"aspect-ratio:1.5\" loading=\"eager\"\/><\/p>\n<p class=\"article-picture-caption\">Presidentti Donald Trump kuunteli puhetta virkahuoneessaan Valkoisessa talossa keskiviikkona. Trump ei ole toistaiseksi ilmaissut kantaansa Ukraina-neuvottelujen tilanteeseen. Kuva:\u00a0Brian Snyder<\/p>\n","protected":false},"excerpt":{"rendered":"Ven\u00e4j\u00e4 j\u00e4rjesti informaatio-operaation, joka meni l\u00e4pi l\u00e4nness\u00e4kin, kirjoittaa Ilta-Sanomien ulkomaanuutisten tuottaja Jari Alenius. Keskiviikkona 22. lokakuuta mannerlaatat liikkuivat.&hellip;\n","protected":false},"author":2,"featured_media":107675,"comment_status":"","ping_status":"","sticky":false,"template":"","format":"standard","meta":{"footnotes":""},"categories":[5],"tags":[22,23,26,27,33,31,30,17,34,24,25,28,29,15,18,21,32,19,20,16],"class_list":{"0":"post-107674","1":"post","2":"type-post","3":"status-publish","4":"format-standard","5":"has-post-thumbnail","7":"category-otsikot","8":"tag-breaking-news","9":"tag-breakingnews","10":"tag-featured-news","11":"tag-featurednews","12":"tag-fi","13":"tag-finland","14":"tag-finnish","15":"tag-headlines","16":"tag-ilta-sanomat","17":"tag-latest-news","18":"tag-latestnews","19":"tag-main-news","20":"tag-mainnews","21":"tag-news","22":"tag-otsikot","23":"tag-paauutiset","24":"tag-suomi","25":"tag-top-stories","26":"tag-topstories","27":"tag-uutiset"},"share_on_mastodon":{"url":"https:\/\/pubeurope.com\/@fi\/115662229642545617","error":""},"_links":{"self":[{"href":"https:\/\/www.europesays.com\/fi\/wp-json\/wp\/v2\/posts\/107674","targetHints":{"allow":["GET"]}}],"collection":[{"href":"https:\/\/www.europesays.com\/fi\/wp-json\/wp\/v2\/posts"}],"about":[{"href":"https:\/\/www.europesays.com\/fi\/wp-json\/wp\/v2\/types\/post"}],"author":[{"embeddable":true,"href":"https:\/\/www.europesays.com\/fi\/wp-json\/wp\/v2\/users\/2"}],"replies":[{"embeddable":true,"href":"https:\/\/www.europesays.com\/fi\/wp-json\/wp\/v2\/comments?post=107674"}],"version-history":[{"count":0,"href":"https:\/\/www.europesays.com\/fi\/wp-json\/wp\/v2\/posts\/107674\/revisions"}],"wp:featuredmedia":[{"embeddable":true,"href":"https:\/\/www.europesays.com\/fi\/wp-json\/wp\/v2\/media\/107675"}],"wp:attachment":[{"href":"https:\/\/www.europesays.com\/fi\/wp-json\/wp\/v2\/media?parent=107674"}],"wp:term":[{"taxonomy":"category","embeddable":true,"href":"https:\/\/www.europesays.com\/fi\/wp-json\/wp\/v2\/categories?post=107674"},{"taxonomy":"post_tag","embeddable":true,"href":"https:\/\/www.europesays.com\/fi\/wp-json\/wp\/v2\/tags?post=107674"}],"curies":[{"name":"wp","href":"https:\/\/api.w.org\/{rel}","templated":true}]}}