{"id":107676,"date":"2025-12-04T16:36:09","date_gmt":"2025-12-04T16:36:09","guid":{"rendered":"https:\/\/www.europesays.com\/fi\/107676\/"},"modified":"2025-12-04T16:36:09","modified_gmt":"2025-12-04T16:36:09","slug":"reetta-hurskeelta-rohkeita-kuvia-tata-asiaa-han-on-piilotellut","status":"publish","type":"post","link":"https:\/\/www.europesays.com\/fi\/107676\/","title":{"rendered":"Reetta Hurskeelta rohkeita kuvia \u2013 t\u00e4t\u00e4 asiaa h\u00e4n on piilotellut"},"content":{"rendered":"<p>Reetta Hurske kertoi piilottelemastaan asiasta.<\/p>\n<p class=\"article-body mb-nof-24 px-nof-16\">Suomalainen pika-aituri <a class=\"article-personlink\" href=\"https:\/\/www.is.fi\/haku\/?query=Reetta%20Hurske\" rel=\"nofollow noopener\" target=\"_blank\">Reetta Hurske<\/a> julkaisi torstaina Instagramissa kuvia, joita kertoo piilotelleensa aiemmin seuraajiltaan.<\/p>\n<p class=\"article-body mb-nof-24 px-nof-16\">Hurske kertoi uudessa p\u00e4ivityksess\u00e4 itsest\u00e4\u00e4n viisi asiaa, joita h\u00e4nen seuraajansa eiv\u00e4t h\u00e4nest\u00e4 aiemmin tienneet. Yksi niist\u00e4 on se, ett\u00e4 Hurskeella on \u201dvuodenajasta riippuen enemm\u00e4n tai v\u00e4hemm\u00e4n ihottumaa\u201d.<\/p>\n<p class=\"article-body mb-nof-24 px-nof-16\">\u2013 Oon j\u00e4tt\u00e4nyt omasta mielest\u00e4ni kivoja kuvia julkaisematta niiss\u00e4 n\u00e4kyv\u00e4n ihottuman vuoksi tai ainakin pehment\u00e4nyt sit\u00e4 ihottuman kohtaa, Hurske kirjoittaa.<\/p>\n<p class=\"article-body mb-nof-24 px-nof-16\">Osassa Hurskeen jakamista kuvista aitajuoksijan k\u00e4det punoittavat liev\u00e4sti.<\/p>\n<p class=\"article-body mb-nof-24 px-nof-16\">P\u00e4ivitys on saanut kannustavan vastaanoton. Sen kommenttikentt\u00e4\u00e4n on j\u00e4tetty paljon syd\u00e4nt\u00e4 esitt\u00e4vi\u00e4 emojeita.<\/p>\n<p class=\"article-body mb-nof-24 px-nof-16\">Hurske, 30, on voittanut urallaan muun muassa 60 metrin EM-kultaa hallikisoissa 2023 ja ulkoradoilla viisi SM-kultaa 100 metrin aidoissa.<\/p>\n<p class=\"article-body mb-nof-24 px-nof-16\">H\u00e4net valittiin syyskuussa edustamaan Suomea Tokion MM-kisoissa, kun paikka aukesi <a class=\"article-personlink\" href=\"https:\/\/www.is.fi\/haku\/?query=Nooralotta%20Nezirin\" rel=\"nofollow noopener\" target=\"_blank\">Nooralotta Nezirin<\/a> loukkaannuttua viime hetkill\u00e4. Hurske ei kuitenkaan ottanut paikkaa vastaan.<\/p>\n","protected":false},"excerpt":{"rendered":"Reetta Hurske kertoi piilottelemastaan asiasta. Suomalainen pika-aituri Reetta Hurske julkaisi torstaina Instagramissa kuvia, joita kertoo piilotelleensa aiemmin seuraajiltaan.&hellip;\n","protected":false},"author":2,"featured_media":107677,"comment_status":"","ping_status":"","sticky":false,"template":"","format":"standard","meta":{"footnotes":""},"categories":[136],"tags":[407,137,33,31,30,34,408,32,109],"class_list":{"0":"post-107676","1":"post","2":"type-post","3":"status-publish","4":"format-standard","5":"has-post-thumbnail","7":"category-julkkikset","8":"tag-celebrities","9":"tag-entertainment","10":"tag-fi","11":"tag-finland","12":"tag-finnish","13":"tag-ilta-sanomat","14":"tag-julkkikset","15":"tag-suomi","16":"tag-viihde"},"share_on_mastodon":{"url":"https:\/\/pubeurope.com\/@fi\/115662276756181707","error":""},"_links":{"self":[{"href":"https:\/\/www.europesays.com\/fi\/wp-json\/wp\/v2\/posts\/107676","targetHints":{"allow":["GET"]}}],"collection":[{"href":"https:\/\/www.europesays.com\/fi\/wp-json\/wp\/v2\/posts"}],"about":[{"href":"https:\/\/www.europesays.com\/fi\/wp-json\/wp\/v2\/types\/post"}],"author":[{"embeddable":true,"href":"https:\/\/www.europesays.com\/fi\/wp-json\/wp\/v2\/users\/2"}],"replies":[{"embeddable":true,"href":"https:\/\/www.europesays.com\/fi\/wp-json\/wp\/v2\/comments?post=107676"}],"version-history":[{"count":0,"href":"https:\/\/www.europesays.com\/fi\/wp-json\/wp\/v2\/posts\/107676\/revisions"}],"wp:featuredmedia":[{"embeddable":true,"href":"https:\/\/www.europesays.com\/fi\/wp-json\/wp\/v2\/media\/107677"}],"wp:attachment":[{"href":"https:\/\/www.europesays.com\/fi\/wp-json\/wp\/v2\/media?parent=107676"}],"wp:term":[{"taxonomy":"category","embeddable":true,"href":"https:\/\/www.europesays.com\/fi\/wp-json\/wp\/v2\/categories?post=107676"},{"taxonomy":"post_tag","embeddable":true,"href":"https:\/\/www.europesays.com\/fi\/wp-json\/wp\/v2\/tags?post=107676"}],"curies":[{"name":"wp","href":"https:\/\/api.w.org\/{rel}","templated":true}]}}