{"id":107678,"date":"2025-12-04T16:43:09","date_gmt":"2025-12-04T16:43:09","guid":{"rendered":"https:\/\/www.europesays.com\/fi\/107678\/"},"modified":"2025-12-04T16:43:09","modified_gmt":"2025-12-04T16:43:09","slug":"max-verstappen-lausui-ikavat-sanat-kilpakumppaneiden-kannalta","status":"publish","type":"post","link":"https:\/\/www.europesays.com\/fi\/107678\/","title":{"rendered":"Max Verstappen lausui ik\u00e4v\u00e4t sanat kilpakumppaneiden kannalta"},"content":{"rendered":"<p>Red Bullin F1-t\u00e4hti <strong>Max Verstappen<\/strong> hakee viikonloppuna Abu Dhabista jo uransa viidett\u00e4 maailmanmestaruutta.<\/p>\n<p>Kausi alkoi Verstappenin osalta ilman todellista roolia mestaruustaistelussa, sill\u00e4 McLarenin <strong>Lando Norris<\/strong> ja <strong>Oscar Piastri<\/strong> hallitsivat k\u00e4rjess\u00e4 l\u00e4pi vuoden ensimm\u00e4isen puoliskon.<\/p>\n<p>Kes\u00e4tauon j\u00e4lkeen tapahtunut tasonnosto nosti Verstappenin kuitenkin yll\u00e4tt\u00e4en mukaan mestaruuskamppailuun kauden loppusuoralla.<\/p>\n<p>McLarenin kaksoishylk\u00e4ys Las Vegasissa ja ep\u00e4onnistunut strategia Qatarissa antoivat Verstappenille kuitenkin lis\u00e4\u00e4 aseita \u2014 ja h\u00e4n saapuu Abu Dhabin GP:hen en\u00e4\u00e4 12 pistett\u00e4 Norrisia per\u00e4ss\u00e4.<\/p>\n<p>Kilpakumppaneiden kannalta on hieman huolestuttavaa se, miten tyynesti nelinkertainen mestari tilanteeseen suhtautuu.<\/p>\n<p>\u2013 Olen todella rento, ei minulla ole mit\u00e4\u00e4n h\u00e4vitt\u00e4v\u00e4\u00e4, Verstappen sanoi torstaina.<\/p>\n<p>\u2013 Nautin vain siit\u00e4, ett\u00e4 saan olla t\u00e4\u00e4ll\u00e4. Minulle kyse ei ole edes pelk\u00e4st\u00e4\u00e4n t\u00e4st\u00e4 viikonlopusta. Olen nauttinut koko kauden j\u00e4lkimm\u00e4isest\u00e4 puoliskosta \u2013 ty\u00f6skentelyst\u00e4 tiimin kanssa ja siit\u00e4, miten olemme pystyneet k\u00e4\u00e4nt\u00e4m\u00e4\u00e4n vaikeat ajat voitoksi, Verstappen jatkoi.<\/p>\n<p>Red Bullin alkukausi ei tosiaan mennyt ihan putkeen.<\/p>\n<p>\u2013 Kun viel\u00e4 jokaisen kisan j\u00e4lkeen keskustelimme pettynein\u00e4 ja turhautuneina suorituksiin, ja nyt taas saamme iloita, hymyill\u00e4 ja ottaa voittoja \u2013 se on upeaa, hollantilainen iloitsi.<\/p>\n<p>F1-kausi p\u00e4\u00e4ttyy tulevana viikonloppuna Abu Dhabissa. <a href=\"https:\/\/atleetti.fi\/formula-1-abu-dhabin-grand-prix-aikataulu-tv-ja-kuskit\/\" data-type=\"link\" data-id=\"https:\/\/atleetti.fi\/formula-1-abu-dhabin-grand-prix-aikataulu-tv-ja-kuskit\/\" rel=\"noopener nofollow\" target=\"_blank\">Kaiken olennaisen viikonlopusta l\u00f6yd\u00e4t t\u00e4\u00e4lt\u00e4<\/a>.<\/p>\n<p><strong>LUE MY\u00d6S:\u00a0<a href=\"https:\/\/atleetti.fi\/kaisa-makarainen-paljasti-ylella-poikkeavan-yksityiskohdan-ampumahiihdon-suomalaissensaatiosta-sita-on-saatu-nopeutettua\/\" target=\"_blank\" rel=\"nofollow noopener\">Kaisa M\u00e4k\u00e4r\u00e4inen paljasti Ylell\u00e4 poikkeavan yksityiskohdan ampumahiihdon suomalaissensaatiosta (Atleetti.fi) <\/a><\/strong><\/p>\n","protected":false},"excerpt":{"rendered":"Red Bullin F1-t\u00e4hti Max Verstappen hakee viikonloppuna Abu Dhabista jo uransa viidett\u00e4 maailmanmestaruutta. Kausi alkoi Verstappenin osalta ilman&hellip;\n","protected":false},"author":2,"featured_media":107679,"comment_status":"","ping_status":"","sticky":false,"template":"","format":"standard","meta":{"footnotes":""},"categories":[158],"tags":[33,31,30,159,32,160],"class_list":{"0":"post-107678","1":"post","2":"type-post","3":"status-publish","4":"format-standard","5":"has-post-thumbnail","7":"category-urheilu","8":"tag-fi","9":"tag-finland","10":"tag-finnish","11":"tag-sports","12":"tag-suomi","13":"tag-urheilu"},"share_on_mastodon":{"url":"https:\/\/pubeurope.com\/@fi\/115662304468698355","error":""},"_links":{"self":[{"href":"https:\/\/www.europesays.com\/fi\/wp-json\/wp\/v2\/posts\/107678","targetHints":{"allow":["GET"]}}],"collection":[{"href":"https:\/\/www.europesays.com\/fi\/wp-json\/wp\/v2\/posts"}],"about":[{"href":"https:\/\/www.europesays.com\/fi\/wp-json\/wp\/v2\/types\/post"}],"author":[{"embeddable":true,"href":"https:\/\/www.europesays.com\/fi\/wp-json\/wp\/v2\/users\/2"}],"replies":[{"embeddable":true,"href":"https:\/\/www.europesays.com\/fi\/wp-json\/wp\/v2\/comments?post=107678"}],"version-history":[{"count":0,"href":"https:\/\/www.europesays.com\/fi\/wp-json\/wp\/v2\/posts\/107678\/revisions"}],"wp:featuredmedia":[{"embeddable":true,"href":"https:\/\/www.europesays.com\/fi\/wp-json\/wp\/v2\/media\/107679"}],"wp:attachment":[{"href":"https:\/\/www.europesays.com\/fi\/wp-json\/wp\/v2\/media?parent=107678"}],"wp:term":[{"taxonomy":"category","embeddable":true,"href":"https:\/\/www.europesays.com\/fi\/wp-json\/wp\/v2\/categories?post=107678"},{"taxonomy":"post_tag","embeddable":true,"href":"https:\/\/www.europesays.com\/fi\/wp-json\/wp\/v2\/tags?post=107678"}],"curies":[{"name":"wp","href":"https:\/\/api.w.org\/{rel}","templated":true}]}}