{"id":107680,"date":"2025-12-04T16:44:12","date_gmt":"2025-12-04T16:44:12","guid":{"rendered":"https:\/\/www.europesays.com\/fi\/107680\/"},"modified":"2025-12-04T16:44:12","modified_gmt":"2025-12-04T16:44:12","slug":"linnan-juhlat-2025-tallaisia-koruja-juhlassa-nahdaan","status":"publish","type":"post","link":"https:\/\/www.europesays.com\/fi\/107680\/","title":{"rendered":"Linnan juhlat 2025: T\u00e4llaisia koruja juhlassa n\u00e4hd\u00e4\u00e4n"},"content":{"rendered":"<p>Esimerkiksi juontaja Johannes Mollberg s\u00e4v\u00e4ytt\u00e4\u00e4 asunsa persoonallisella yksityiskohdalla.<\/p>\n<p class=\"article-body mb-nof-24 px-nof-16\">Linnan juhlissa n\u00e4hd\u00e4\u00e4n vuosittain paitsi pukuloistoa, my\u00f6s koruloistoa. T\u00e4n\u00e4 vuonna kattokruunujen kanssa kilpaa s\u00e4ken\u00f6i lukuisat kauniit ja persoonallisetkin korut.<\/p>\n<p class=\"article-body mb-nof-24 px-nof-16\">Suomen Kultaseppien Liitto on esitellyt Linnassa n\u00e4ht\u00e4vi\u00e4 koruja tiedotteessaan.<\/p>\n<p class=\"article-body mb-nof-24 px-nof-16\">Yksi huomiota her\u00e4tt\u00e4v\u00e4 yksityiskohta n\u00e4hd\u00e4\u00e4n juontaja ja k\u00e4sikirjoittaja <a class=\"article-personlink\" href=\"https:\/\/www.is.fi\/haku\/?query=Johannes%20Mollbergin\" rel=\"nofollow noopener\" target=\"_blank\">Johannes Mollbergin<\/a> yll\u00e4. H\u00e4nelle on teetetty uniikit, hopeaiset kalvosinnapit, joihin on tyylitelty radiojuontajien <a class=\"article-personlink\" href=\"https:\/\/www.is.fi\/haku\/?query=Ville%20%E2%80%9DViki%E2%80%9D%20Eerikkil%C3%A4n\" rel=\"nofollow noopener\" target=\"_blank\">Ville \u201dViki\u201d Eerikkil\u00e4n<\/a> ja <a class=\"article-personlink\" href=\"https:\/\/www.is.fi\/haku\/?query=Juuso%20%E2%80%9DK%C3%B6pi%E2%80%9D%20Kallion\" rel=\"nofollow noopener\" target=\"_blank\">Juuso \u201dK\u00f6pi\u201d Kallion<\/a> kasvot.<\/p>\n<p class=\"article-body mb-nof-24 px-nof-16\">Viki ja K\u00f6pi -kalvosinnapit on suunnitellut ja valmistanut kultasepp\u00e4 ja korusuunnittelija <a class=\"article-personlink\" href=\"https:\/\/www.is.fi\/haku\/?query=Pinja%20Gr%C3%B6n\" rel=\"nofollow noopener\" target=\"_blank\">Pinja Gr\u00f6n<\/a>.<\/p>\n<p class=\"article-body mb-nof-24 px-nof-16\">Mollbergilla on selv\u00e4 yhteys Eerikkil\u00e4\u00e4n ja Kallioon, sill\u00e4 h\u00e4n toimii heid\u00e4n Viki ja K\u00f6pi Show\u2019nsa taustatoimittajana.<\/p>\n<p class=\"article-body mb-nof-24 px-nof-16\">Kiinnostava yksityiskohta n\u00e4hd\u00e4\u00e4n my\u00f6s elokuvaohjaaja <a class=\"article-personlink\" href=\"https:\/\/www.is.fi\/haku\/?query=Jalmari%20Helanderin\" rel=\"nofollow noopener\" target=\"_blank\">Jalmari Helanderin<\/a> rintamuksessa. Sisu-elokuvien ohjaaja koristaa pukuaan aidolta puukolta n\u00e4ytt\u00e4v\u00e4ll\u00e4 rintakorulla, joka on valmistettu hopeasta ja keltakullasta. \u201dPuukon\u201d on valmistanut kultasepp\u00e4 ja artesaani <a class=\"article-personlink\" href=\"https:\/\/www.is.fi\/haku\/?query=Jarkko%20Pyysing\" rel=\"nofollow noopener\" target=\"_blank\">Jarkko Pyysing<\/a>.<\/p>\n<p class=\"article-body mb-nof-24 px-nof-16\">Pyysing kertoo IS:lle, ett\u00e4 h\u00e4nen tarkoituksenaan oli tehd\u00e4 mahdollisimman aidon n\u00e4k\u00f6inen puukkokoru. Puukko on noin viiden senttimetrin pituinen. Kuten aidossa puukossa, korussakin on ter\u00e4osa, hela ja kahva.<\/p>\n<p class=\"article-body mb-nof-24 px-nof-16\">\u2013 Joten periaatteessa voidaan sanoa kyseess\u00e4 olevan niin aito puukko kuin jalometalleista tehtyn\u00e4 se vain voi olla, h\u00e4n kertoo.<\/p>\n<p><img decoding=\"async\" src=\"https:\/\/www.europesays.com\/fi\/wp-content\/uploads\/2025\/12\/1764866652_487_468.jpg\" alt=\"Jalmari Helanderin rintapieless\u00e4 n\u00e4hd\u00e4\u00e4n puukkokoru.\" class=\"_Img_1rerz_1\" style=\"aspect-ratio:1\" loading=\"eager\"\/><\/p>\n<p class=\"article-picture-caption\">Jalmari Helanderin rintapieless\u00e4 n\u00e4hd\u00e4\u00e4n puukkokoru. Kuva:\u00a0Jarkko Pyysing<\/p>\n<p class=\"article-body mb-nof-24 px-nof-16\">Vaaratilanteita korusta ei aiheudu.<\/p>\n<p class=\"article-body mb-nof-24 px-nof-16\">\u2013 Korusta oli tekovaiheessa tulossa hyvin ter\u00e4v\u00e4, ja jouduinkin sit\u00e4 jo ihan k\u00e4yt\u00e4nn\u00f6n syist\u00e4 tylsytt\u00e4m\u00e4\u00e4n, ettei tule asusteisiin reiki\u00e4, Pyysing sanoo.<\/p>\n<p class=\"article-body mb-nof-24 px-nof-16\">Yksi Linnan odotetuimmista vieraista on Suomea Euroviisuissa edustanut poppari <a class=\"article-personlink\" href=\"https:\/\/www.is.fi\/haku\/?query=Erika%20Vikman\" rel=\"nofollow noopener\" target=\"_blank\">Erika Vikman<\/a>. H\u00e4n koristaa juhla-asunsa glamouria henkivill\u00e4 A. Tillanderin timanttikaula- ja rannekorulla sek\u00e4 timanttikorvakoruilla. Materiaaleina koruissa on k\u00e4ytetty 18 karaatin valkokultaa ja brillianttihiontaisia timantteja.<\/p>\n<p class=\"article-body mb-nof-24 px-nof-16\">Useampi Linna-vieras luottaa koruissaan suunnittelija <a class=\"article-personlink\" href=\"https:\/\/www.is.fi\/haku\/?query=Mert%20Otsamon\" rel=\"nofollow noopener\" target=\"_blank\">Mert Otsamon<\/a> k\u00e4denj\u00e4lkeen. H\u00e4nen korvakorujaan n\u00e4hd\u00e4\u00e4n europarlamentaarikko <a class=\"article-personlink\" href=\"https:\/\/www.is.fi\/haku\/?query=Maria%20Guzeninan\" rel=\"nofollow noopener\" target=\"_blank\">Maria Guzeninan<\/a>, Sdp:n vbarapuheenjohtaja <a class=\"article-personlink\" href=\"https:\/\/www.is.fi\/haku\/?query=Nasima%20Razmyarin\" rel=\"nofollow noopener\" target=\"_blank\">Nasima Razmyarin<\/a> sek\u00e4 <a class=\"article-personlink\" href=\"https:\/\/www.is.fi\/haku\/?query=Juha%20Tapion\" rel=\"nofollow noopener\" target=\"_blank\">Juha Tapion<\/a> vaimon <a class=\"article-personlink\" href=\"https:\/\/www.is.fi\/haku\/?query=Raija%20Tapion\" rel=\"nofollow noopener\" target=\"_blank\">Raija Tapion<\/a> korvissa. My\u00f6s juhlissa esiintyv\u00e4 <a class=\"article-personlink\" href=\"https:\/\/www.is.fi\/haku\/?query=Jenni%20Vartiainen\" rel=\"nofollow noopener\" target=\"_blank\">Jenni Vartiainen<\/a> viimeistelee tyylins\u00e4 Otsamon k\u00e4denj\u00e4ljell\u00e4, tosin k\u00e4sikorun muodossa.<\/p>\n","protected":false},"excerpt":{"rendered":"Esimerkiksi juontaja Johannes Mollberg s\u00e4v\u00e4ytt\u00e4\u00e4 asunsa persoonallisella yksityiskohdalla. Linnan juhlissa n\u00e4hd\u00e4\u00e4n vuosittain paitsi pukuloistoa, my\u00f6s koruloistoa. T\u00e4n\u00e4 vuonna&hellip;\n","protected":false},"author":2,"featured_media":107681,"comment_status":"","ping_status":"","sticky":false,"template":"","format":"standard","meta":{"footnotes":""},"categories":[130],"tags":[137,33,31,30,34,32,109],"class_list":{"0":"post-107680","1":"post","2":"type-post","3":"status-publish","4":"format-standard","5":"has-post-thumbnail","7":"category-viihde","8":"tag-entertainment","9":"tag-fi","10":"tag-finland","11":"tag-finnish","12":"tag-ilta-sanomat","13":"tag-suomi","14":"tag-viihde"},"share_on_mastodon":{"url":"https:\/\/pubeurope.com\/@fi\/115662308363283129","error":""},"_links":{"self":[{"href":"https:\/\/www.europesays.com\/fi\/wp-json\/wp\/v2\/posts\/107680","targetHints":{"allow":["GET"]}}],"collection":[{"href":"https:\/\/www.europesays.com\/fi\/wp-json\/wp\/v2\/posts"}],"about":[{"href":"https:\/\/www.europesays.com\/fi\/wp-json\/wp\/v2\/types\/post"}],"author":[{"embeddable":true,"href":"https:\/\/www.europesays.com\/fi\/wp-json\/wp\/v2\/users\/2"}],"replies":[{"embeddable":true,"href":"https:\/\/www.europesays.com\/fi\/wp-json\/wp\/v2\/comments?post=107680"}],"version-history":[{"count":0,"href":"https:\/\/www.europesays.com\/fi\/wp-json\/wp\/v2\/posts\/107680\/revisions"}],"wp:featuredmedia":[{"embeddable":true,"href":"https:\/\/www.europesays.com\/fi\/wp-json\/wp\/v2\/media\/107681"}],"wp:attachment":[{"href":"https:\/\/www.europesays.com\/fi\/wp-json\/wp\/v2\/media?parent=107680"}],"wp:term":[{"taxonomy":"category","embeddable":true,"href":"https:\/\/www.europesays.com\/fi\/wp-json\/wp\/v2\/categories?post=107680"},{"taxonomy":"post_tag","embeddable":true,"href":"https:\/\/www.europesays.com\/fi\/wp-json\/wp\/v2\/tags?post=107680"}],"curies":[{"name":"wp","href":"https:\/\/api.w.org\/{rel}","templated":true}]}}