{"id":107687,"date":"2025-12-04T16:50:11","date_gmt":"2025-12-04T16:50:11","guid":{"rendered":"https:\/\/www.europesays.com\/fi\/107687\/"},"modified":"2025-12-04T16:50:11","modified_gmt":"2025-12-04T16:50:11","slug":"valkoinen-sisustus-ei-ole-kaikkien-mieleen-sisustustrendit-joista-halutaan-jo-eroon","status":"publish","type":"post","link":"https:\/\/www.europesays.com\/fi\/107687\/","title":{"rendered":"Valkoinen sisustus ei ole kaikkien mieleen \u2013 sisustustrendit, joista halutaan jo eroon"},"content":{"rendered":"<p>IS:n lukijat paljastivat, mit\u00e4 sisustustrendi\u00e4 he eiv\u00e4t omaan kotiinsa huolisi.<\/p>\n<p>Lue tiivistelm\u00e4<\/p>\n<p>Tiivistelm\u00e4 on teko\u00e4lyn tekem\u00e4 ja ihmisen tarkistama.<\/p>\n<p class=\"article-body mb-nof-24 px-nof-16 sndp-summary-bullet-point-font\">Ilta-Sanomien yli 17 000 vastaajan kyselyss\u00e4 suomalaisten inhokkisisustustyyli on teollinen ja urbaani.<\/p>\n<p class=\"article-body mb-nof-24 px-nof-16 sndp-summary-bullet-point-font\">My\u00f6s kokovalkoinen sisustus saa kritiikki\u00e4. Vastaajat kuvaavat valkoista sisustusta sairaalamaisen kylm\u00e4ksi, persoonattomaksi ja tyls\u00e4ksi.<\/p>\n<p class=\"article-body mb-nof-24 px-nof-16 sndp-summary-bullet-point-font\">Monet suomalaiset kaipaavat nyt rohkeampaa v\u00e4rien k\u00e4ytt\u00f6\u00e4 ja persoonallisuutta koteihinsa valkoisen sijaan.<\/p>\n<p class=\"article-body mb-nof-24 px-nof-16\">Kerroimme hiljattain Tikkurilan vuoden <a class=\"article-genericlink\" href=\"https:\/\/www.is.fi\/asuminen\/art-2000011657273.html\" rel=\"nofollow noopener\" target=\"_blank\">2026 v\u00e4rist\u00e4<\/a>. Se on 70-luvultakin tuttu keltavihre\u00e4, jota jotkut kutsuvat my\u00f6s sinapinv\u00e4riseksi.<\/p>\n<p class=\"article-body mb-nof-24 px-nof-16\">Persoonallinen v\u00e4ri jakoi kansan mielipiteet IS:n \u00e4\u00e4nestyksess\u00e4.<\/p>\n<p class=\"article-body mb-nof-24 px-nof-16\">43 prosenttia vastaajista kertoi, ettei pid\u00e4 v\u00e4rist\u00e4. 26 prosenttia piti sit\u00e4 ihanana, 31 prosenttia taas suhtautui siihen neutraalisti.<\/p>\n<p class=\"article-body mb-nof-24 px-nof-16\">Kyselyst\u00e4 k\u00e4vi my\u00f6s ilmi, ett\u00e4 70-luvun estetiikan sijaan suomalaiset pit\u00e4v\u00e4n enemm\u00e4n 50- ja 60-luvun estetiikasta.<\/p>\n<p>T\u00e4m\u00e4 sisustustyyli joutaisi jo romukoppaan<\/p>\n<p class=\"article-body mb-nof-24 px-nof-16\">Erilaisia sisustustyylej\u00e4 on lukemattomia. Pyysimme suomalaisia valitsemaan inhokkinsa ja suosikkinsa yleisimpien tyylien joukosta. Kyselyyn kertyi yli 17\u00a0000 vastausta.<\/p>\n<p class=\"article-body mb-nof-24 px-nof-16\">Kyselyn perusteella suomalaisten inhokkityyli on teollinen ja urbaani. N\u00e4in totesi 32 prosenttia vastaajista. Toisiksi inhotuin tyyli on moderni minimalismi 25 prosentilla.<\/p>\n<p class=\"article-body mb-nof-24 px-nof-16\">Sisustustyyleist\u00e4 suomalaisten suosikki on skandinaavinen sisustus 38 prosentin \u00e4\u00e4nisaaliilla.<\/p>\n<p class=\"article-body mb-nof-24 px-nof-16\">Tosin skandinaavisen sisustuksen tulee kommenttien perusteella olla muutakin kuin yksiv\u00e4rinen. Kysyimme nimitt\u00e4in suomalaisilta sit\u00e4kin, mink\u00e4 sisustustrendin he toivoisivat jo katoavan, ja mit\u00e4 he eiv\u00e4t omaan kotiinsa huolisi.<\/p>\n<p class=\"article-body mb-nof-24 px-nof-16\">Vastaukset olivat harvinaisen selvi\u00e4, ja niiden perusteella suomalaisilla on ylivoimainen inhokki. Se on kokovalkoinen sisustus. N\u00e4in suomalaiset perustelivat n\u00e4kemyksi\u00e4\u00e4n.<\/p>\n<blockquote class=\"[font-style:var(--blockquote-font-style,italic)] m-[var(--blockquote-margin)] pl-[calc(var(--nof-core-dimension-200)+var(--blockquote-border-width))] relative before:absolute before:left-0 before:h-full before:w-[var(--blockquote-border-width)] before:border-l-[length:var(--blockquote-border-width)] before:border-l-[color:var(--blockquote-border-color)] before:-skew-y-[var(--blockquote-border-skew,0deg)]\">\n<p class=\"article-body mb-nof-8\">Vitivalkoinen sisustus. Kylm\u00e4\u00e4 ja karmeaa, kun miss\u00e4\u00e4n ei ole mit\u00e4\u00e4n, mik\u00e4 her\u00e4tt\u00e4isi mielenkiintoa, 39-vuotias nainen pohtii.<\/p>\n<\/blockquote>\n<blockquote class=\"[font-style:var(--blockquote-font-style,italic)] m-[var(--blockquote-margin)] pl-[calc(var(--nof-core-dimension-200)+var(--blockquote-border-width))] relative before:absolute before:left-0 before:h-full before:w-[var(--blockquote-border-width)] before:border-l-[length:var(--blockquote-border-width)] before:border-l-[color:var(--blockquote-border-color)] before:-skew-y-[var(--blockquote-border-skew,0deg)]\">\n<p class=\"article-body mb-nof-8\">Beige ja valkoinen ovat mit\u00e4\u00e4nsanomattomia, persoonattomia ja steriilej\u00e4, nainen, 65, perustelee.<\/p>\n<\/blockquote>\n<blockquote class=\"[font-style:var(--blockquote-font-style,italic)] m-[var(--blockquote-margin)] pl-[calc(var(--nof-core-dimension-200)+var(--blockquote-border-width))] relative before:absolute before:left-0 before:h-full before:w-[var(--blockquote-border-width)] before:border-l-[length:var(--blockquote-border-width)] before:border-l-[color:var(--blockquote-border-color)] before:-skew-y-[var(--blockquote-border-skew,0deg)]\">\n<p class=\"article-body mb-nof-8\">Skandinaavinen valkoinen. En voi siet\u00e4\u00e4, ett\u00e4 kaikki vedet\u00e4\u00e4n valkoiseksi lattioita my\u00f6ten, 47-vuotias nainen kertoo.<\/p>\n<\/blockquote>\n<blockquote class=\"[font-style:var(--blockquote-font-style,italic)] m-[var(--blockquote-margin)] pl-[calc(var(--nof-core-dimension-200)+var(--blockquote-border-width))] relative before:absolute before:left-0 before:h-full before:w-[var(--blockquote-border-width)] before:border-l-[length:var(--blockquote-border-width)] before:border-l-[color:var(--blockquote-border-color)] before:-skew-y-[var(--blockquote-border-skew,0deg)]\">\n<p class=\"article-body mb-nof-8\">En tajua koteja, joissa kaiken pit\u00e4\u00e4 olla valkoista. Siin\u00e4h\u00e4n n\u00e4kyy lika ja p\u00f6lykin herkemmin. Jotenkin liian sairaalamaista, 50-vuotias nainen pohtii.<\/p>\n<\/blockquote>\n<p><img decoding=\"async\" src=\"https:\/\/www.europesays.com\/fi\/wp-content\/uploads\/2025\/12\/1764867010_611_468.jpg\" alt=\"Valkoista sisustusta voi pirist\u00e4\u00e4 helposti pienill\u00e4 yksityiskohdilla.\" class=\"_Img_1rerz_1\" style=\"aspect-ratio:0.8015625\" loading=\"eager\"\/><\/p>\n<p class=\"article-picture-caption\">Valkoista sisustusta voi pirist\u00e4\u00e4 helposti pienill\u00e4 yksityiskohdilla. Kuva:\u00a0Ulla-Maija L\u00e4hteenm\u00e4ki<\/p>\n<p class=\"article-body mb-nof-24 px-nof-16\">T\u00e4ll\u00e4 hetkell\u00e4 yksi varsinkin nuorten suosima trendi on<a class=\"article-genericlink\" href=\"https:\/\/www.is.fi\/asuminen\/art-2000011500507.html\" rel=\"nofollow noopener\" target=\"_blank\"> dopamiinisisustus<\/a>. Sosiaalisesta mediasta alkunsa saaneen dopamiinisisustuksen on tarkoitus her\u00e4tt\u00e4\u00e4 iloa. Sen kulmakivi\u00e4 ovatkin rohkeat v\u00e4rit ja leikkis\u00e4t kuviot, jotka laukaisevat aivoissa onnellisuutta.<\/p>\n<p class=\"article-body mb-nof-24 px-nof-16\">Toisin kuin minimalistisessa sisustustyyliss\u00e4, dopamiini\u00adsisustuksessa unohdetaan kaikki \u201ds\u00e4\u00e4nn\u00f6t\u201d. Sisustustyyli\u00e4 suosivat eiv\u00e4t mieti liikaa sit\u00e4, mik\u00e4 sopii mink\u00e4kin kanssa yhteen. Sen sijaan tyyliss\u00e4 asetetaan henkil\u00f6kohtaiset mieltymykset t\u00e4ydellisen harmonian tavoittelun edelle.<\/p>\n<p class=\"article-body mb-nof-24 px-nof-16\">My\u00f6s kyselyyn kertyneiden kommenttien perusteella suomalaiset kaipaavat nyt persoonallisuutta ja v\u00e4rej\u00e4 valkoisen tilalle.<\/p>\n<blockquote class=\"[font-style:var(--blockquote-font-style,italic)] m-[var(--blockquote-margin)] pl-[calc(var(--nof-core-dimension-200)+var(--blockquote-border-width))] relative before:absolute before:left-0 before:h-full before:w-[var(--blockquote-border-width)] before:border-l-[length:var(--blockquote-border-width)] before:border-l-[color:var(--blockquote-border-color)] before:-skew-y-[var(--blockquote-border-skew,0deg)]\">\n<p class=\"article-body mb-nof-8\">Vaaleat sisustukset ovat todella tympeit\u00e4, mielikuvituksettomia ja tylsi\u00e4. Siin\u00e4 ei paljon punainen tehostetyyny auta. T\u00e4\u00e4ll\u00e4 pohjolassakin ihmisten tulisi uskaltaa k\u00e4ytt\u00e4\u00e4 v\u00e4rej\u00e4, eik\u00e4 vain vaalia sit\u00e4 sairaalamaista ja kylm\u00e4\u00e4 tunnelmaa, mit\u00e4 suuri osa nykyasunnoista edustaa, 61-vuotias mies kirjoittaa.<\/p>\n<\/blockquote>\n<p><img decoding=\"async\" src=\"https:\/\/www.europesays.com\/fi\/wp-content\/uploads\/2025\/12\/1764867010_544_468.jpg\" alt=\"Vastausten perusteella suomalaiset ihailevat persoonallisia koteja.\" class=\"_Img_1rerz_1\" style=\"aspect-ratio:1.5011727912431587\" loading=\"eager\"\/><\/p>\n<p class=\"article-picture-caption\">Vastausten perusteella suomalaiset ihailevat persoonallisia koteja. Kuva:\u00a0Tatu Lertola<\/p>\n<blockquote class=\"[font-style:var(--blockquote-font-style,italic)] m-[var(--blockquote-margin)] pl-[calc(var(--nof-core-dimension-200)+var(--blockquote-border-width))] relative before:absolute before:left-0 before:h-full before:w-[var(--blockquote-border-width)] before:border-l-[length:var(--blockquote-border-width)] before:border-l-[color:var(--blockquote-border-color)] before:-skew-y-[var(--blockquote-border-skew,0deg)]\">\n<p class=\"article-body mb-nof-8\">Valkean, mustan ja harmaan v\u00e4ripaletti, jota piristet\u00e4\u00e4n greigell\u00e4 ja vaalean ruskealle \u2013 voi tylsyyksien tylsyys! Suomalaisilta puuttuu rohkeus k\u00e4ytt\u00e4\u00e4 v\u00e4ri\u00e4 sisustuksessa. Meid\u00e4t on opetettu siihen, ettei laiteta v\u00e4ri\u00e4 kotiin, jos vaikka siihen kyll\u00e4styy. Mit\u00e4 sitten? V\u00e4rin voi aina vaihtaa! 53-vuotias nainen pohtii.<\/p>\n<\/blockquote>\n<blockquote class=\"[font-style:var(--blockquote-font-style,italic)] m-[var(--blockquote-margin)] pl-[calc(var(--nof-core-dimension-200)+var(--blockquote-border-width))] relative before:absolute before:left-0 before:h-full before:w-[var(--blockquote-border-width)] before:border-l-[length:var(--blockquote-border-width)] before:border-l-[color:var(--blockquote-border-color)] before:-skew-y-[var(--blockquote-border-skew,0deg)]\">\n<p class=\"article-body mb-nof-8\">Skandinaavinen sisustus, jossa on vain valkoista, on aivan kamalan steriili\u00e4 ja hapetonta. Pid\u00e4n siit\u00e4, ett\u00e4 kodissa on kerroksia, vanhoja tavaroita ja persoonallista sisustamista, 61-vuotias nainen vastaa.<\/p>\n<\/blockquote>\n<blockquote class=\"[font-style:var(--blockquote-font-style,italic)] m-[var(--blockquote-margin)] pl-[calc(var(--nof-core-dimension-200)+var(--blockquote-border-width))] relative before:absolute before:left-0 before:h-full before:w-[var(--blockquote-border-width)] before:border-l-[length:var(--blockquote-border-width)] before:border-l-[color:var(--blockquote-border-color)] before:-skew-y-[var(--blockquote-border-skew,0deg)]\">\n<p class=\"article-body mb-nof-8\">Se, ett\u00e4 kaikki on valkoista ja harmaata, on ihan hirve\u00e4t\u00e4! V\u00e4ri\u00e4 pit\u00e4\u00e4 olla! Nainen, 63, kirjoittaa.<\/p>\n<\/blockquote>\n<blockquote class=\"[font-style:var(--blockquote-font-style,italic)] m-[var(--blockquote-margin)] pl-[calc(var(--nof-core-dimension-200)+var(--blockquote-border-width))] relative before:absolute before:left-0 before:h-full before:w-[var(--blockquote-border-width)] before:border-l-[length:var(--blockquote-border-width)] before:border-l-[color:var(--blockquote-border-color)] before:-skew-y-[var(--blockquote-border-skew,0deg)]\">\n<p class=\"article-body mb-nof-8\">Liian valkoinen, harmaa tai beige sisustus on kammottavaa! Suomessa tarvitaan v\u00e4rej\u00e4 sisustukseen. Nainen 53<\/p>\n<\/blockquote>\n<p><img decoding=\"async\" src=\"https:\/\/www.europesays.com\/fi\/wp-content\/uploads\/2025\/12\/1764867011_838_468.jpg\" alt=\"My\u00f6s remontteihin toivotaan v\u00e4rej\u00e4.\" class=\"_Img_1rerz_1\" style=\"aspect-ratio:0.6796875\" loading=\"eager\"\/><\/p>\n<p class=\"article-picture-caption\">My\u00f6s remontteihin toivotaan v\u00e4rej\u00e4. Kuva:\u00a0Ulla-Maija L\u00e4hteenm\u00e4ki<\/p>\n<p class=\"article-body mb-nof-24 px-nof-16\">Samat n\u00e4kemykset p\u00e4tev\u00e4t my\u00f6s remontointi- ja rakentamisratkaisuihin.<\/p>\n<blockquote class=\"[font-style:var(--blockquote-font-style,italic)] m-[var(--blockquote-margin)] pl-[calc(var(--nof-core-dimension-200)+var(--blockquote-border-width))] relative before:absolute before:left-0 before:h-full before:w-[var(--blockquote-border-width)] before:border-l-[length:var(--blockquote-border-width)] before:border-l-[color:var(--blockquote-border-color)] before:-skew-y-[var(--blockquote-border-skew,0deg)]\">\n<p class=\"article-body mb-nof-8\">Kiilt\u00e4v\u00e4n valkoiset keitti\u00f6nkaapistot. En pid\u00e4 kokovalkoisista sisustuksista, nainen, 49, kertoo.<\/p>\n<\/blockquote>\n<blockquote class=\"[font-style:var(--blockquote-font-style,italic)] m-[var(--blockquote-margin)] pl-[calc(var(--nof-core-dimension-200)+var(--blockquote-border-width))] relative before:absolute before:left-0 before:h-full before:w-[var(--blockquote-border-width)] before:border-l-[length:var(--blockquote-border-width)] before:border-l-[color:var(--blockquote-border-color)] before:-skew-y-[var(--blockquote-border-skew,0deg)]\">\n<p class=\"article-body mb-nof-8\">Putkiremonteissa nykyisin teht\u00e4v\u00e4t valko-harmaat vessat. Kaikki samanlaisia ja yht\u00e4 tylsi\u00e4! Nainen, 60, harmittelee.<\/p>\n<\/blockquote>\n<blockquote class=\"[font-style:var(--blockquote-font-style,italic)] m-[var(--blockquote-margin)] pl-[calc(var(--nof-core-dimension-200)+var(--blockquote-border-width))] relative before:absolute before:left-0 before:h-full before:w-[var(--blockquote-border-width)] before:border-l-[length:var(--blockquote-border-width)] before:border-l-[color:var(--blockquote-border-color)] before:-skew-y-[var(--blockquote-border-skew,0deg)]\">\n<p class=\"article-body mb-nof-8\">Harmaa-valkoiset harkkotalot ovat persoonattomia ja ahdistavan samalla tavalla sisustettuja ja vailla v\u00e4ri\u00e4. Sairaalamaisia, kloonattuja koteja, joissa elet\u00e4\u00e4n muka trendisisustamisen huipulla. Toivottavasti t\u00e4m\u00e4 on vain mielenh\u00e4iri\u00f6 sisustusbuumissa. Suomessa pit\u00e4isi olla enemm\u00e4n rohkeampaa v\u00e4rien k\u00e4ytt\u00f6\u00e4, 60-vuotias nainen pohtii.<\/p>\n<\/blockquote>\n","protected":false},"excerpt":{"rendered":"IS:n lukijat paljastivat, mit\u00e4 sisustustrendi\u00e4 he eiv\u00e4t omaan kotiinsa huolisi. Lue tiivistelm\u00e4 Tiivistelm\u00e4 on teko\u00e4lyn tekem\u00e4 ja ihmisen&hellip;\n","protected":false},"author":2,"featured_media":107688,"comment_status":"","ping_status":"","sticky":false,"template":"","format":"standard","meta":{"footnotes":""},"categories":[5],"tags":[22,23,26,27,33,31,30,17,34,24,25,28,29,15,18,21,32,19,20,16],"class_list":{"0":"post-107687","1":"post","2":"type-post","3":"status-publish","4":"format-standard","5":"has-post-thumbnail","7":"category-otsikot","8":"tag-breaking-news","9":"tag-breakingnews","10":"tag-featured-news","11":"tag-featurednews","12":"tag-fi","13":"tag-finland","14":"tag-finnish","15":"tag-headlines","16":"tag-ilta-sanomat","17":"tag-latest-news","18":"tag-latestnews","19":"tag-main-news","20":"tag-mainnews","21":"tag-news","22":"tag-otsikot","23":"tag-paauutiset","24":"tag-suomi","25":"tag-top-stories","26":"tag-topstories","27":"tag-uutiset"},"share_on_mastodon":{"url":"https:\/\/pubeurope.com\/@fi\/115662331934804703","error":""},"_links":{"self":[{"href":"https:\/\/www.europesays.com\/fi\/wp-json\/wp\/v2\/posts\/107687","targetHints":{"allow":["GET"]}}],"collection":[{"href":"https:\/\/www.europesays.com\/fi\/wp-json\/wp\/v2\/posts"}],"about":[{"href":"https:\/\/www.europesays.com\/fi\/wp-json\/wp\/v2\/types\/post"}],"author":[{"embeddable":true,"href":"https:\/\/www.europesays.com\/fi\/wp-json\/wp\/v2\/users\/2"}],"replies":[{"embeddable":true,"href":"https:\/\/www.europesays.com\/fi\/wp-json\/wp\/v2\/comments?post=107687"}],"version-history":[{"count":0,"href":"https:\/\/www.europesays.com\/fi\/wp-json\/wp\/v2\/posts\/107687\/revisions"}],"wp:featuredmedia":[{"embeddable":true,"href":"https:\/\/www.europesays.com\/fi\/wp-json\/wp\/v2\/media\/107688"}],"wp:attachment":[{"href":"https:\/\/www.europesays.com\/fi\/wp-json\/wp\/v2\/media?parent=107687"}],"wp:term":[{"taxonomy":"category","embeddable":true,"href":"https:\/\/www.europesays.com\/fi\/wp-json\/wp\/v2\/categories?post=107687"},{"taxonomy":"post_tag","embeddable":true,"href":"https:\/\/www.europesays.com\/fi\/wp-json\/wp\/v2\/tags?post=107687"}],"curies":[{"name":"wp","href":"https:\/\/api.w.org\/{rel}","templated":true}]}}