{"id":107689,"date":"2025-12-04T17:02:11","date_gmt":"2025-12-04T17:02:11","guid":{"rendered":"https:\/\/www.europesays.com\/fi\/107689\/"},"modified":"2025-12-04T17:02:11","modified_gmt":"2025-12-04T17:02:11","slug":"seksikohtauksista-koituu-monika-lindemanille-valilla-huolestuneita-puheluita-tassa-syy","status":"publish","type":"post","link":"https:\/\/www.europesays.com\/fi\/107689\/","title":{"rendered":"Seksikohtauksista koituu Monika Lindemanille v\u00e4lill\u00e4 huolestuneita puheluita \u2013 T\u00e4ss\u00e4 syy"},"content":{"rendered":"<p>Monika Lindeman tekee paljastuksen seksikohtausten tekemisest\u00e4.<\/p>\n<p><img decoding=\"async\" class=\"image image-show image-preview\" src=\"https:\/\/www.europesays.com\/fi\/wp-content\/uploads\/2025\/09\/24be7ba833d78ba75a2c162be35ed7d7cc5ba5fe00eaa273e4db1f8d17e44a0c.jpg\" alt=\"\"\/><img decoding=\"async\" class=\"image image-show\" src=\"https:\/\/www.europesays.com\/fi\/wp-content\/uploads\/2025\/09\/1758302048_10_24be7ba833d78ba75a2c162be35ed7d7cc5ba5fe00eaa273e4db1f8d17e44a0c.jpg\" alt=\"\"\/><\/p>\n<p>Monika Lindeman n\u00e4yttelee Salatut el\u00e4m\u00e4t -sarjassa Linda Eerik\u00e4ist\u00e4. Elle Laitila<\/p>\n<p class=\"paragraph\">Salatut el\u00e4m\u00e4t -sarjasta tuttu n\u00e4yttelij\u00e4 <strong>Monika Lindeman<\/strong>, 40, vastaa someseuraajiensa kysymyksiin <a href=\"https:\/\/www.instagram.com\/monika.lindeman\/\" target=\"_blank\" rel=\"noopener nofollow\">Instagram<\/a>-tarinoissaan, jotka ovat n\u00e4ht\u00e4viss\u00e4 24 tuntia julkaisusta.<\/p>\n<p class=\"paragraph\">Yksi kysymyksist\u00e4 liittyy intiimikohtausten tekemiseen, kun n\u00e4yttelij\u00e4 on parisuhteessa. Lindemanin mukaan intiimikohtaukset tehd\u00e4\u00e4n usein koreografian pohjalta, jossa k\u00e4yd\u00e4\u00e4n tarkasti l\u00e4pi, mihin kohtiin n\u00e4yttelij\u00f6iden kehoissa on sallittua koskea.<\/p>\n<p class=\"paragraph\">\u2013 Jos on jotain paikkoja, mihin ei saa koskea, se tulee tuoda ilmi. Sitten niist\u00e4 tehd\u00e4\u00e4n koreografia, niit\u00e4 harjoitellaan ja sitten tehd\u00e4\u00e4n. Tietysti siihen pit\u00e4\u00e4 lis\u00e4t\u00e4 mukaan tunnetta, Lindeman kertoo videollaan.<\/p>\n<p class=\"paragraph\">Lindemanin mukaan kohtauksissa k\u00e4ytet\u00e4\u00e4n my\u00f6s suljettu kuvaustilanne -menetelm\u00e4\u00e4, jossa kuvaushetkell\u00e4 on paikalla ainoastaan ne henkil\u00f6t, joiden on v\u00e4ltt\u00e4m\u00e4t\u00f6nt\u00e4 olla silloin paikalla. Eli ylim\u00e4\u00e4r\u00e4iset henkil\u00f6t poistuvat paikalta, eik\u00e4 kohtausta voi seurata muualta monitoreiden kautta.<\/p>\n<p class=\"paragraph\">Lindeman kertoo my\u00f6s, miten h\u00e4nen seksikohtauksiinsa suhtaudutaan kotona. Lindeman on pit\u00e4nyt pitk\u00e4\u00e4n yht\u00e4 brittil\u00e4is-irlantilaisen puolisonsa <strong>Darren McStayn<\/strong> kanssa, ja heill\u00e4 on 4- ja 7-vuotiaat lapset.<\/p>\n<p class=\"paragraph\">\u2013 Puolisoni, joka on my\u00f6skin alalla, suhtautuu hyvinkin ymm\u00e4rt\u00e4v\u00e4isesti. Mutta esimerkiksi omat isovanhempani v\u00e4lill\u00e4 v\u00e4h\u00e4n ihmettelev\u00e4t.<\/p>\n<p class=\"paragraph\">\u2013 He soittelevat per\u00e4\u00e4n ja kysyv\u00e4t: \u201dOnko kaikki hyvin omassa avioliitossa?\u201d Sitten heille t\u00e4ytyy varmistella, ett\u00e4 kaikki on hyvin.<\/p>\n<p>Monika Lindemanilla ja Darren McStaylla on kaksi lasta. Atte Kajova<\/p>\n<p class=\"paragraph\">Lindeman on n\u00e4ytellyt Salkkareissa Linda Eerik\u00e4ist\u00e4 kymmenen vuotta. Salkkareiden lis\u00e4ksi Lindeman py\u00f6ritt\u00e4\u00e4 puolisonsa kanssa tuotantoyhti\u00f6t\u00e4 sek\u00e4 auttaa perheens\u00e4 hotelliyrityksen some- ja markkinointipuolella.<\/p>\n<p class=\"paragraph\">Lindeman kertoi syyskuussa <a href=\"https:\/\/www.iltalehti.fi\/viihdeuutiset\/df4280c3-a28d-495d-8aed-87a789f46658\" rel=\"nofollow noopener\" target=\"_blank\">Iltalehdelle<\/a>, ett\u00e4 heid\u00e4n perhearkensa py\u00f6rii tarkkojen aikataulujen ja tukiverkoston avulla hyvin.<\/p>\n<p class=\"paragraph\">\u2013 Darren ottaa aika paljon koppia p\u00e4iv\u00e4koti-ik\u00e4isen viemisest\u00e4 ja hakemisesta sek\u00e4 hoitaa meid\u00e4n ruokahuoltomme ja kaupassa k\u00e4ynnit. Min\u00e4 puolestani hoidan mielell\u00e4ni esimerkiksi pyykit sek\u00e4 lasten harrastuksiin ja vaatteiden hankkimiseen liittyv\u00e4t asiat, n\u00e4yttelij\u00e4 kertoi.<\/p>\n<p class=\"paragraph\">\u2013 Viikonloppuisin pyrimme viett\u00e4m\u00e4\u00e4n mahdollisimman paljon aikaa yhdess\u00e4 perheen\u00e4 ja lasten ehdoilla, koska arkisin saattaa olla aikataulullisesti niin, ett\u00e4 emme ole kaikki samaan aikaan ruokap\u00f6yd\u00e4ss\u00e4, h\u00e4n lis\u00e4si.<\/p>\n<p><script async src=\"\/\/www.instagram.com\/embed.js\"><\/script><\/p>\n","protected":false},"excerpt":{"rendered":"Monika Lindeman tekee paljastuksen seksikohtausten tekemisest\u00e4. Monika Lindeman n\u00e4yttelee Salatut el\u00e4m\u00e4t -sarjassa Linda Eerik\u00e4ist\u00e4. Elle Laitila Salatut el\u00e4m\u00e4t&hellip;\n","protected":false},"author":2,"featured_media":39743,"comment_status":"","ping_status":"","sticky":false,"template":"","format":"standard","meta":{"footnotes":""},"categories":[136],"tags":[35,153,407,137,33,31,30,408,98,32,140,139,2581,109],"class_list":{"0":"post-107689","1":"post","2":"type-post","3":"status-publish","4":"format-standard","5":"has-post-thumbnail","7":"category-julkkikset","8":"tag-24h","9":"tag-audiovisuaalinen-media","10":"tag-celebrities","11":"tag-entertainment","12":"tag-fi","13":"tag-finland","14":"tag-finnish","15":"tag-julkkikset","16":"tag-perhe","17":"tag-suomi","18":"tag-tv-ja-elokuvat","19":"tag-tv-ohjelmat","20":"tag-tv-2010-luku","21":"tag-viihde"},"share_on_mastodon":{"url":"https:\/\/pubeurope.com\/@fi\/115662379196248886","error":""},"_links":{"self":[{"href":"https:\/\/www.europesays.com\/fi\/wp-json\/wp\/v2\/posts\/107689","targetHints":{"allow":["GET"]}}],"collection":[{"href":"https:\/\/www.europesays.com\/fi\/wp-json\/wp\/v2\/posts"}],"about":[{"href":"https:\/\/www.europesays.com\/fi\/wp-json\/wp\/v2\/types\/post"}],"author":[{"embeddable":true,"href":"https:\/\/www.europesays.com\/fi\/wp-json\/wp\/v2\/users\/2"}],"replies":[{"embeddable":true,"href":"https:\/\/www.europesays.com\/fi\/wp-json\/wp\/v2\/comments?post=107689"}],"version-history":[{"count":0,"href":"https:\/\/www.europesays.com\/fi\/wp-json\/wp\/v2\/posts\/107689\/revisions"}],"wp:featuredmedia":[{"embeddable":true,"href":"https:\/\/www.europesays.com\/fi\/wp-json\/wp\/v2\/media\/39743"}],"wp:attachment":[{"href":"https:\/\/www.europesays.com\/fi\/wp-json\/wp\/v2\/media?parent=107689"}],"wp:term":[{"taxonomy":"category","embeddable":true,"href":"https:\/\/www.europesays.com\/fi\/wp-json\/wp\/v2\/categories?post=107689"},{"taxonomy":"post_tag","embeddable":true,"href":"https:\/\/www.europesays.com\/fi\/wp-json\/wp\/v2\/tags?post=107689"}],"curies":[{"name":"wp","href":"https:\/\/api.w.org\/{rel}","templated":true}]}}