{"id":107694,"date":"2025-12-04T17:09:08","date_gmt":"2025-12-04T17:09:08","guid":{"rendered":"https:\/\/www.europesays.com\/fi\/107694\/"},"modified":"2025-12-04T17:09:08","modified_gmt":"2025-12-04T17:09:08","slug":"jesse-puljujarvi-jalleen-sarjan-karkijoukkueen-kiusana-sveitsissa","status":"publish","type":"post","link":"https:\/\/www.europesays.com\/fi\/107694\/","title":{"rendered":"Jesse Puljuj\u00e4rvi j\u00e4lleen sarjan k\u00e4rkijoukkueen kiusana Sveitsiss\u00e4"},"content":{"rendered":"<p>Keskiviikkona maaliverkkoa heiluttanut Granlund on ollut t\u00e4ll\u00e4 kaudella Sveitsiss\u00e4 kiekkoilevista suomalaisista ahkerin pistenikkari. H\u00e4n on liigan pistep\u00f6rssiss\u00e4 kahdeksantena tehoin 13+15=28. Mannisen saldo on 6+19=25, joten h\u00e4n on tasapisteiss\u00e4 Puljuj\u00e4rven kanssa.<\/p>\n<p><strong>Ignatjew debytoi Sveitsin EHT-turnauksessa<\/strong><\/p>\n<p>Sveitsin liigassa pelataan sunnuntaihin saakka, mink\u00e4 j\u00e4lkeen edess\u00e4 on reilun viikon paussi. Tauko johtuu Sveitsin EHT-turnauksesta, joka pelataan Fribourgissa ensi viikolla. My\u00f6s Ruotsin SHL on tauolla EHT-viikon, mutta Suomen Liigassa pelit jatkuvat normaalisti.<\/p>\n<p>Leijonien kokoonpano julkaistiin maanantaina, ja maajoukkuepaidan sovittelevat p\u00e4\u00e4lleen Sveitsiss\u00e4 sek\u00e4 Ruotsissa pelaavat suomalaiset. Liigasta ei ole mukana t\u00e4ll\u00e4 kertaa yht\u00e4\u00e4n pelaajaa. Geneven suomalaisista mukana ovat puolustaja Vili Saarij\u00e4rvi sek\u00e4 hy\u00f6kk\u00e4\u00e4j\u00e4t Puljuj\u00e4rvi ja Manninen, jotka pelasivat my\u00f6s Tampereen EHT-turnauksessa marraskuussa.<\/p>\n<p>Leijonien p\u00e4\u00e4valmentaja Antti Pennanen nimesi kokoonpanon kokeneemmista pelaajista Euroopan huipulta. Maajoukkueen ainoa debytantti on SHL:n Link\u00f6pingin maalivahti Waltteri Ignatjew, joka on luonut uraansa suuremman tutkan alla.<\/p>\n<p>Ignatjew torjui kauteen 2022-23 saakka kotimaan Liigaa ja esitti kelpo otteita Kiekko-Espoon maalilla. Sen j\u00e4lkeen h\u00e4n siirtyi seuraavaksi sesongiksi Mora IK:hon, joka pelaa Ruotsin toiseksi korkeimmalla sarjatasolla HockeyAllsvenskanissa. Suomalaisveskari torjui Moran v\u00e4lieriin, joista Djurg\u00e5rden kuitenkin eteni jatkoon otteluvoitoin 4-2. Ignatjewin tilastot olivat vakuuttavat sek\u00e4 runkosarjassa (PMK 2,34, TP% 91,8) ett\u00e4 pudotuspeleiss\u00e4 (PMK 2,16, TP% 91,8). H\u00e4net valittiin sarjan parhaaksi maalivahdiksi.<\/p>\n<p>Huippukausi Ruotsissa poiki Ignatjewille my\u00f6s NHL-sopimuksen, kun Calgary Flames iski Jokereiden kasvatille eteen vuoden mittaisen kaksisuuntaisen sopimuksen. NHL-debyytti j\u00e4i kuitenkin toistaiseksi tekem\u00e4tt\u00e4. Ignatjew torjui AHL:ss\u00e4 Calgary Wranglersin ver\u00e4j\u00e4ll\u00e4 28 runkosarjaottelussa ja kahdessa pudotuspeliss\u00e4.<\/p>\n<p>T\u00e4ksi kaudeksi Ignatjew palasi Ruotsiin, mutta sarjaporrasta korkeammalle SHL:\u00e4\u00e4n ja Link\u00f6pingin riveihin. H\u00e4n on jakanut alkukaudella torjuntavastuun Jesper Myrenbergin kanssa.<\/p>\n<p><strong>Blichfeld kiit\u00e4\u00e4 Calounin tahdissa<\/strong><\/p>\n<p>Kotimaan p\u00e4\u00e4sarjassa Tappara jatkaa vakuuttavaa marssiaan. Keskiviikkona tamperelaisjoukkue otti kuudennen per\u00e4kk\u00e4isen voittonsa ly\u00f6m\u00e4ll\u00e4 JYPin kotonaan maalein 6-3. Voitto oli kirvesrinnoille 11 viime ottelun jaksolla kymmenes.<\/p>\n<p>Joukkueen kantavana voimana ovat h\u00e4\u00e4rineet tanskalaishy\u00f6kk\u00e4\u00e4j\u00e4 Joachim Blichfeld (17+20=37) ja Tampa Bay Lightningin kes\u00e4ll\u00e4 varaama hy\u00f6kk\u00e4\u00e4j\u00e4 Benjamin Rautiainen (9+26=35), jotka miehitt\u00e4v\u00e4t Liigan pistep\u00f6rssin kaksi k\u00e4rkipaikkaa selv\u00e4ll\u00e4 erolla muihin.<\/p>\n<p>Nykyisell\u00e4 tahdillaan Blichfeld tekisi t\u00e4ll\u00e4 kaudella 82 tehopistett\u00e4, mik\u00e4 olisi Liigan historian kovin noteeraus ulkomaalaispelaajalta. Toistaiseksi tehokkaimman runkosarjan ulkomaalaisvahvistuksista on pelannut tshekkihy\u00f6kk\u00e4\u00e4j\u00e4 Jan Caloun kaudella 1998-99, jolloin h\u00e4n takoi 51 otteluun tehot 24+57=81.<\/p>\n<p>Blichfeldilt\u00e4 j\u00e4\u00e4 kuitenkin otteluita v\u00e4liin helmikuussa, sill\u00e4 h\u00e4n on takuuvarma valinta Tanskan maajoukkueeseen Milano-Cortinan talviolympialaisiin. Tapparalla on ohjelmassa nelj\u00e4 ottelua 11.\u201322. helmikuuta pelattavan olympiaturnauksen aikana. Ainakaan niiss\u00e4 juuttit\u00e4hte\u00e4 ei n\u00e4hd\u00e4.<\/p>\n","protected":false},"excerpt":{"rendered":"Keskiviikkona maaliverkkoa heiluttanut Granlund on ollut t\u00e4ll\u00e4 kaudella Sveitsiss\u00e4 kiekkoilevista suomalaisista ahkerin pistenikkari. H\u00e4n on liigan pistep\u00f6rssiss\u00e4 kahdeksantena&hellip;\n","protected":false},"author":2,"featured_media":107695,"comment_status":"","ping_status":"","sticky":false,"template":"","format":"standard","meta":{"footnotes":""},"categories":[158],"tags":[33,31,30,159,32,160],"class_list":{"0":"post-107694","1":"post","2":"type-post","3":"status-publish","4":"format-standard","5":"has-post-thumbnail","7":"category-urheilu","8":"tag-fi","9":"tag-finland","10":"tag-finnish","11":"tag-sports","12":"tag-suomi","13":"tag-urheilu"},"share_on_mastodon":{"url":"https:\/\/pubeurope.com\/@fi\/115662406553690701","error":""},"_links":{"self":[{"href":"https:\/\/www.europesays.com\/fi\/wp-json\/wp\/v2\/posts\/107694","targetHints":{"allow":["GET"]}}],"collection":[{"href":"https:\/\/www.europesays.com\/fi\/wp-json\/wp\/v2\/posts"}],"about":[{"href":"https:\/\/www.europesays.com\/fi\/wp-json\/wp\/v2\/types\/post"}],"author":[{"embeddable":true,"href":"https:\/\/www.europesays.com\/fi\/wp-json\/wp\/v2\/users\/2"}],"replies":[{"embeddable":true,"href":"https:\/\/www.europesays.com\/fi\/wp-json\/wp\/v2\/comments?post=107694"}],"version-history":[{"count":0,"href":"https:\/\/www.europesays.com\/fi\/wp-json\/wp\/v2\/posts\/107694\/revisions"}],"wp:featuredmedia":[{"embeddable":true,"href":"https:\/\/www.europesays.com\/fi\/wp-json\/wp\/v2\/media\/107695"}],"wp:attachment":[{"href":"https:\/\/www.europesays.com\/fi\/wp-json\/wp\/v2\/media?parent=107694"}],"wp:term":[{"taxonomy":"category","embeddable":true,"href":"https:\/\/www.europesays.com\/fi\/wp-json\/wp\/v2\/categories?post=107694"},{"taxonomy":"post_tag","embeddable":true,"href":"https:\/\/www.europesays.com\/fi\/wp-json\/wp\/v2\/tags?post=107694"}],"curies":[{"name":"wp","href":"https:\/\/api.w.org\/{rel}","templated":true}]}}