{"id":107702,"date":"2025-12-04T17:15:09","date_gmt":"2025-12-04T17:15:09","guid":{"rendered":"https:\/\/www.europesays.com\/fi\/107702\/"},"modified":"2025-12-04T17:15:09","modified_gmt":"2025-12-04T17:15:09","slug":"poliisi-kauppahairikosta-27-rikosilmoitusta-ilta-sanomat","status":"publish","type":"post","link":"https:\/\/www.europesays.com\/fi\/107702\/","title":{"rendered":"Poliisi: Kauppah\u00e4irik\u00f6st\u00e4 27 rikosilmoitusta &#8211; Ilta-Sanomat"},"content":{"rendered":"<p>Poliisi kertoo, ett\u00e4 pari ilmoitusta on edennyt tutkintaan.<\/p>\n<p class=\"article-body mb-nof-24 px-nof-16\">Kauppoja piinaavasta h\u00e4irik\u00f6st\u00e4 on tehty tuoreimman tiedon mukaan 27 rikosilmoitusta parin vuoden aikana. Aiemmin H\u00e4meen poliisilaitoksen rikosylikonstaapeli <a class=\"article-personlink\" href=\"https:\/\/www.is.fi\/haku\/?query=Joel%20Hiltunen\" rel=\"nofollow noopener\" target=\"_blank\">Joel Hiltunen<\/a> kertoi Keski-Uusimaa-lehdelle, ett\u00e4 m\u00e4\u00e4r\u00e4 olisi l\u00e4hes 50, mutta nyt h\u00e4n korjaa oikean luvun IS:lle.<\/p>\n<p class=\"article-body mb-nof-24 px-nof-16\"><a class=\"article-genericlink\" href=\"https:\/\/www.is.fi\/taloussanomat\/art-2000011652191.html\" rel=\"nofollow noopener\" target=\"_blank\">IS kertoi hiljattain<\/a> myym\u00e4l\u00f6iss\u00e4 h\u00e4irik\u00f6iv\u00e4st\u00e4 miehest\u00e4, joka provosoi asiakkaita ja salakuvaa heid\u00e4n reaktionsa. Sen j\u00e4lkeen videot julkaistaan somessa ilman niiss\u00e4 tunnistettavasti olevien ihmisten lupaa.<\/p>\n<p class=\"article-body mb-nof-24 px-nof-16\">P\u00f6yristytt\u00e4v\u00e4\u00e4 toimintaa on ollut muun muassa Puuilon, Rustan, K-Raudan, Tokmannin, Lidlin ja K-kaupan myym\u00e4l\u00f6iss\u00e4.<\/p>\n<p class=\"article-body mb-nof-24 px-nof-16\">Hiltunen kertoo, ett\u00e4 ilmoituksista vain pari on edennyt tutkintaan, sill\u00e4 valtaosassa tapauksissa rikoksen tunnusmerkit eiv\u00e4t ole t\u00e4yttyneet.<\/p>\n<p class=\"article-body mb-nof-24 px-nof-16\">Rikosilmoituksista suuri osa on liittynyt videon luvattomaan julkaisuun, ja t\u00e4ll\u00f6in rikosnimike olisi yksityisel\u00e4m\u00e4\u00e4 loukkaava tiedon levitt\u00e4minen.<\/p>\n<p class=\"article-body mb-nof-24 px-nof-16\">\u2013 Jos kyseess\u00e4 on tilanne, ett\u00e4 henkil\u00f6t ovat julkisella paikalla ja videolla n\u00e4kyy pelk\u00e4st\u00e4\u00e4n kasvot, niin se ei yksist\u00e4\u00e4n viel\u00e4 t\u00e4yt\u00e4 rikoksen tunnusmerkkej\u00e4. Videolla pit\u00e4isi n\u00e4ky\u00e4 jotakin arkaluonteista yksityisel\u00e4m\u00e4\u00e4, ett\u00e4 se menisi rangaistavaksi, Hiltunen kertoo.<\/p>\n<p class=\"article-body mb-nof-24 px-nof-16\">Kunnianloukkauksessa pit\u00e4isi Hiltusen mukaan olla toisen henkil\u00f6n alentamista, pilkkaamista, solvaamista tai haukkumista esimerkiksi ulkon\u00e4k\u00f6\u00f6n tai kansallisuuteen liittyen.<\/p>\n<p class=\"article-body mb-nof-24 px-nof-16\">\u2013 T\u00e4ss\u00e4h\u00e4n on k\u00e4yt\u00e4nn\u00f6ss\u00e4 tilanne, ett\u00e4 henkil\u00f6 itse k\u00e4ytt\u00e4ytyy typer\u00e4sti ja asiattomasti ja pyrkii siten hakemaan reaktioita sivullisilta. T\u00e4llaista pelkk\u00e4\u00e4 reaktioiden hakemista ilman, ett\u00e4 sivullisia solvataan, ei ole rikoslaissa s\u00e4\u00e4detty rangaistavaksi, Hiltunen kertoo.<\/p>\n<p class=\"article-body mb-nof-24 px-nof-16\">My\u00f6sk\u00e4\u00e4n salakatselun kriteerit eiv\u00e4t ole poliisin mukaan t\u00e4yttyneet, sill\u00e4 kuvaaminen on tapahtunut julkisella paikalla, eik\u00e4 esimerkiksi pukuhuoneessa tai kotirauhan piiriss\u00e4.<\/p>\n<p class=\"article-body mb-nof-24 px-nof-16\">Hiltunen ei ota tarkemmin kantaa tutkintaan edenneisiin juttuihin, sill\u00e4 h\u00e4n ei ole niiden tutkinnanjohtaja. H\u00e4n kuitenkin avaa, ett\u00e4 yhdess\u00e4 tutkinnassa olevassa tapauksessa mies on esiintynyt vartijana ja \u201dlavastanut\u201d sivullisen myym\u00e4l\u00e4varkaaksi.<\/p>\n<p class=\"article-body mb-nof-24 px-nof-16\">\u2013 Kunnianloukkauksen tunnusmerkist\u00f6ss\u00e4 teko voi tulla rangaistavaksi sit\u00e4 kautta, ett\u00e4 henkil\u00f6st\u00e4 v\u00e4itet\u00e4\u00e4n virheellist\u00e4 tai valheellista tietoa.<\/p>\n<p class=\"article-body mb-nof-24 px-nof-16\">Hiltusen mukaan yleisesti on katsottukin, ett\u00e4 aiheetta toisen syytt\u00e4minen rikoksesta t\u00e4ytt\u00e4\u00e4 kunnianloukkauksen tunnusmerkit.<\/p>\n<p class=\"article-body mb-nof-24 px-nof-16\">\u2013 Mutta t\u00e4ss\u00e4 on se tulkinnanvarainen ongelma, ett\u00e4 paikan p\u00e4\u00e4ll\u00e4 ja videon katsojille on tehty selv\u00e4ksi, ett\u00e4 varkausasia ei pid\u00e4 paikkaansa. Katsojalle ei tule valheellista k\u00e4sityst\u00e4, ett\u00e4 henkil\u00f6 leimattaisiin rikolliseksi.<\/p>\n<p class=\"article-body mb-nof-24 px-nof-16\">Videoita tekev\u00e4 mies on itse kerskunut sosiaalisessa mediassa, ettei h\u00e4n ole saanut yht\u00e4k\u00e4\u00e4n rikossyytett\u00e4.<\/p>\n","protected":false},"excerpt":{"rendered":"Poliisi kertoo, ett\u00e4 pari ilmoitusta on edennyt tutkintaan. Kauppoja piinaavasta h\u00e4irik\u00f6st\u00e4 on tehty tuoreimman tiedon mukaan 27 rikosilmoitusta&hellip;\n","protected":false},"author":2,"featured_media":107703,"comment_status":"","ping_status":"","sticky":false,"template":"","format":"standard","meta":{"footnotes":""},"categories":[12],"tags":[22,23,26,27,33,31,30,17,34,24,25,28,29,15,18,21,32,19,20,16],"class_list":{"0":"post-107702","1":"post","2":"type-post","3":"status-publish","4":"format-standard","5":"has-post-thumbnail","7":"category-suomi","8":"tag-breaking-news","9":"tag-breakingnews","10":"tag-featured-news","11":"tag-featurednews","12":"tag-fi","13":"tag-finland","14":"tag-finnish","15":"tag-headlines","16":"tag-ilta-sanomat","17":"tag-latest-news","18":"tag-latestnews","19":"tag-main-news","20":"tag-mainnews","21":"tag-news","22":"tag-otsikot","23":"tag-paauutiset","24":"tag-suomi","25":"tag-top-stories","26":"tag-topstories","27":"tag-uutiset"},"share_on_mastodon":{"url":"https:\/\/pubeurope.com\/@fi\/115662430063791287","error":""},"_links":{"self":[{"href":"https:\/\/www.europesays.com\/fi\/wp-json\/wp\/v2\/posts\/107702","targetHints":{"allow":["GET"]}}],"collection":[{"href":"https:\/\/www.europesays.com\/fi\/wp-json\/wp\/v2\/posts"}],"about":[{"href":"https:\/\/www.europesays.com\/fi\/wp-json\/wp\/v2\/types\/post"}],"author":[{"embeddable":true,"href":"https:\/\/www.europesays.com\/fi\/wp-json\/wp\/v2\/users\/2"}],"replies":[{"embeddable":true,"href":"https:\/\/www.europesays.com\/fi\/wp-json\/wp\/v2\/comments?post=107702"}],"version-history":[{"count":0,"href":"https:\/\/www.europesays.com\/fi\/wp-json\/wp\/v2\/posts\/107702\/revisions"}],"wp:featuredmedia":[{"embeddable":true,"href":"https:\/\/www.europesays.com\/fi\/wp-json\/wp\/v2\/media\/107703"}],"wp:attachment":[{"href":"https:\/\/www.europesays.com\/fi\/wp-json\/wp\/v2\/media?parent=107702"}],"wp:term":[{"taxonomy":"category","embeddable":true,"href":"https:\/\/www.europesays.com\/fi\/wp-json\/wp\/v2\/categories?post=107702"},{"taxonomy":"post_tag","embeddable":true,"href":"https:\/\/www.europesays.com\/fi\/wp-json\/wp\/v2\/tags?post=107702"}],"curies":[{"name":"wp","href":"https:\/\/api.w.org\/{rel}","templated":true}]}}