{"id":107704,"date":"2025-12-04T17:16:09","date_gmt":"2025-12-04T17:16:09","guid":{"rendered":"https:\/\/www.europesays.com\/fi\/107704\/"},"modified":"2025-12-04T17:16:09","modified_gmt":"2025-12-04T17:16:09","slug":"nuori-mies-esiintyi-snapchatissa-tyttona-ja-tienasi-toisilta-miehilta-rahaa","status":"publish","type":"post","link":"https:\/\/www.europesays.com\/fi\/107704\/","title":{"rendered":"Nuori mies esiintyi Snapchatissa tytt\u00f6n\u00e4 ja tienasi toisilta miehilt\u00e4 rahaa"},"content":{"rendered":"<p>Some|Mies p\u00e4\u00e4tti esitt\u00e4\u00e4 alaik\u00e4ist\u00e4 tytt\u00f6\u00e4, koska halusi oppia, miten alaik\u00e4isist\u00e4 kiinnostuneet miehet toimivat. H\u00e4n ei koe huonoa omaatuntoa heid\u00e4n huijaamisestaan.<\/p>\n<p class=\"article-body mb-nof-24 px-nof-16\">\u201dSe on niin \u00e4ll\u00f6tt\u00e4v\u00e4\u00e4\u201d, 22-vuotias mies kommentoi sit\u00e4, kun aikuiset miehet l\u00e4hestyv\u00e4t alaik\u00e4isi\u00e4 tytt\u00f6j\u00e4 sosiaalisessa mediassa.<\/p>\n<p class=\"article-body mb-nof-24 px-nof-16\">Mies kertoo esitt\u00e4neens\u00e4 pari vuotta sitten viestisovellus Snapchatissa 15-vuotiasta tytt\u00f6\u00e4. H\u00e4nen mukaansa jopa sadat miehet p\u00e4iv\u00e4ss\u00e4 saattoivat l\u00e4hesty\u00e4 h\u00e4nt\u00e4. Miehet l\u00e4hettiv\u00e4t h\u00e4nelle rahaa seksuaalista kuvamateriaalia vastaan.<\/p>\n","protected":false},"excerpt":{"rendered":"Some|Mies p\u00e4\u00e4tti esitt\u00e4\u00e4 alaik\u00e4ist\u00e4 tytt\u00f6\u00e4, koska halusi oppia, miten alaik\u00e4isist\u00e4 kiinnostuneet miehet toimivat. H\u00e4n ei koe huonoa omaatuntoa&hellip;\n","protected":false},"author":2,"featured_media":107705,"comment_status":"","ping_status":"","sticky":false,"template":"","format":"standard","meta":{"footnotes":""},"categories":[5],"tags":[22,23,26,27,33,31,30,17,46,24,25,28,29,15,18,21,32,19,20,16],"class_list":{"0":"post-107704","1":"post","2":"type-post","3":"status-publish","4":"format-standard","5":"has-post-thumbnail","7":"category-otsikot","8":"tag-breaking-news","9":"tag-breakingnews","10":"tag-featured-news","11":"tag-featurednews","12":"tag-fi","13":"tag-finland","14":"tag-finnish","15":"tag-headlines","16":"tag-helsingin-sanomat","17":"tag-latest-news","18":"tag-latestnews","19":"tag-main-news","20":"tag-mainnews","21":"tag-news","22":"tag-otsikot","23":"tag-paauutiset","24":"tag-suomi","25":"tag-top-stories","26":"tag-topstories","27":"tag-uutiset"},"share_on_mastodon":{"url":"https:\/\/pubeurope.com\/@fi\/115662434030269815","error":""},"_links":{"self":[{"href":"https:\/\/www.europesays.com\/fi\/wp-json\/wp\/v2\/posts\/107704","targetHints":{"allow":["GET"]}}],"collection":[{"href":"https:\/\/www.europesays.com\/fi\/wp-json\/wp\/v2\/posts"}],"about":[{"href":"https:\/\/www.europesays.com\/fi\/wp-json\/wp\/v2\/types\/post"}],"author":[{"embeddable":true,"href":"https:\/\/www.europesays.com\/fi\/wp-json\/wp\/v2\/users\/2"}],"replies":[{"embeddable":true,"href":"https:\/\/www.europesays.com\/fi\/wp-json\/wp\/v2\/comments?post=107704"}],"version-history":[{"count":0,"href":"https:\/\/www.europesays.com\/fi\/wp-json\/wp\/v2\/posts\/107704\/revisions"}],"wp:featuredmedia":[{"embeddable":true,"href":"https:\/\/www.europesays.com\/fi\/wp-json\/wp\/v2\/media\/107705"}],"wp:attachment":[{"href":"https:\/\/www.europesays.com\/fi\/wp-json\/wp\/v2\/media?parent=107704"}],"wp:term":[{"taxonomy":"category","embeddable":true,"href":"https:\/\/www.europesays.com\/fi\/wp-json\/wp\/v2\/categories?post=107704"},{"taxonomy":"post_tag","embeddable":true,"href":"https:\/\/www.europesays.com\/fi\/wp-json\/wp\/v2\/tags?post=107704"}],"curies":[{"name":"wp","href":"https:\/\/api.w.org\/{rel}","templated":true}]}}