{"id":107712,"date":"2025-12-04T17:35:12","date_gmt":"2025-12-04T17:35:12","guid":{"rendered":"https:\/\/www.europesays.com\/fi\/107712\/"},"modified":"2025-12-04T17:35:12","modified_gmt":"2025-12-04T17:35:12","slug":"30-vuotias-norjalainen-kertoo-kuinka-nosti-suomen-ampumahiihdon-suosta","status":"publish","type":"post","link":"https:\/\/www.europesays.com\/fi\/107712\/","title":{"rendered":"30-vuotias norjalainen kertoo, kuinka nosti Suomen ampumahiihdon suosta"},"content":{"rendered":"<p class=\"article-body mb-nof-24 px-nof-16\">Kun norjalainen <a class=\"article-personlink\" href=\"https:\/\/www.aamulehti.fi\/haku\/?query=Erik%20Torneus-Kulstad\" rel=\"nofollow noopener\" target=\"_blank\">Erik Torneus-Kulstad<\/a> aloitti Suomen ampumahiihtomaajoukkueen p\u00e4\u00e4valmentajana vuonna 2022, joukkueen tilanne ei n\u00e4ytt\u00e4nyt h\u00e4\u00e4vilt\u00e4.<\/p>\n<p class=\"article-body mb-nof-24 px-nof-16\">Pitk\u00e4aikaisen vetojuhdan <a class=\"article-personlink\" href=\"https:\/\/www.aamulehti.fi\/haku\/?query=Kaisa%20M%C3%A4k%C3%A4r%C3%A4isen\" rel=\"nofollow noopener\" target=\"_blank\">Kaisa M\u00e4k\u00e4r\u00e4isen<\/a> ura oli p\u00e4\u00e4ttynyt pari vuotta aiemmin eik\u00e4 <a class=\"article-personlink\" href=\"https:\/\/www.aamulehti.fi\/haku\/?query=Mari%20Ederill%C3%A4k%C3%A4%C3%A4n\" rel=\"nofollow noopener\" target=\"_blank\">Mari Ederill\u00e4k\u00e4\u00e4n<\/a> ollut montaa vuotta j\u00e4ljell\u00e4. Etenk\u00e4\u00e4n naisten puolella tunnelin p\u00e4\u00e4ss\u00e4 ei n\u00e4kynyt juuri valoa.<\/p>\n<p class=\"article-body mb-nof-24 px-nof-16\">Nyt tilanne on toinen. Kausi alkoi tiistaina Ruotsin \u00d6stersundissa naisten normaalimatkan kilpailulla, jossa <a class=\"article-personlink\" href=\"https:\/\/www.aamulehti.fi\/haku\/?query=Sonja%20Leinamo\" rel=\"nofollow noopener\" target=\"_blank\">Sonja Leinamo<\/a> sijoittui sensaatiomaisesti toiseksi. Sit\u00e4 ennen sunnuntaina Suomi oli ylt\u00e4nyt sekaviestiss\u00e4 komeasti nelj\u00e4nneksi.<\/p>\n<p class=\"article-body mb-nof-24 px-nof-16\">Viime kaudella <a class=\"article-personlink\" href=\"https:\/\/www.aamulehti.fi\/haku\/?query=Suvi%20Minkkinen\" rel=\"nofollow noopener\" target=\"_blank\">Suvi Minkkinen<\/a> nousi kuin tyhj\u00e4st\u00e4 maailmancupin k\u00e4rkikahinoihin ja MM-mitalistiksi. Lis\u00e4ksi Minkkinen ja <a class=\"article-personlink\" href=\"https:\/\/www.aamulehti.fi\/haku\/?query=Tero%20Sepp%C3%A4l%C3%A4\" rel=\"nofollow noopener\" target=\"_blank\">Tero Sepp\u00e4l\u00e4<\/a> palauttivat suomalaisen ampumahiihdon voittokantaan maailmancupissa voittamalla parisekaviestin Oberhofissa.<\/p>\n<p class=\"article-body mb-nof-24 px-nof-16\">Kausi 2024\u201325 oli muutenkin maajoukkueelta v\u00e4kev\u00e4. Moni hiiht\u00e4j\u00e4 ylsi maailmancupin yksitt\u00e4isiss\u00e4 kisoissa kymmenen parhaan joukkoon.<\/p>\n<p class=\"article-body mb-nof-24 px-nof-16\">Yhteens\u00e4 n\u00e4it\u00e4 sijoituksia oli eniten sitten M\u00e4k\u00e4r\u00e4isen huippuvuosien. MM-kisoissa <a class=\"article-personlink\" href=\"https:\/\/www.aamulehti.fi\/haku\/?query=Olli%20Hiidensalo\" rel=\"nofollow noopener\" target=\"_blank\">Olli Hiidensalo<\/a> j\u00e4rjesti j\u00e4ttipaukun sijoittumalla normaalimatkalla nelj\u00e4nneksi.<\/p>\n<p class=\"article-body mb-nof-24 px-nof-16\">Yht\u00e4kki\u00e4 varjojen mailla vaellellut maajoukkue on olympialaisissa mukana jopa mitalispekulaatioissa. Jalometallipotentiaali on hyvin l\u00e4hell\u00e4 samaa tasoa kuin maastohiihtomaajoukkueella.<\/p>\n<p class=\"article-body mb-nof-24 px-nof-16\">Suomi vaikuttaa osuneen kultasuoneen, kun se aikanaan p\u00e4\u00e4tti palkata tuolloin 30-vuotiaan Kulstadin.<\/p>\n<p><img decoding=\"async\" src=\"https:\/\/www.europesays.com\/fi\/wp-content\/uploads\/2025\/12\/1764849129_72_468.jpg\" alt=\"Sonja Leinamo juhli tiistaina uransa ensimm\u00e4ist\u00e4 palkintopallipaikkaa.\" class=\"_Img_1rerz_1\" style=\"aspect-ratio:0.8171875\" loading=\"eager\"\/><\/p>\n<p class=\"article-picture-caption\">Sonja Leinamo juhli tiistaina uransa ensimm\u00e4ist\u00e4 palkintopallipaikkaa. Kuva:\u00a0Bj\u00f6rn Larsson Rosvall \/ TT<\/p>\n<p class=\"article-body mb-nof-24 px-nof-16\">Kulstad kertoo, ett\u00e4 kaikki alkoi vuonna 2022 sill\u00e4, ett\u00e4 joukkue opetteli tekem\u00e4\u00e4n t\u00f6it\u00e4 yhdess\u00e4 optimaalisesti. Samalla toiminnan rimaa pyrittiin korottamaan askel kerrallaan yl\u00f6sp\u00e4in.<\/p>\n<p class=\"article-body mb-nof-24 px-nof-16\">\u201dHalusimme ty\u00f6skennell\u00e4 niin, ett\u00e4 menemme koko ajan eteenp\u00e4in sen sijaan, ett\u00e4 tekisimme samaa asiaa uudelleen ja uudelleen. Halusimme haastaa itse\u00e4mme enemm\u00e4n, etenkin kilpailullisissa tilanteissa. Sit\u00e4 urheilijat ovat edelliset kaksi vuotta yhdess\u00e4 tehneet\u201d, puhelimitse \u00d6stersundista tavoitettu Kulstad sanoi keskiviikkona.<\/p>\n<p class=\"article-body mb-nof-24 px-nof-16\">Valmentaja ei halua ylikorostaa omaa rooliaan, vaan alleviivaa, ett\u00e4 kehitys on l\u00e4ht\u00f6isin ennen kaikkea urheilijoiden omasta halusta kehitty\u00e4.<\/p>\n<p class=\"article-body mb-nof-24 px-nof-16\">\u201dUrheilijoiden asenne on ehdottomasti t\u00e4rkein asia. Me nostimme rimaa hieman ylemm\u00e4s, he astuivat esiin ja ylittiv\u00e4t sen. Silloin hyvi\u00e4 asioita tapahtuu.\u201d<\/p>\n<p class=\"article-body mb-nof-24 px-nof-16\">\u201dT\u00e4m\u00e4 kaikki n\u00e4ytti tuottavan tulosta viime kaudella, ja luulen ett\u00e4 se toimi bensana liekkeihin. T\u00e4ll\u00e4 kaudella tulemme maailmancupin entist\u00e4 valmiimpina, joten odotan todella innoissani, mit\u00e4 urheilijamme pystyv\u00e4t tekem\u00e4\u00e4n.\u201d<\/p>\n<p class=\"article-body mb-nof-24 px-nof-16\">Yhten\u00e4 innoittajana toimi Minkkisen yht\u00e4kkinen nousu s\u00e4\u00e4nn\u00f6lliseksi k\u00e4rkikympin urheilijaksi maailmancupissa. Se antoi muulle joukkueelle uskoa siihen, ett\u00e4 jopa maailman k\u00e4rkitaso on saavutettavissa.<\/p>\n<p class=\"article-body mb-nof-24 px-nof-16\">\u201dEhdottomasti. Luulen ett\u00e4 monessa joukkueessa on ollut sellainen tunne, ett\u00e4 k\u00e4rkimaat ovat voittamattomia, koska ovat isompia ja vahvempia, ja heill\u00e4 on isompi huoltohenkil\u00f6kunta.\u201d<\/p>\n<p class=\"article-body mb-nof-24 px-nof-16\">\u201dViime vuosina olemme n\u00e4hneet, ett\u00e4 menestyminen on mahdollista kenelle tahansa, kun tekee ty\u00f6ns\u00e4 hyvin. Suvi oli viime kaudella varmasti johtavia esimerkkej\u00e4 t\u00e4st\u00e4. Kun ihmiset huomaavat, ett\u00e4 k\u00e4rjen saavuttaminen on mahdollista, se antaa toivoa.\u201d<\/p>\n<p><img decoding=\"async\" src=\"https:\/\/www.europesays.com\/fi\/wp-content\/uploads\/2025\/12\/1764849129_964_468.jpg\" alt=\"Kulstad aloitti Suomen p\u00e4\u00e4valmentajana vuonna 2022.\" class=\"_Img_1rerz_1\" style=\"aspect-ratio:0.6666666666666666\" loading=\"eager\"\/><\/p>\n<p class=\"article-picture-caption\">Kulstad aloitti Suomen p\u00e4\u00e4valmentajana vuonna 2022. Kuva:\u00a0Kimmo Brandt<\/p>\n<p class=\"article-body mb-nof-24 px-nof-16\">Ampumahiihto on pienten marginaalien laji. Ammunnan takia se on my\u00f6s herkk\u00e4 laji. Sen takia pienetkin asiat voivat nostaa sijoitusta tulosliuskalla merkitt\u00e4v\u00e4sti.<\/p>\n<p class=\"article-body mb-nof-24 px-nof-16\">Siit\u00e4 esimerkkin\u00e4 toimii Hiidensalon huippusuoritus viime talven MM-kisoissa. Vaikka kausi oli ollut vaikea ja sijoitukset maailmancupissa heikkoja, kun kaikki osui nappiin, h\u00e4n taisteli yht\u00e4kki\u00e4 MM-mitalista.<\/p>\n<p class=\"article-body mb-nof-24 px-nof-16\">\u201dOllin MM-normaalimatka antaa perspektiivi\u00e4 siihen, ett\u00e4 emme me oikeasti ole niin kaukana. Sellainen havainto on omiaan antamaan buustia harjoituskaudelle.\u201d<\/p>\n<p class=\"article-body mb-nof-24 px-nof-16\">Kulstad teroittaa, ett\u00e4 pienill\u00e4kin kehitysaskeleilla on teht\u00e4viss\u00e4 paljon lajissa, jossa taso on laaja ja yksi sekunti voi tarkoittaa jopa viitt\u00e4 sijaa tulosliuskassa.<\/p>\n<p class=\"article-body mb-nof-24 px-nof-16\">\u201dKyse voi olla esimerkiksi siit\u00e4, onko asettanut kiv\u00e4\u00e4rin selk\u00e4\u00e4n juuri oikealla tavalla. Kun hioo sen tyyppiset yksityiskohdat kuntoon, marginaalit alkavat k\u00e4\u00e4nty\u00e4 omaksi eduksi. Yhden prosentin parannus t\u00e4llaisissa yksityiskohdissa voi johtaa valtavaan vaikutukseen.\u201d<\/p>\n<p class=\"article-body mb-nof-24 px-nof-16\">T\u00e4m\u00e4n Kulstad nostaa esiin siin\u00e4 vaiheessa, kun aletaan puhua mahdollisista olympiamitaleista. Yksityiskohtien ja marginaalien laji ei ole helposti ennustettava.<\/p>\n<p class=\"article-body mb-nof-24 px-nof-16\">\u201dEn tykk\u00e4\u00e4 puhua tulosodotuksista, koska yksi millimetri siell\u00e4 tai t\u00e4\u00e4ll\u00e4 voi olla ero palkintopallin ja kympin sakin ulkopuolelle j\u00e4\u00e4misen v\u00e4lill\u00e4. Mutta on hienoa olla siin\u00e4 tilanteessa, jossa huippusijoitukset ovat mahdollisia.\u201d<\/p>\n<p class=\"article-body mb-nof-24 px-nof-16\">Siin\u00e4p\u00e4 se ero entiseen onkin. Nyt Suomen joukkueessa on useampikin urheilija, jolle huippuonnistuminen tarkoittaa huippusijoitusta. Muutama vuosi sitten katto oli selv\u00e4sti matalammalla.<\/p>\n<p><img decoding=\"async\" src=\"https:\/\/www.europesays.com\/fi\/wp-content\/uploads\/2025\/12\/1764849129_986_468.jpg\" alt=\"Sonja Leinamo (vas.) ja Suvi Minkkinen ovat ampumahiihtomaajoukkueen kuumat nimet juuri nyt.\" class=\"_Img_1rerz_1\" style=\"aspect-ratio:1.5011727912431587\" loading=\"eager\"\/><\/p>\n<p class=\"article-picture-caption\">Sonja Leinamo (vas.) ja Suvi Minkkinen ovat ampumahiihtomaajoukkueen kuumat nimet juuri nyt. Kuva:\u00a0Hanna Brunlof \/ AFP<\/p>\n<p class=\"article-body mb-nof-24 px-nof-16\">Vaikka yleisemmin Euroopassa ampumahiihdon suosio on suurta, Suomessa isoimmat otsikot on revitty perinteisesti maastohiihdosta. Suomen tilanne on k\u00e4yt\u00e4nn\u00f6ss\u00e4 p\u00e4invastainen suhteessa Keski-Euroopan maihin.<\/p>\n<p class=\"article-body mb-nof-24 px-nof-16\">Huomio kuitenkin seuraa aina menestyst\u00e4. Hyv\u00e4t tulokset kasvattavat my\u00f6s ampumahiihtomaajoukkueen suosiota.<\/p>\n<p class=\"article-body mb-nof-24 px-nof-16\">Kulstad kannustaa ihmisi\u00e4 seuraamaan suojattiensa otteita pitkin kautta.<\/p>\n<p class=\"article-body mb-nof-24 px-nof-16\">\u201dMeill\u00e4 on mainio ilmapiiri ja hyvi\u00e4, kiinnostavia urheilijoita. Niinp\u00e4 urheilijoitamme on innostavaa seurata ja katsoa. Lajikin on j\u00e4nnitt\u00e4v\u00e4 ja innostava, ikin\u00e4 ei tied\u00e4, kuka t\u00e4n\u00e4\u00e4n voittaa. Sanoisin ihmisille vain, ett\u00e4 katsokaa ampumahiihtoa.\u201d<\/p>\n","protected":false},"excerpt":{"rendered":"Kun norjalainen Erik Torneus-Kulstad aloitti Suomen ampumahiihtomaajoukkueen p\u00e4\u00e4valmentajana vuonna 2022, joukkueen tilanne ei n\u00e4ytt\u00e4nyt h\u00e4\u00e4vilt\u00e4. Pitk\u00e4aikaisen vetojuhdan Kaisa&hellip;\n","protected":false},"author":2,"featured_media":107713,"comment_status":"","ping_status":"","sticky":false,"template":"","format":"standard","meta":{"footnotes":""},"categories":[158],"tags":[157,33,31,30,159,32,160],"class_list":{"0":"post-107712","1":"post","2":"type-post","3":"status-publish","4":"format-standard","5":"has-post-thumbnail","7":"category-urheilu","8":"tag-aamulehti","9":"tag-fi","10":"tag-finland","11":"tag-finnish","12":"tag-sports","13":"tag-suomi","14":"tag-urheilu"},"share_on_mastodon":{"url":"https:\/\/pubeurope.com\/@fi\/115662509203831260","error":""},"_links":{"self":[{"href":"https:\/\/www.europesays.com\/fi\/wp-json\/wp\/v2\/posts\/107712","targetHints":{"allow":["GET"]}}],"collection":[{"href":"https:\/\/www.europesays.com\/fi\/wp-json\/wp\/v2\/posts"}],"about":[{"href":"https:\/\/www.europesays.com\/fi\/wp-json\/wp\/v2\/types\/post"}],"author":[{"embeddable":true,"href":"https:\/\/www.europesays.com\/fi\/wp-json\/wp\/v2\/users\/2"}],"replies":[{"embeddable":true,"href":"https:\/\/www.europesays.com\/fi\/wp-json\/wp\/v2\/comments?post=107712"}],"version-history":[{"count":0,"href":"https:\/\/www.europesays.com\/fi\/wp-json\/wp\/v2\/posts\/107712\/revisions"}],"wp:featuredmedia":[{"embeddable":true,"href":"https:\/\/www.europesays.com\/fi\/wp-json\/wp\/v2\/media\/107713"}],"wp:attachment":[{"href":"https:\/\/www.europesays.com\/fi\/wp-json\/wp\/v2\/media?parent=107712"}],"wp:term":[{"taxonomy":"category","embeddable":true,"href":"https:\/\/www.europesays.com\/fi\/wp-json\/wp\/v2\/categories?post=107712"},{"taxonomy":"post_tag","embeddable":true,"href":"https:\/\/www.europesays.com\/fi\/wp-json\/wp\/v2\/tags?post=107712"}],"curies":[{"name":"wp","href":"https:\/\/api.w.org\/{rel}","templated":true}]}}