{"id":107722,"date":"2025-12-04T17:42:09","date_gmt":"2025-12-04T17:42:09","guid":{"rendered":"https:\/\/www.europesays.com\/fi\/107722\/"},"modified":"2025-12-04T17:42:09","modified_gmt":"2025-12-04T17:42:09","slug":"poliisi-katkaisi-tien-lahdessa-syyna-vaarallinen-mies","status":"publish","type":"post","link":"https:\/\/www.europesays.com\/fi\/107722\/","title":{"rendered":"Poliisi katkaisi tien Lahdessa \u2013 Syyn\u00e4 vaarallinen mies"},"content":{"rendered":"<p>Teht\u00e4v\u00e4 vahvistetaan H\u00e4meen poliisilaitokselta.<\/p>\n<p><img decoding=\"async\" class=\"image image-show image-preview\" src=\"https:\/\/www.europesays.com\/fi\/wp-content\/uploads\/2025\/12\/51bbbb6d0c32befef2bd1e140a6a5d9522897c5990b32fd3388b9314256e7e6f.jpg\" alt=\"\"\/><img decoding=\"async\" class=\"image image-show\" src=\"https:\/\/www.europesays.com\/fi\/wp-content\/uploads\/2025\/12\/1764870129_867_51bbbb6d0c32befef2bd1e140a6a5d9522897c5990b32fd3388b9314256e7e6f.jpg\" alt=\"\"\/><\/p>\n<p>Silminn\u00e4kij\u00e4 otti kuvan poliisioperaatiosta iltakuuden j\u00e4lkeen. Lukijan kuva<\/p>\n<p class=\"paragraph\">Poliisi katkaisi Kalliokadun Lahdessa torstai-iltana.<\/p>\n<p class=\"paragraph\">Teht\u00e4v\u00e4 vahvistetaan Iltalehdelle H\u00e4meen poliisilaitokselta.<\/p>\n<p class=\"paragraph\">\u2013 Poliisi otti vaarallisen mieshenkil\u00f6n kiinni, poliisilaitokselta kerrotaan.<\/p>\n<p class=\"paragraph\">Poliisi otti miehen kiinni ulkona.<\/p>\n<p class=\"paragraph\">Poliisi on toistaiseksi vaitonainen sen suhteen, liittyik\u00f6 teht\u00e4v\u00e4 esimerkiksi h\u00e4t\u00e4keskukseen tehtyyn ilmoitukseen vai poliisin omaan tutkintaan.<\/p>\n<p class=\"paragraph\">Toistaiseksi poliisi ei my\u00f6sk\u00e4\u00e4n avaa, ep\u00e4ill\u00e4\u00e4nk\u00f6 kiinniotettua rikoksista.<\/p>\n<p class=\"paragraph\">Ennen seitsem\u00e4\u00e4 H\u00e4meen poliisilaitokselta kerrottiin, ett\u00e4 poliisi oli ollut paikalla noin tunnin. Mies oli otettu tuolloin jo kiinni.<\/p>\n<p class=\"paragraph\">\u2013 Poliisi suorittaa paikalla viel\u00e4 tiettyj\u00e4 toimia, poliisi kommentoi.<\/p>\n","protected":false},"excerpt":{"rendered":"Teht\u00e4v\u00e4 vahvistetaan H\u00e4meen poliisilaitokselta. Silminn\u00e4kij\u00e4 otti kuvan poliisioperaatiosta iltakuuden j\u00e4lkeen. Lukijan kuva Poliisi katkaisi Kalliokadun Lahdessa torstai-iltana. Teht\u00e4v\u00e4&hellip;\n","protected":false},"author":2,"featured_media":107723,"comment_status":"","ping_status":"","sticky":false,"template":"","format":"standard","meta":{"footnotes":""},"categories":[5],"tags":[35,22,23,26,27,33,31,30,17,55,53,24,25,28,29,15,18,21,122,54,52,32,19,20,16],"class_list":{"0":"post-107722","1":"post","2":"type-post","3":"status-publish","4":"format-standard","5":"has-post-thumbnail","7":"category-otsikot","8":"tag-24h","9":"tag-breaking-news","10":"tag-breakingnews","11":"tag-featured-news","12":"tag-featurednews","13":"tag-fi","14":"tag-finland","15":"tag-finnish","16":"tag-headlines","17":"tag-lainvalvonta","18":"tag-laki-oikeus-ja-rikos","19":"tag-latest-news","20":"tag-latestnews","21":"tag-main-news","22":"tag-mainnews","23":"tag-news","24":"tag-otsikot","25":"tag-paauutiset","26":"tag-pelastaminen","27":"tag-pelastuspalvelut","28":"tag-poliisi","29":"tag-suomi","30":"tag-top-stories","31":"tag-topstories","32":"tag-uutiset"},"share_on_mastodon":{"url":"https:\/\/pubeurope.com\/@fi\/115662536655816041","error":""},"_links":{"self":[{"href":"https:\/\/www.europesays.com\/fi\/wp-json\/wp\/v2\/posts\/107722","targetHints":{"allow":["GET"]}}],"collection":[{"href":"https:\/\/www.europesays.com\/fi\/wp-json\/wp\/v2\/posts"}],"about":[{"href":"https:\/\/www.europesays.com\/fi\/wp-json\/wp\/v2\/types\/post"}],"author":[{"embeddable":true,"href":"https:\/\/www.europesays.com\/fi\/wp-json\/wp\/v2\/users\/2"}],"replies":[{"embeddable":true,"href":"https:\/\/www.europesays.com\/fi\/wp-json\/wp\/v2\/comments?post=107722"}],"version-history":[{"count":0,"href":"https:\/\/www.europesays.com\/fi\/wp-json\/wp\/v2\/posts\/107722\/revisions"}],"wp:featuredmedia":[{"embeddable":true,"href":"https:\/\/www.europesays.com\/fi\/wp-json\/wp\/v2\/media\/107723"}],"wp:attachment":[{"href":"https:\/\/www.europesays.com\/fi\/wp-json\/wp\/v2\/media?parent=107722"}],"wp:term":[{"taxonomy":"category","embeddable":true,"href":"https:\/\/www.europesays.com\/fi\/wp-json\/wp\/v2\/categories?post=107722"},{"taxonomy":"post_tag","embeddable":true,"href":"https:\/\/www.europesays.com\/fi\/wp-json\/wp\/v2\/tags?post=107722"}],"curies":[{"name":"wp","href":"https:\/\/api.w.org\/{rel}","templated":true}]}}