{"id":107728,"date":"2025-12-04T18:01:08","date_gmt":"2025-12-04T18:01:08","guid":{"rendered":"https:\/\/www.europesays.com\/fi\/107728\/"},"modified":"2025-12-04T18:01:08","modified_gmt":"2025-12-04T18:01:08","slug":"hjk-nappasi-englantilaislaituri-alfie-cicalen-riveihinsa","status":"publish","type":"post","link":"https:\/\/www.europesays.com\/fi\/107728\/","title":{"rendered":"HJK nappasi englantilaislaituri Alfie Cicalen riveihins\u00e4"},"content":{"rendered":"<p>Cicale allekirjoitti kaksivuotisen sopimuksen Klubin kanssa.<\/p>\n<p class=\"article-body mb-nof-24 px-nof-16\">HJK on solminut kaksivuotisen pelaajasopimuksen englantilaislaituri <a class=\"article-personlink\" href=\"https:\/\/www.is.fi\/haku\/?query=Alfie%20Cicalen\" rel=\"nofollow noopener\" target=\"_blank\">Alfie Cicalen<\/a>, 23, kanssa. Klubi <a class=\"article-genericlink\" href=\"https:\/\/www.hjk.fi\/artikkelit\/miehet\/tervetuloa-alfie-cicale\/\" rel=\"nofollow noopener\" target=\"_blank\">tiedotti <\/a>hankinnasta torstaina.<\/p>\n<p class=\"article-body mb-nof-24 px-nof-16\">Cicale siirtyy HJK:hon VPS:st\u00e4, jolle Klubi maksaa siirtokorvauksen. Cicalen sopimus sis\u00e4lt\u00e4\u00e4 option vuoden jatkosta.<\/p>\n<p class=\"article-body mb-nof-24 px-nof-16\">\u2013\u2009 Olen todella innoissani. HJK on Suomen suurin, maineikkain ja historiallisesti merkitt\u00e4vin seura, Cicale sanoo tiedotteessa.<\/p>\n<p class=\"article-body mb-nof-24 px-nof-16\">Lontoolainen Cicale on pelannut Veikkausliigassa kaudesta 2024 l\u00e4htien. Otteluita h\u00e4nelle on kertynyt yhteens\u00e4 41 kappaletta VPS:n riveiss\u00e4. Niiss\u00e4 h\u00e4n teki kaksi maalia ja antoi seitsem\u00e4n maaliin johtanutta sy\u00f6tt\u00f6\u00e4.<\/p>\n<p class=\"article-body mb-nof-24 px-nof-16\">HJK:n urheilujohtaja <a class=\"article-personlink\" href=\"https:\/\/www.is.fi\/haku\/?query=Petri%20Vuorinen\" rel=\"nofollow noopener\" target=\"_blank\">Petri Vuorinen<\/a> oli mukana tuomassa Cicalea Suomeen ja VPS:\u00e4\u00e4n.<\/p>\n<p class=\"article-body mb-nof-24 px-nof-16\">\u2013\u2009 Alfie on todella \u00e4lyk\u00e4s nuori mies ja lahjakas pelaaja. H\u00e4nen vahvuutensa ovat yksi vastaan yksi -ohituksissa, mutta h\u00e4n on kehittynyt my\u00f6s puolustussuuntaan, Vuorinen sanoo Klubin tiedotteessa.<\/p>\n","protected":false},"excerpt":{"rendered":"Cicale allekirjoitti kaksivuotisen sopimuksen Klubin kanssa. HJK on solminut kaksivuotisen pelaajasopimuksen englantilaislaituri Alfie Cicalen, 23, kanssa. Klubi tiedotti&hellip;\n","protected":false},"author":2,"featured_media":107729,"comment_status":"","ping_status":"","sticky":false,"template":"","format":"standard","meta":{"footnotes":""},"categories":[158],"tags":[33,31,30,34,159,32,160],"class_list":{"0":"post-107728","1":"post","2":"type-post","3":"status-publish","4":"format-standard","5":"has-post-thumbnail","7":"category-urheilu","8":"tag-fi","9":"tag-finland","10":"tag-finnish","11":"tag-ilta-sanomat","12":"tag-sports","13":"tag-suomi","14":"tag-urheilu"},"share_on_mastodon":{"url":"https:\/\/pubeurope.com\/@fi\/115662611182531965","error":""},"_links":{"self":[{"href":"https:\/\/www.europesays.com\/fi\/wp-json\/wp\/v2\/posts\/107728","targetHints":{"allow":["GET"]}}],"collection":[{"href":"https:\/\/www.europesays.com\/fi\/wp-json\/wp\/v2\/posts"}],"about":[{"href":"https:\/\/www.europesays.com\/fi\/wp-json\/wp\/v2\/types\/post"}],"author":[{"embeddable":true,"href":"https:\/\/www.europesays.com\/fi\/wp-json\/wp\/v2\/users\/2"}],"replies":[{"embeddable":true,"href":"https:\/\/www.europesays.com\/fi\/wp-json\/wp\/v2\/comments?post=107728"}],"version-history":[{"count":0,"href":"https:\/\/www.europesays.com\/fi\/wp-json\/wp\/v2\/posts\/107728\/revisions"}],"wp:featuredmedia":[{"embeddable":true,"href":"https:\/\/www.europesays.com\/fi\/wp-json\/wp\/v2\/media\/107729"}],"wp:attachment":[{"href":"https:\/\/www.europesays.com\/fi\/wp-json\/wp\/v2\/media?parent=107728"}],"wp:term":[{"taxonomy":"category","embeddable":true,"href":"https:\/\/www.europesays.com\/fi\/wp-json\/wp\/v2\/categories?post=107728"},{"taxonomy":"post_tag","embeddable":true,"href":"https:\/\/www.europesays.com\/fi\/wp-json\/wp\/v2\/tags?post=107728"}],"curies":[{"name":"wp","href":"https:\/\/api.w.org\/{rel}","templated":true}]}}