{"id":107742,"date":"2025-12-04T18:21:11","date_gmt":"2025-12-04T18:21:11","guid":{"rendered":"https:\/\/www.europesays.com\/fi\/107742\/"},"modified":"2025-12-04T18:21:11","modified_gmt":"2025-12-04T18:21:11","slug":"valkaman-taidekoulun-oppilaat-esittelivat-taitojaan-talvijuhlassa-tuotantoennatyksen-ropisivat-jamsanjokilaakson-tehtailla-ja-latka-st-84-valmistautui-kauteen-uuden-valmentajan-johdolla","status":"publish","type":"post","link":"https:\/\/www.europesays.com\/fi\/107742\/","title":{"rendered":"Valkaman taidekoulun oppilaat esitteliv\u00e4t taitojaan talvijuhlassa, tuotantoenn\u00e4tyksen ropisivat J\u00e4ms\u00e4njokilaakson tehtailla ja L\u00e4tk\u00e4 ST-84 valmistautui kauteen uuden valmentajan johdolla"},"content":{"rendered":"<p><img decoding=\"async\" src=\"https:\/\/www.europesays.com\/fi\/wp-content\/uploads\/2025\/12\/1764872471_192_468.jpg\" alt=\"Valkaman taidekoulun talvijuhla oli tulvillaan esiintymisen iloa, kertoi Koillis-H\u00e4me 4. joulukuuta 1995. Taidekoulun kerrottiin vakiinnuttaneen asemansa jokilaaksolaisen taidekasvatuksen kent\u00e4ss\u00e4, ja jutun ilmestymisen aikoihin 60 lasta oli ollut syyskaudella mukana joko pianon- ja viulunsoiton, baletin tai kuvataiteen opinnoissa. Balettioppilaat, my\u00f6s kuvan pienet ballerinat, p\u00e4\u00e4ttiv\u00e4t syyskautensa talvijuhlaan, muiden opinnot jatkuivat jouluun.\" class=\"_Img_1rerz_1\" style=\"aspect-ratio:1.605351170568562\" loading=\"eager\"\/><\/p>\n<p class=\"article-picture-caption\">Valkaman taidekoulun talvijuhla oli tulvillaan esiintymisen iloa, kertoi Koillis-H\u00e4me 4. joulukuuta 1995. Taidekoulun kerrottiin vakiinnuttaneen asemansa jokilaaksolaisen taidekasvatuksen kent\u00e4ss\u00e4, ja jutun ilmestymisen aikoihin 60 lasta oli ollut syyskaudella mukana joko pianon- ja viulunsoiton, baletin tai kuvataiteen opinnoissa. Balettioppilaat, my\u00f6s kuvan pienet ballerinat, p\u00e4\u00e4ttiv\u00e4t syyskautensa talvijuhlaan, muiden opinnot jatkuivat jouluun. Kuva:\u00a0Arkisto<\/p>\n<p>Tuotantoenn\u00e4tykset ropisevat J\u00e4ms\u00e4njokilaakson tehtailla<\/p>\n<p class=\"article-body mb-nof-24 px-nof-16\">Yhtyneiden J\u00e4ms\u00e4njokilaakson tehtailla tehd\u00e4\u00e4n t\u00e4n\u00e4 vuonna tonneissa mitattuna enemm\u00e4n paperia kuin koskaan, sill\u00e4 k\u00e4yt\u00e4nn\u00f6ss\u00e4 koneet k\u00e4yv\u00e4t koko vuoden t\u00e4ydell\u00e4 kapasiteetilla. Koneet suoltavat paperia noin 1,3 miljoonaa tonnia. Tuotantoenn\u00e4tykset ropisevat niin J\u00e4ms\u00e4nkosken kuin Kaipolan tehtailla.<\/p>\n","protected":false},"excerpt":{"rendered":"Valkaman taidekoulun talvijuhla oli tulvillaan esiintymisen iloa, kertoi Koillis-H\u00e4me 4. joulukuuta 1995. Taidekoulun kerrottiin vakiinnuttaneen asemansa jokilaaksolaisen taidekasvatuksen&hellip;\n","protected":false},"author":2,"featured_media":107743,"comment_status":"","ping_status":"","sticky":false,"template":"","format":"standard","meta":{"footnotes":""},"categories":[135],"tags":[389,387,388,390,137,33,31,30,3435,32,394,393,391,392,109],"class_list":{"0":"post-107742","1":"post","2":"type-post","3":"status-publish","4":"format-standard","5":"has-post-thumbnail","7":"category-taiteet-ja-suunnittelu","8":"tag-arts","9":"tag-arts-and-design","10":"tag-artsanddesign","11":"tag-design","12":"tag-entertainment","13":"tag-fi","14":"tag-finland","15":"tag-finnish","16":"tag-jamsan-seutu","17":"tag-suomi","18":"tag-suunnittelu","19":"tag-taiteet","20":"tag-taiteet-ja-suunnittelu","21":"tag-taiteetsuunnittelu","22":"tag-viihde"},"share_on_mastodon":{"url":"https:\/\/pubeurope.com\/@fi\/115662689776858150","error":""},"_links":{"self":[{"href":"https:\/\/www.europesays.com\/fi\/wp-json\/wp\/v2\/posts\/107742","targetHints":{"allow":["GET"]}}],"collection":[{"href":"https:\/\/www.europesays.com\/fi\/wp-json\/wp\/v2\/posts"}],"about":[{"href":"https:\/\/www.europesays.com\/fi\/wp-json\/wp\/v2\/types\/post"}],"author":[{"embeddable":true,"href":"https:\/\/www.europesays.com\/fi\/wp-json\/wp\/v2\/users\/2"}],"replies":[{"embeddable":true,"href":"https:\/\/www.europesays.com\/fi\/wp-json\/wp\/v2\/comments?post=107742"}],"version-history":[{"count":0,"href":"https:\/\/www.europesays.com\/fi\/wp-json\/wp\/v2\/posts\/107742\/revisions"}],"wp:featuredmedia":[{"embeddable":true,"href":"https:\/\/www.europesays.com\/fi\/wp-json\/wp\/v2\/media\/107743"}],"wp:attachment":[{"href":"https:\/\/www.europesays.com\/fi\/wp-json\/wp\/v2\/media?parent=107742"}],"wp:term":[{"taxonomy":"category","embeddable":true,"href":"https:\/\/www.europesays.com\/fi\/wp-json\/wp\/v2\/categories?post=107742"},{"taxonomy":"post_tag","embeddable":true,"href":"https:\/\/www.europesays.com\/fi\/wp-json\/wp\/v2\/tags?post=107742"}],"curies":[{"name":"wp","href":"https:\/\/api.w.org\/{rel}","templated":true}]}}