{"id":107756,"date":"2025-12-04T18:34:09","date_gmt":"2025-12-04T18:34:09","guid":{"rendered":"https:\/\/www.europesays.com\/fi\/107756\/"},"modified":"2025-12-04T18:34:09","modified_gmt":"2025-12-04T18:34:09","slug":"pelastusarmeijan-joulumainos-hammastytti-markon-kylla-harskilta-tuntuu","status":"publish","type":"post","link":"https:\/\/www.europesays.com\/fi\/107756\/","title":{"rendered":"Pelastusarmeijan joulumainos h\u00e4mm\u00e4stytti Markon: \u201dKyll\u00e4 h\u00e4rskilt\u00e4 tuntuu\u201d"},"content":{"rendered":"<p>Pelastusarmeijan viestint\u00e4p\u00e4\u00e4llikk\u00f6 kertoo, ett\u00e4 monet j\u00e4rjest\u00f6t k\u00e4yv\u00e4t nyky\u00e4\u00e4n kovaa kilpailua ihmisten huomiosta.<\/p>\n<p class=\"article-body mb-nof-24 px-nof-16\">Tamperelaisen <a class=\"article-personlink\" href=\"https:\/\/www.is.fi\/haku\/?query=Markon\" rel=\"nofollow noopener\" target=\"_blank\">Markon<\/a> postiluukusta putosi keskiviikkona postia Pelastusarmeijalta. Kuoresta paljastui kaksisivuinen mainos, jolla ker\u00e4t\u00e4\u00e4n rahaa v\u00e4h\u00e4varaisten perheille joulun alla.<\/p>\n<p class=\"article-body mb-nof-24 px-nof-16\">Mainoksen ulkoasu oli Markosta kyseenalainen. Se muistuttaa erehdytt\u00e4v\u00e4sti laskua viivakoodeineen p\u00e4ivineen.<\/p>\n<p class=\"article-body mb-nof-24 px-nof-16\">\u2013 Minun tietojeni mukaan tuollaista laskun tyyppist\u00e4 mainontaa ei saisi harrastaa. Aika rohkea Pelastusarmeijalta t\u00e4mm\u00f6inen.<\/p>\n<p class=\"article-body mb-nof-24 px-nof-16\">Marko kertoo, ettei h\u00e4nell\u00e4 ole mink\u00e4\u00e4nlaisia siteit\u00e4 Pelastusarmeijaan. H\u00e4n ihmettelee, ett\u00e4 Pelastusarmeija turvautuu laskun n\u00e4k\u00f6iseen mainontaan. Marko arvioi, ett\u00e4 laskua muistuttava mainos voi h\u00e4m\u00e4t\u00e4 etenkin vanhuksia.<\/p>\n<p class=\"article-body mb-nof-24 px-nof-16\">\u2013 Lukee ker\u00e4ysluvat ja muut, mutta t\u00e4llainen laskun l\u00e4hett\u00e4minen ei minusta ole t\u00e4n\u00e4 p\u00e4iv\u00e4n\u00e4 en\u00e4\u00e4 asiallista. T\u00e4m\u00e4 on puhtaasti rahastuskeino, ja vanhemmat ihmiset voivat s\u00e4ik\u00e4ht\u00e4\u00e4 t\u00e4llaista laskua. Ihmiset ovat erehtyv\u00e4isi\u00e4.<\/p>\n<p class=\"article-body mb-nof-24 px-nof-16\">Mainoksen etupuolella lukee suurin punaisin kirjaimin: \u201dSuurin on rakkaus.\u201d Alla kuvaillaan, millaista joulunaika voi olla v\u00e4h\u00e4varaisissa perheiss\u00e4. Alle on kirjattu n\u00e4enn\u00e4isesti v\u00e4h\u00e4varaisessa perheess\u00e4 el\u00e4v\u00e4n nuoren kertoma kuvaus joulunodotuksesta.<\/p>\n<p class=\"article-body mb-nof-24 px-nof-16\">\u201dLastenohjelmissa tontut kurkkii, onko lapset kilttej\u00e4. Mun pikkusisko uskoo viel\u00e4 joulupukkiin ja yritt\u00e4\u00e4 kovasti. Se ei tied\u00e4, ettei \u00e4idill\u00e4 ole rahaa ostaa meille lahjoja, eik\u00e4 siihen kiltteys auta. M\u00e4 en edes toivo lahjoja. M\u00e4 vaan en mee kouluun heti loman j\u00e4lkeen, niin ei tarvii vastata kavereiden kysymyksiin. Mun toive on, ettei \u00e4iti olis niin huolissaan ja kiree koko ajan\u201d, mainoksen kirjoitus kuuluu.<\/p>\n<p class=\"article-body mb-nof-24 px-nof-16\">Mainoksessa ei kerrota, kuka sanat on lausunut. Sitaatin j\u00e4lkeen paperissa kerrotaan, ett\u00e4 perheet tarvitsevat konkreettista tukea ja ett\u00e4 taloudellinen ahdinko korostuu varsinkin jouluna. Sivummalle on listattu, mit\u00e4 perheelle olisi mahdollista esimerkiksi 20\u201380 euron lahjoituksella hankkia.<\/p>\n<p class=\"article-body mb-nof-24 px-nof-16\">Alempana on lasku ilman valmista summaa, saajan tilinumero, viivakoodi, viitenumero sek\u00e4 maksajan nimi ja osoite. Laskussa ovat my\u00f6s rahanker\u00e4ysluvan tiedot.<\/p>\n<p class=\"article-body mb-nof-24 px-nof-16\">\u2013 Kyll\u00e4 h\u00e4rskilt\u00e4 tuntuu, Marko sanoo.<\/p>\n<p><img decoding=\"async\" src=\"https:\/\/www.europesays.com\/fi\/wp-content\/uploads\/2025\/12\/1764873249_683_468.jpg\" alt=\"Mainoksessa kerrotaan, ett\u00e4 Pelastusarmeija on saanut osoitteen Dan &amp; Bradstreet -nimiselt\u00e4 yritykselt\u00e4.\" class=\"_Img_1rerz_1\" style=\"aspect-ratio:0.75\" loading=\"eager\"\/><\/p>\n<p class=\"article-picture-caption\">Mainoksessa kerrotaan, ett\u00e4 Pelastusarmeija on saanut osoitteen Dan &amp; Bradstreet -nimiselt\u00e4 yritykselt\u00e4. Kuva:\u00a0Lukijan kuva<\/p>\n<p class=\"article-body mb-nof-24 px-nof-16\">Kirjeit\u00e4 l\u00e4hti matkaan t\u00e4n\u00e4 jouluna noin 350\u202f000, kertoo Pelastusarmeijan viestint\u00e4sektorin p\u00e4\u00e4llikk\u00f6, kapteeni <a class=\"article-personlink\" href=\"https:\/\/www.is.fi\/haku\/?query=Riku%20Leino\" rel=\"nofollow noopener\" target=\"_blank\">Riku Leino<\/a>. H\u00e4nen korviinsa ei ole kantautunut huolta siit\u00e4, ett\u00e4 i\u00e4kk\u00e4\u00e4mm\u00e4t vastaanottajat olisivat kokeneet laskumaisen mainoksen h\u00e4m\u00e4\u00e4v\u00e4n\u00e4. Itseasiassa laskumaisen tyylin koetaan palvelevan juuri i\u00e4kk\u00e4\u00e4mpi\u00e4 ihmisi\u00e4.<\/p>\n<p class=\"article-body mb-nof-24 px-nof-16\">\u2013 Se on tehty mahdollisimman helpoksi. Lahjoittajaprofiili voi olla v\u00e4h\u00e4n i\u00e4kk\u00e4\u00e4mpi ja voi olla, ett\u00e4 on totuttu k\u00e4sittelem\u00e4\u00e4n laskuja.<\/p>\n<p class=\"article-body mb-nof-24 px-nof-16\">Leino kertoo, ettei kirjeess\u00e4 esiintyv\u00e4 sitaatti ole suora lainaus kenelt\u00e4k\u00e4\u00e4n.<\/p>\n<p class=\"article-body mb-nof-24 px-nof-16\">\u2013 T\u00e4m\u00e4 on sellainen yleislainaus, mik\u00e4 voidaan yleist\u00e4\u00e4 niihin kohtaamisiin, mit\u00e4 meill\u00e4 on. Ei ole suora lainaus mist\u00e4\u00e4n, siin\u00e4 on yhdistetty muutamia erilaisia tilanteita.<\/p>\n<p class=\"article-body mb-nof-24 px-nof-16\">Sitaatti laadittiin juuri t\u00e4t\u00e4 joulukampanjaa varten, ja sen on kirjoittanut Pelastusarmeijan upseeri.<\/p>\n<p class=\"article-body mb-nof-24 px-nof-16\">\u2013 Lainaus kuvaa yleist\u00e4 ja toistuvasti kuulemaamme kokemusta siit\u00e4, miten erityisesti joulu korostaa perheiden ja lasten v\u00e4lisi\u00e4 taloudellisia eroja. H\u00e4t\u00e4 on monella t\u00e4ll\u00e4 hetkell\u00e4 todellinen. Ty\u00f6mme tavoitteena on v\u00e4hent\u00e4\u00e4 t\u00e4t\u00e4 eriarvoisuutta ja tukea perheit\u00e4 ja kaikkia apua tarvitsevia niin konkreettisesti ja hyvin kuin pystymme.<\/p>\n<p class=\"article-body mb-nof-24 px-nof-16\">Kirjeker\u00e4ys tehd\u00e4\u00e4n nelj\u00e4sti vuodessa. Jouluisin teht\u00e4v\u00e4 ker\u00e4ys on ker\u00e4yksist\u00e4 suurin. Joulukampanjalla ker\u00e4t\u00e4\u00e4n apua ymp\u00e4rivuotiseen apuun. Vastaavia kirjeit\u00e4 on l\u00e4hetetty vuodesta 2018 saakka.<\/p>\n<p class=\"article-body mb-nof-24 px-nof-16\">\u2013 Saamme n\u00e4ill\u00e4 nelj\u00e4ll\u00e4 kirjeell\u00e4 noin kaksi miljoonaa euroa. Sanoisin, ett\u00e4 se on toiminut tosi hyvin. Kilpailu on kovaa, ja monet j\u00e4rjest\u00f6t kilpailevat ihmisten huomiosta.<\/p>\n<p class=\"article-body mb-nof-24 px-nof-16\">Rahoilla tarjotaan esimerkiksi taloudellista apua, ruoka-apua ja palveluohjausta.<\/p>\n<p class=\"article-body mb-nof-24 px-nof-16\">Ilta-Sanomat kysyi Keskuskauppakamarilta asiantuntijalausuntoa laskun n\u00e4k\u00f6isest\u00e4 mainoksesta. Keskuskauppakamarista vastattiin, ett\u00e4 liiketapalautakunta tai mainonnan eettinen neuvosto ei voi ottaa tapaukseen etuk\u00e4teen kantaa, koska asia voi tulla my\u00f6hemmin niiden arvioitavaksi.<\/p>\n","protected":false},"excerpt":{"rendered":"Pelastusarmeijan viestint\u00e4p\u00e4\u00e4llikk\u00f6 kertoo, ett\u00e4 monet j\u00e4rjest\u00f6t k\u00e4yv\u00e4t nyky\u00e4\u00e4n kovaa kilpailua ihmisten huomiosta. Tamperelaisen Markon postiluukusta putosi keskiviikkona postia&hellip;\n","protected":false},"author":2,"featured_media":107757,"comment_status":"","ping_status":"","sticky":false,"template":"","format":"standard","meta":{"footnotes":""},"categories":[5],"tags":[22,23,26,27,33,31,30,17,34,24,25,28,29,15,18,21,32,19,20,16],"class_list":{"0":"post-107756","1":"post","2":"type-post","3":"status-publish","4":"format-standard","5":"has-post-thumbnail","7":"category-otsikot","8":"tag-breaking-news","9":"tag-breakingnews","10":"tag-featured-news","11":"tag-featurednews","12":"tag-fi","13":"tag-finland","14":"tag-finnish","15":"tag-headlines","16":"tag-ilta-sanomat","17":"tag-latest-news","18":"tag-latestnews","19":"tag-main-news","20":"tag-mainnews","21":"tag-news","22":"tag-otsikot","23":"tag-paauutiset","24":"tag-suomi","25":"tag-top-stories","26":"tag-topstories","27":"tag-uutiset"},"share_on_mastodon":{"url":"https:\/\/pubeurope.com\/@fi\/115662740991250147","error":""},"_links":{"self":[{"href":"https:\/\/www.europesays.com\/fi\/wp-json\/wp\/v2\/posts\/107756","targetHints":{"allow":["GET"]}}],"collection":[{"href":"https:\/\/www.europesays.com\/fi\/wp-json\/wp\/v2\/posts"}],"about":[{"href":"https:\/\/www.europesays.com\/fi\/wp-json\/wp\/v2\/types\/post"}],"author":[{"embeddable":true,"href":"https:\/\/www.europesays.com\/fi\/wp-json\/wp\/v2\/users\/2"}],"replies":[{"embeddable":true,"href":"https:\/\/www.europesays.com\/fi\/wp-json\/wp\/v2\/comments?post=107756"}],"version-history":[{"count":0,"href":"https:\/\/www.europesays.com\/fi\/wp-json\/wp\/v2\/posts\/107756\/revisions"}],"wp:featuredmedia":[{"embeddable":true,"href":"https:\/\/www.europesays.com\/fi\/wp-json\/wp\/v2\/media\/107757"}],"wp:attachment":[{"href":"https:\/\/www.europesays.com\/fi\/wp-json\/wp\/v2\/media?parent=107756"}],"wp:term":[{"taxonomy":"category","embeddable":true,"href":"https:\/\/www.europesays.com\/fi\/wp-json\/wp\/v2\/categories?post=107756"},{"taxonomy":"post_tag","embeddable":true,"href":"https:\/\/www.europesays.com\/fi\/wp-json\/wp\/v2\/tags?post=107756"}],"curies":[{"name":"wp","href":"https:\/\/api.w.org\/{rel}","templated":true}]}}