{"id":107762,"date":"2025-12-04T18:50:10","date_gmt":"2025-12-04T18:50:10","guid":{"rendered":"https:\/\/www.europesays.com\/fi\/107762\/"},"modified":"2025-12-04T18:50:10","modified_gmt":"2025-12-04T18:50:10","slug":"goottimetallia-kansalle-cemetery-skyline-ja-tribulation-kiertavat-suomea-kevaalla","status":"publish","type":"post","link":"https:\/\/www.europesays.com\/fi\/107762\/","title":{"rendered":"Goottimetallia kansalle &#8211; Cemetery Skyline ja Tribulation kiert\u00e4v\u00e4t Suomea kev\u00e4\u00e4ll\u00e4"},"content":{"rendered":"<p>Suomalais-ruotsalainen goottimetallin superkokoonpano Cemetery Skyline, jonka miehist\u00f6lt\u00e4 l\u00f6ytyy kytk\u00f6ksi\u00e4 muun muassa Amorphisiin, Dark Tranquillityyn, Sentencediin ja Insomniumiin, tekee kev\u00e4\u00e4ll\u00e4 viiden keikan mittaisen Suomen-kiertueen. Mukana kulkee ruotsalainen Tribulation.<\/p>\n<p>Keikkaputki alkaa Turusta 6.5. ja p\u00e4\u00e4ttyy 10.5. Helsinkiin. Siin\u00e4 v\u00e4liss\u00e4 yhtyeet vierailevat Tampereella, Kuopiossa sek\u00e4 Oulussa.<\/p>\n","protected":false},"excerpt":{"rendered":"Suomalais-ruotsalainen goottimetallin superkokoonpano Cemetery Skyline, jonka miehist\u00f6lt\u00e4 l\u00f6ytyy kytk\u00f6ksi\u00e4 muun muassa Amorphisiin, Dark Tranquillityyn, Sentencediin ja Insomniumiin, tekee&hellip;\n","protected":false},"author":2,"featured_media":107763,"comment_status":"","ping_status":"","sticky":false,"template":"","format":"standard","meta":{"footnotes":""},"categories":[132],"tags":[137,33,31,30,195,47,32,109],"class_list":{"0":"post-107762","1":"post","2":"type-post","3":"status-publish","4":"format-standard","5":"has-post-thumbnail","7":"category-musiikki","8":"tag-entertainment","9":"tag-fi","10":"tag-finland","11":"tag-finnish","12":"tag-music","13":"tag-musiikki","14":"tag-suomi","15":"tag-viihde"},"share_on_mastodon":{"url":"https:\/\/pubeurope.com\/@fi\/115662804181274801","error":""},"_links":{"self":[{"href":"https:\/\/www.europesays.com\/fi\/wp-json\/wp\/v2\/posts\/107762","targetHints":{"allow":["GET"]}}],"collection":[{"href":"https:\/\/www.europesays.com\/fi\/wp-json\/wp\/v2\/posts"}],"about":[{"href":"https:\/\/www.europesays.com\/fi\/wp-json\/wp\/v2\/types\/post"}],"author":[{"embeddable":true,"href":"https:\/\/www.europesays.com\/fi\/wp-json\/wp\/v2\/users\/2"}],"replies":[{"embeddable":true,"href":"https:\/\/www.europesays.com\/fi\/wp-json\/wp\/v2\/comments?post=107762"}],"version-history":[{"count":0,"href":"https:\/\/www.europesays.com\/fi\/wp-json\/wp\/v2\/posts\/107762\/revisions"}],"wp:featuredmedia":[{"embeddable":true,"href":"https:\/\/www.europesays.com\/fi\/wp-json\/wp\/v2\/media\/107763"}],"wp:attachment":[{"href":"https:\/\/www.europesays.com\/fi\/wp-json\/wp\/v2\/media?parent=107762"}],"wp:term":[{"taxonomy":"category","embeddable":true,"href":"https:\/\/www.europesays.com\/fi\/wp-json\/wp\/v2\/categories?post=107762"},{"taxonomy":"post_tag","embeddable":true,"href":"https:\/\/www.europesays.com\/fi\/wp-json\/wp\/v2\/tags?post=107762"}],"curies":[{"name":"wp","href":"https:\/\/api.w.org\/{rel}","templated":true}]}}