{"id":107774,"date":"2025-12-04T18:59:09","date_gmt":"2025-12-04T18:59:09","guid":{"rendered":"https:\/\/www.europesays.com\/fi\/107774\/"},"modified":"2025-12-04T18:59:09","modified_gmt":"2025-12-04T18:59:09","slug":"eero-huovinen-kertoo-mika-kuolemassa-pelottaa-myontaa-voimiensa-vahentyneen","status":"publish","type":"post","link":"https:\/\/www.europesays.com\/fi\/107774\/","title":{"rendered":"Eero Huovinen kertoo, mik\u00e4 kuolemassa pelottaa \u2013 My\u00f6nt\u00e4\u00e4 voimiensa v\u00e4hentyneen"},"content":{"rendered":"<p>Emerituspiispa Eero Huovinen toivoo ihmisten v\u00e4litt\u00e4v\u00e4n enemm\u00e4n toisistaan. H\u00e4n on itsekin joutunut havaitsemaan voimiensa v\u00e4henev\u00e4n ik\u00e4vuosien kertyess\u00e4.<\/p>\n<ul>\n<li>81-vuotias emerituspiispa Eero Huovinen on kokenut fyysisen kunnon heikkenemist\u00e4, mik\u00e4 on supistanut h\u00e4nen elinpiiri\u00e4\u00e4n ja tuonut kipuja arkeen.<\/li>\n<li>Huovinen muistelee vuoden 2004 tsunamia ja kertoo, mik\u00e4 kuolemassa pelottaa eniten<\/li>\n<li>Huovinen on huolissaan Suomen tilanteesta. H\u00e4n per\u00e4\u00e4nkuuluttaa solidaarisuutta ja hyv\u00e4osaisempien vastuuta.<\/li>\n<li>Junien lis\u00e4ksi pes\u00e4pallo on Huoviselle rakas harrastus, ja h\u00e4n seuraa erityisesti Vimpelin Vedon ja Rauman Lukon edesottamuksia.<\/li>\n<\/ul>\n<p class=\"paragraph\">Hyv\u00e4ntuulisuus paistaa emerituspiispa <a href=\"https:\/\/www.iltalehti.fi\/henkilot\/Eero Huovinen\" class=\"article-link-person-page\" rel=\"nofollow noopener\" target=\"_blank\">Eero Huovisen<\/a> silmist\u00e4 h\u00e4nen siemaillessaan p\u00e4iv\u00e4kahvia. Kun jutustelu siirtyy t\u00e4m\u00e4n hetken maailmantilanteeseen, h\u00e4nen ilmeens\u00e4 vakavoituu.<\/p>\n<p class=\"paragraph\">\u2013 Me kaikki olemme levottomia maailman tilanteen vuoksi. Sota ei ole ollut n\u00e4in l\u00e4hell\u00e4 Suomea toisen maailmansodan j\u00e4lkeen.<\/p>\n<p class=\"paragraph\">My\u00f6s Suomen tilanne mietitytt\u00e4\u00e4 Huovista.<\/p>\n<p class=\"paragraph\">\u2013 Enemmist\u00f6 suomalaisista voi varsin hyvin. On kuitenkin paljon ihmisi\u00e4, joiden el\u00e4m\u00e4 on mennyt tosi tiukoille. Kaikki eiv\u00e4t voi hyvin.<\/p>\n<p class=\"paragraph\">H\u00e4n toivoo hyv\u00e4osaisten pit\u00e4v\u00e4n huolta niist\u00e4, joilla asiat ovat huonommin.<\/p>\n<p class=\"paragraph\">\u2013 On hyvin surullista, ett\u00e4 maassamme on ihmisi\u00e4, jotka joutuvat kokemaan n\u00e4lk\u00e4\u00e4 ja puutetta. Hyv\u00e4osaiset voisivat tinki\u00e4 niiden hyv\u00e4ksi, jotka uhkaavat syrj\u00e4yty\u00e4. Tarvitaan l\u00e4mmint\u00e4 syd\u00e4nt\u00e4 ja solidaarista talouspolitiikkaa.<\/p>\n<p class=\"paragraph\">Huovinen muistuttaa, ett\u00e4 suomalaiset ovat olleet parhaimmillaan ja yhten\u00e4isimmill\u00e4\u00e4n silloin, kun on ollut vaikeita aikoja.<\/p>\n<p class=\"paragraph\">\u2013 Olemme osanneet asettua toisen ihmisen asemaan. T\u00e4t\u00e4 toivon t\u00e4n\u00e4\u00e4nkin.<\/p>\n<p class=\"paragraph\">Huovinen toivoo, ett\u00e4 l\u00e4hestyv\u00e4 joulu nostaisi auttamishalua.<\/p>\n<p class=\"paragraph\">\u2013 Joulu her\u00e4tt\u00e4\u00e4 ihmisiss\u00e4 halun auttaa muita, se on hyv\u00e4n tahdon juhla. Jos itse saa lahjoja, her\u00e4\u00e4 my\u00f6s tahto antaa jotakin hyv\u00e4\u00e4 muille.<\/p>\n<p class=\"paragraph\">\u2013 Aineellisen auttamisen rinnalla voi lahjoittaa aikaa ja l\u00e4heisyytt\u00e4. Joulun henki saisi s\u00e4teill\u00e4 koko vuoteen. Laulussakin toivotaan, ett\u00e4 meill\u00e4 olisi \u201djoulu ainainen\u201d.<\/p>\n<p>Junat kiehtovat<\/p>\n<p class=\"paragraph\">Nykyisin Huovinen toivoo joululahjaksi yhdess\u00e4oloa lasten, lastenlasten ja rouvan kanssa.<\/p>\n<p class=\"paragraph\">\u2013 Olemme rouvan kanssa sopineet, ett\u00e4 kumpikin antaa toiselle vain yhden lahjan.<\/p>\n<p class=\"paragraph\">Yksi lapsuuden joulumuisto on j\u00e4\u00e4nyt Huovisen mieleen. Sen tuoma kipin\u00e4 on s\u00e4ilynyt l\u00e4pi vuosien.<\/p>\n<p class=\"paragraph\">\u2013 Sain pikkupoikana lahjaksi vieteriveturin ja pienen junanradan. Se oli suuri hetki. Siit\u00e4 alkoi el\u00e4m\u00e4nmittainen kiinnostus juniin. Kouluaikoina laskin junien keskinopeuksia matkojen ja aikataulujen perusteella.<\/p>\n<p class=\"paragraph\">\u2013 Lapsuudessa menin usein Helsingin p\u00e4\u00e4rautatieasemalle katselemaan vitriiniss\u00e4 olevaa, kolikkomaksulla liikkuvaa junaa. Silloin kun minulla ei ollut rahaa, j\u00e4in odottamaan, ett\u00e4 joku muu k\u00e4ynnist\u00e4\u00e4 laitteen saadakseni ihailla junan kulkua.<\/p>\n<p class=\"paragraph\">Junat ovat olleet t\u00e4rkeit\u00e4 my\u00f6s aikuisi\u00e4ll\u00e4.<\/p>\n<p class=\"paragraph\">\u2013 Olen asunut usein junaradan varrella. Aikuisenakin on tullut monesti mieleen huudahtaa lapsuuden tapaan, ett\u00e4 \u201disi, isi, katso juna menee.\u201d<\/p>\n<p class=\"paragraph\">Junat ovat tulleet tutuiksi maailmallakin.<\/p>\n<p class=\"paragraph\">\u2013 Matkustaminen Kiinassa yli 400 km\/h kulkevassa junassa oli hauska kokemus. Junissa minua kiehtoo erityisesti vauhti ja maisemien nopea vaihtuminen. Toki my\u00f6s autot kiinnostavat. Minulla oli aikoinaan my\u00f6s rekkakortti, ja toimin opiskeluvuosina Koffin kaljakuskina.<\/p>\n<p>Tsunami mieless\u00e4<\/p>\n<p class=\"paragraph\">Huovinen joutui maailmalla matkatessaan my\u00f6s todellisen tragedian keskelle. Vuonna 2004 h\u00e4n oli Thaimaan Phuketissa, kun tsunami mullisti maailman.<\/p>\n<p class=\"paragraph\">\u2013 Vaikeinta oli kohdata yksinj\u00e4\u00e4neet ja vammautuneet lapset. Lasten suru ja kaipaus, ne koskivat syv\u00e4lle syd\u00e4meen.<\/p>\n<p class=\"paragraph\">Ihmisten suru ja tuska laittoivat my\u00f6s Huovisen uskon koetukselle.<\/p>\n<p class=\"paragraph\">\u2013 Oli vaikeaa ymm\u00e4rt\u00e4\u00e4, miksi Jumala, joka rakastaa, sallii n\u00e4in kauheita asioita. Jumalan tiet ovat v\u00e4lill\u00e4 sellaiset, ett\u00e4 ne koettelevat uskoa. On vain luotettava H\u00e4nen tiet\u00e4v\u00e4n miten asioiden kuuluu menn\u00e4.<\/p>\n<p class=\"paragraph\">Huovinen muistuttaa, ett\u00e4 tsunami voi kohdata vain yht\u00e4 ihmist\u00e4kin.<\/p>\n<p class=\"paragraph\">\u2013 On paljon piiloon j\u00e4\u00e4vi\u00e4 pieni\u00e4 tsunameita, jotka mullistavat yhden ihmisen el\u00e4m\u00e4n esimerkiksi sairauden tai onnettomuuden kautta. Onkin t\u00e4rke\u00e4\u00e4 muistaa my\u00f6s niiden ihmisten tuska, jotka eiv\u00e4t n\u00e4y lehtien palstoilla. T\u00e4ss\u00e4 tarvitaan silmien ja korvien auki pitoa.<\/p>\n<p>Eero Huovinen toivoo ihmisten huomioivan toisiaan. Lukeminen on t\u00e4rke\u00e4 harrastus Eero Huoviselle. Tomi Olli<\/p>\n<p>\u201dYksi komea mieskin\u201d<\/p>\n<p class=\"paragraph\">Huovinen tunnistetaan katukuvassa, monet tulevat juttelemaan erilaisista asioista.<\/p>\n<p class=\"paragraph\">\u2013 Se ei silti ole en\u00e4\u00e4 niin yleist\u00e4 kuin ollessani Helsingin hiippakunnan piispa. Silloin k\u00e4ytin tietoisesti papin kaulusta. Halusin sen olevan merkki, ett\u00e4 olen ihmisi\u00e4 varten.<\/p>\n<p class=\"paragraph\">\u2013 Vuosien varrella vastaan on tullut ihmisi\u00e4, joilla on itkuiset silm\u00e4t. Toivon, ett\u00e4 olen voinut auttaa heit\u00e4 p\u00e4\u00e4sem\u00e4\u00e4n eroon mielt\u00e4 painavista tunteista.<\/p>\n<p class=\"paragraph\">Huovinen haluaa rohkaista avoimuuteen. H\u00e4n on ottanut hississ\u00e4 k\u00e4ytt\u00f6\u00f6n oman tapansa.<\/p>\n<p class=\"paragraph\">\u2013 Suomalaisilla on usein tapa, ettei hississ\u00e4 puhuta muille mit\u00e4\u00e4n. K\u00e4\u00e4nnyt\u00e4\u00e4n sein\u00e4\u00e4n p\u00e4in. Olen yritt\u00e4nyt uusia avauksia. Menness\u00e4ni hissiin saatan kysy\u00e4 siell\u00e4 olevilta, onko t\u00e4n\u00e4\u00e4n ollut hyv\u00e4 vai huono p\u00e4iv\u00e4.<\/p>\n<p class=\"paragraph\">Huovisen suu k\u00e4\u00e4ntyy samalla hymyyn h\u00e4nen antaessaan asiasta esimerkin.<\/p>\n<p class=\"paragraph\">\u2013 Menin joku aika sitten er\u00e4\u00e4n kaupan hissiin, miss\u00e4 oli useita naisia. Lausahdin, ett\u00e4 onpas t\u00e4\u00e4ll\u00e4 kauniita tytt\u00f6j\u00e4. Yksi heist\u00e4 vastasi nopeasti, ett\u00e4 nytp\u00e4 tuli mukaan yksi komea mieskin. Kaikki nauroimme.<\/p>\n<p>Terveys mietitytt\u00e4\u00e4<\/p>\n<p class=\"paragraph\">81-vuotiaan Huovisen el\u00e4m\u00e4\u00e4 on viime vuodet s\u00e4vytt\u00e4nyt fyysisen kunnon heikkeneminen.<\/p>\n<p class=\"paragraph\">\u2013 Kun liikuntakyky heikkenee, ihmisen elinpiiri supistuu. En voi en\u00e4\u00e4 kulkea yht\u00e4 vapaasti kuin viel\u00e4 muutamia vuosia sitten.<\/p>\n<p class=\"paragraph\">My\u00f6s kivut ovat l\u00e4sn\u00e4.<\/p>\n<p class=\"paragraph\">\u2013 Kivut vaikuttavat mielialaan. Jos sairauksiin liittyy kipua, niit\u00e4 on vaikeaa unohtaa. Olen kiitollinen siit\u00e4, ett\u00e4 ainakin toistaiseksi olen saanut nukkua y\u00f6ni varsin hyvin.<\/p>\n<p class=\"paragraph\">H\u00e4n pyrkii hoitamaan kuntoaan mahdollisuuksien mukaan liikunnalla.<\/p>\n<p class=\"paragraph\">\u2013 Minulla on kotona kuntopy\u00f6r\u00e4 ja jumppakuminauha, joilla teen harjoitteita. Saan niiden kautta voimaa, mik\u00e4 taas edesauttaa kunnon s\u00e4ilymist\u00e4.<\/p>\n<p class=\"paragraph\">Tukea arkeen tuovat juttutuokiot samoista oireista k\u00e4rsivien tuttujen kanssa.<\/p>\n<p class=\"paragraph\">\u2013 On suuri asia saada puhua sellaisen kanssa, joka tuntee samoja vaivoja. Sellaiset henkil\u00f6t ymm\u00e4rt\u00e4v\u00e4t parhaiten, mist\u00e4 on kysymys.<\/p>\n<p class=\"paragraph\">Sairaudet pakottavat kysym\u00e4\u00e4n, mik\u00e4 el\u00e4m\u00e4ss\u00e4 on t\u00e4rkeint\u00e4.<\/p>\n<p class=\"paragraph\">\u2013 El\u00e4m\u00e4n rajallisuus on tullut entist\u00e4 useammin mieleen. Loppusuorallahan t\u00e4ss\u00e4 ollaan. On kuitenkin hyv\u00e4, ettei ihminen tied\u00e4, milloin on aika l\u00e4hte\u00e4.<\/p>\n<p class=\"paragraph\">\u2013 Kuolemassa monia meist\u00e4 pelottavat mahdolliset kivut. Mietin toki my\u00f6s sit\u00e4, mit\u00e4 on kuoleman j\u00e4lkeen. T\u00e4ss\u00e4 t\u00e4rke\u00e4 rooli on kristinuskolla. Vaikka taivaan todellisuutta on vaikeaa k\u00e4sitt\u00e4\u00e4, uskon siihen ja iankaikkiseen el\u00e4m\u00e4\u00e4n.<\/p>\n<p class=\"paragraph\">Huovinen sukeltaa samalla menneisiin muistoihin. H\u00e4n menetti \u00e4itins\u00e4 ollessaan yhdeks\u00e4nvuotias.<\/p>\n<p class=\"paragraph\">\u2013 Min\u00e4 ja kaksi velje\u00e4ni j\u00e4imme ilman \u00e4iti\u00e4. Meille opetettiin iltarukous, jonka lopuksi pyydettiin, ett\u00e4 meid\u00e4t viet\u00e4isiin kerran taivaan kotiin, miss\u00e4 rakas \u00e4itimme jo on. Uskon, ett\u00e4 taivas on paikka, miss\u00e4 ei ole murhetta ja kyyneleit\u00e4, vaan rauhaa ja lepoa. Uskon my\u00f6s, ett\u00e4 taivas on j\u00e4lleenn\u00e4kemisen paikka.<\/p>\n<p>Pes\u00e4pallomies<\/p>\n<p class=\"paragraph\">Vaikka Huovinen ei pid\u00e4 omaa kuntoaan erityisen hyv\u00e4n\u00e4, h\u00e4n jutustelee mielell\u00e4\u00e4n urheilusta. Erityisen l\u00e4hell\u00e4 syd\u00e4nt\u00e4 on pes\u00e4pallo.<\/p>\n<p class=\"paragraph\">\u2013 Lapsuudessani pelattiin Hesperian puistossa pes\u00e4pallon SM-sarjan otteluita, ne tekiv\u00e4t minuun vaikutuksen. Olin tuolloin Puna-Mustien kannattaja. Aina ei ollut rahaa ostaa peleihin lippuja, silloin kurkittiin kent\u00e4lle l\u00e4heiselt\u00e4 kalliolta.<\/p>\n<p class=\"paragraph\">Nykyisin Huovinen on kes\u00e4isin tuttu n\u00e4ky Vimpelin Saarikent\u00e4ll\u00e4. Sinne on tunnin ajomatka perheen m\u00f6kilt\u00e4 Pylk\u00f6nm\u00e4elt\u00e4.<\/p>\n<p class=\"paragraph\">\u2013 Pes\u00e4pallon saralla Vimpelin Veto on ykk\u00f6nen, vaikka toivon toki nostalgisessa mieless\u00e4 my\u00f6s Puna-Mustien uutta tulemista. Siihen ei riit\u00e4 pelkk\u00e4 raha, tarvitaan laajaa juniority\u00f6t\u00e4. Minulla on my\u00f6s j\u00e4\u00e4kiekon saralla oma suosikki, Rauman Lukko. Seuraan erityisen tarkasti Vedon ja Lukon edesottamuksia.<\/p>\n<p>Eero Huovisen terveiset<\/p>\n<p class=\"paragraph\">Sellaiselle, joka pit\u00e4\u00e4 itse\u00e4\u00e4n muita v\u00e4hempiarvoisena: P\u00e4\u00e4 pystyyn ruhtinatar ja ruhtinas. N\u00e4m\u00e4 tittelit kuuluvat kaikille ihmisille.<\/p>\n<p class=\"paragraph\">Sellaiselle, joka kokee monien olevan h\u00e4nt\u00e4 v\u00e4hempiarvoisia: \u00c4l\u00e4 luule itsest\u00e4si liikoja. \u00c4l\u00e4 kulje nokka pysytyss\u00e4. Tervehdi vastaantulijoita.<\/p>\n<p class=\"paragraph\">Sellaiselle, joka ahnehtii rahaa ja valtaa muiden kustannuksella: Kohtuudella ja ahneudella on suuri ero. Ahneus on varastamista, siin\u00e4 otetaan muilta pois. Ahneella on my\u00f6s se kuuluisa p-kirjaimella alkava loppu.<\/p>\n<p class=\"paragraph\">Sellaiselle, joka tekee syd\u00e4mest\u00e4\u00e4n pyyteet\u00f6nt\u00e4 hyv\u00e4\u00e4 muille: Nostan hattua. Monet hyv\u00e4ntekij\u00e4t ovat vaatimattomia. Heit\u00e4 tulee kiitt\u00e4\u00e4 ja rohkaista.<\/p>\n","protected":false},"excerpt":{"rendered":"Emerituspiispa Eero Huovinen toivoo ihmisten v\u00e4litt\u00e4v\u00e4n enemm\u00e4n toisistaan. H\u00e4n on itsekin joutunut havaitsemaan voimiensa v\u00e4henev\u00e4n ik\u00e4vuosien kertyess\u00e4. 81-vuotias&hellip;\n","protected":false},"author":2,"featured_media":107775,"comment_status":"","ping_status":"","sticky":false,"template":"","format":"standard","meta":{"footnotes":""},"categories":[12],"tags":[35,22,23,26,27,33,31,30,17,2887,3771,99,24,25,734,28,29,15,18,21,32,167,19,20,16],"class_list":{"0":"post-107774","1":"post","2":"type-post","3":"status-publish","4":"format-standard","5":"has-post-thumbnail","7":"category-suomi","8":"tag-24h","9":"tag-breaking-news","10":"tag-breakingnews","11":"tag-featured-news","12":"tag-featurednews","13":"tag-fi","14":"tag-finland","15":"tag-finnish","16":"tag-headlines","17":"tag-julkinen-liikenne","18":"tag-junat","19":"tag-lapset","20":"tag-latest-news","21":"tag-latestnews","22":"tag-maaliikenne","23":"tag-main-news","24":"tag-mainnews","25":"tag-news","26":"tag-otsikot","27":"tag-paauutiset","28":"tag-suomi","29":"tag-terveys","30":"tag-top-stories","31":"tag-topstories","32":"tag-uutiset"},"share_on_mastodon":{"url":"https:\/\/pubeurope.com\/@fi\/115662839124976607","error":""},"_links":{"self":[{"href":"https:\/\/www.europesays.com\/fi\/wp-json\/wp\/v2\/posts\/107774","targetHints":{"allow":["GET"]}}],"collection":[{"href":"https:\/\/www.europesays.com\/fi\/wp-json\/wp\/v2\/posts"}],"about":[{"href":"https:\/\/www.europesays.com\/fi\/wp-json\/wp\/v2\/types\/post"}],"author":[{"embeddable":true,"href":"https:\/\/www.europesays.com\/fi\/wp-json\/wp\/v2\/users\/2"}],"replies":[{"embeddable":true,"href":"https:\/\/www.europesays.com\/fi\/wp-json\/wp\/v2\/comments?post=107774"}],"version-history":[{"count":0,"href":"https:\/\/www.europesays.com\/fi\/wp-json\/wp\/v2\/posts\/107774\/revisions"}],"wp:featuredmedia":[{"embeddable":true,"href":"https:\/\/www.europesays.com\/fi\/wp-json\/wp\/v2\/media\/107775"}],"wp:attachment":[{"href":"https:\/\/www.europesays.com\/fi\/wp-json\/wp\/v2\/media?parent=107774"}],"wp:term":[{"taxonomy":"category","embeddable":true,"href":"https:\/\/www.europesays.com\/fi\/wp-json\/wp\/v2\/categories?post=107774"},{"taxonomy":"post_tag","embeddable":true,"href":"https:\/\/www.europesays.com\/fi\/wp-json\/wp\/v2\/tags?post=107774"}],"curies":[{"name":"wp","href":"https:\/\/api.w.org\/{rel}","templated":true}]}}