{"id":107788,"date":"2025-12-04T19:20:13","date_gmt":"2025-12-04T19:20:13","guid":{"rendered":"https:\/\/www.europesays.com\/fi\/107788\/"},"modified":"2025-12-04T19:20:13","modified_gmt":"2025-12-04T19:20:13","slug":"prinsessa-sofia-edustaa-julkisuudessa-uuden-hiustyylin-kera","status":"publish","type":"post","link":"https:\/\/www.europesays.com\/fi\/107788\/","title":{"rendered":"Prinsessa Sofia edustaa julkisuudessa uuden hiustyylin kera"},"content":{"rendered":"<p>            Photo: Anna-Lena Ahlstr\u00f6m\/The Royal Court of Sweden\n        <\/p>\n<p class=\"subtitle \">Prinsessa karisteli viimeisetkin \u00e4itiysloman p\u00f6lyt ja muutti hiustyyli\u00e4\u00e4n.<\/p>\n<p class=\"article-content article-content-width !bg-background\">Prinsessa, 40, on palannut julkisuuteen \u00e4itiyslomansa loppusuoralla. Sofia ja prinssi, 46, saivat nelj\u00e4nnen lapsensa helmikuussa.<\/p>\n<p class=\"font-weight-bold m-font-weight-bold article-content article-content-width !bg-background\">Arkistovideo: T\u00e4llaisia ovat kuninkaallisten pariskuntien pituuserot<\/p>\n<p class=\"article-content article-content-width !bg-background\">Prinsessa\u00a0on pian jo kymmenen kuukauden ik\u00e4inen, ja Sofialla on takanaan kes\u00e4 vauva-arjessa, jota tietenkin rytmitt\u00e4v\u00e4t kolme vanhempaa lasta. Prinssi, 9, prinssi, 8, ja prinssi, 4, ottivat kukin pikkusiskon innolla vastaan.<\/p>\n<p class=\"article-content article-content-width !bg-background\">Jo kes\u00e4ll\u00e4 prinsessa Sofia n\u00e4ytt\u00e4ytyi julkisuudessa muutamaan otteeseen, ja syksyn edetess\u00e4 h\u00e4nt\u00e4 n\u00e4htiin edustamassa yh\u00e4 useammin.<\/p>\n<p>Edusti yksin<\/p>\n<p class=\"article-content article-content-width !bg-background\">Viimein joulukuussa prinsessa edusti kuningashuonetta yksin Rosendalsvasenin 200-vuotisjuhlinnassa.\u00a0Teos on Sofialle t\u00e4rke\u00e4, sill\u00e4 se on rakennettu \u00e4lvdalenilaisesta graniitista. Prinsessa on kotoisin juuri \u00c4lvdalenissa.<\/p>\n<p class=\"article-content article-content-width !bg-background\">Hovin Instagram-tilill\u00e4 kerrotaan, ett\u00e4 kuningas\u00a0tilasi teoksen vuonna 1823.<\/p>\n<p class=\"article-content article-content-width !bg-background\">\u2013 Valmistus eteni vaivalloisesti, ja enimmill\u00e4\u00e4n 40 miest\u00e4 ty\u00f6skenteli hionnan ja kiillotuksen parissa. Noin 3 500 ty\u00f6p\u00e4iv\u00e4n j\u00e4lkeen vaasi valmistui, ja 5. lokakuuta 1825 se aloitti matkansa sek\u00e4 maa- ett\u00e4 meriteitse Taalainmaalta Tukholmaan, miss\u00e4 se asetettiin Rosendalin linnan eteen saman vuoden marraskuun lopussa, Instagramissa kerrotaan.<\/p>\n<p class=\"article-content article-content-width !bg-background\">Vaasin reunaa koristi alkuun yli sata porfyyrikivest\u00e4 valmistettua munaa. Nyt reunan koristukseksi asetettiin j\u00e4lleen uusia porfyyrimunia. Porfyyri on nimitys magmakiville.<\/p>\n<p class=\"article-content article-content-width !bg-background\">\u2013 N\u00e4m\u00e4 esineet kantavat mukanaan palan Ruotsin historiaa, jota ei olisi olemassa ilman \u00c4lvdalenin ainutlaatuisia kivi\u00e4 ja sen asukkaiden k\u00e4sity\u00f6taitoa, Sofia lausui tilaisuudessa.<\/p>\n<p>        <a itemprop=\"url\" href=\"https:\/\/www.seiska.fi\/kuninkaalliset\/kuningatar-silvia-vaikenee-ines-vauvasta-tassa-syy\/1611752\" rel=\"nofollow noopener\" target=\"_blank\"><\/p>\n<p>\nKuningatar Silvia\n<\/p>\n<p class=\"section-date\">\n        <strong class=\"article-section\" data-section=\"kuninkaalliset\"><br \/>\n            kuninkaalliset<br \/>\n        <\/strong><br \/>\n        13.2. 14:57\n    <\/p>\n<p>Kuningatar Silvia vaikenee Ines-vauvasta \u2013 t\u00e4ss\u00e4 syy\n    <\/p>\n<p itemprop=\"description\" class=\"subtitle \">\n    Kuningatar ei ole lausunut prinsessa Ineksest\u00e4 sanaakaan.\n<\/p>\n<p>        <\/a><\/p>\n<p>Tukkamuutos paljastui<\/p>\n<p class=\"article-content article-content-width !bg-background\">Juhlallisessa tilaisuudessa saatiin n\u00e4hd\u00e4 k\u00e4sity\u00f6taitojen ja Sofian puheen lis\u00e4ksi prinsessan uusi tyyli.<\/p>\n<p class=\"article-content article-content-width !bg-background\">Sofia on aina ollut rohkea kokeilemaan erilaisia hiustyylej\u00e4, ja nyt h\u00e4n on sitoutunut huomattavaan muutokseen \u2013 otsatukkaan.<\/p>\n<p class=\"article-content article-content-width !bg-background\">Vaasin juhlistuksissa Sofian hiukset oli tyylitelty kiharretulle ponnarille, ja otsatukka j\u00e4i reunustamaan h\u00e4nen kasvojaan.<\/p>\n<p class=\"article-content article-content-width !bg-background\">Tukkamuutos ajoittui my\u00f6s merkitt\u00e4v\u00e4\u00e4n aikaan, sill\u00e4 Sofia viett\u00e4\u00e4 syntym\u00e4p\u00e4iv\u00e4\u00e4ns\u00e4 lauantaina 6.12. eli Suomen itsen\u00e4isyysp\u00e4iv\u00e4n\u00e4.<\/p>\n<p>        <a itemprop=\"url\" href=\"https:\/\/www.seiska.fi\/kuninkaalliset\/prinsessa-madeleinelta-kylmaa-kohtelua-sofialle-someraivo-repesi\/1616548\" rel=\"nofollow noopener\" target=\"_blank\"><\/p>\n<p>\nSomeraivo repesi\n<\/p>\n<p class=\"section-date\">\n        <strong class=\"article-section\" data-section=\"kuninkaalliset\"><br \/>\n            kuninkaalliset<br \/>\n        <\/strong><br \/>\n        18.2. 10:31\n    <\/p>\n<p>Prinsessa Madeleinelta kylm\u00e4\u00e4 kohtelua Sofialle \u2013 someraivo repesi\n    <\/p>\n<p itemprop=\"description\" class=\"subtitle \">\n    Prinsessa Madeleinen sanavalinta her\u00e4tti fanien huomion ja n\u00e4rk\u00e4styksen.\n<\/p>\n<p>        <\/a><\/p>\n","protected":false},"excerpt":{"rendered":"Photo: Anna-Lena Ahlstr\u00f6m\/The Royal Court of Sweden Prinsessa karisteli viimeisetkin \u00e4itiysloman p\u00f6lyt ja muutti hiustyyli\u00e4\u00e4n. Prinsessa, 40, on&hellip;\n","protected":false},"author":2,"featured_media":107789,"comment_status":"","ping_status":"","sticky":false,"template":"","format":"standard","meta":{"footnotes":""},"categories":[130],"tags":[137,33,31,30,6422,2682,212,3359,2274,32,2677,109],"class_list":{"0":"post-107788","1":"post","2":"type-post","3":"status-publish","4":"format-standard","5":"has-post-thumbnail","7":"category-viihde","8":"tag-entertainment","9":"tag-fi","10":"tag-finland","11":"tag-finnish","12":"tag-hiukset","13":"tag-kauneus","14":"tag-lifestyle","15":"tag-prinsessa-sofia","16":"tag-ruotsin-kuninkaalliset","17":"tag-suomi","18":"tag-tyyli","19":"tag-viihde"},"share_on_mastodon":{"url":"https:\/\/pubeurope.com\/@fi\/115662921578719322","error":""},"_links":{"self":[{"href":"https:\/\/www.europesays.com\/fi\/wp-json\/wp\/v2\/posts\/107788","targetHints":{"allow":["GET"]}}],"collection":[{"href":"https:\/\/www.europesays.com\/fi\/wp-json\/wp\/v2\/posts"}],"about":[{"href":"https:\/\/www.europesays.com\/fi\/wp-json\/wp\/v2\/types\/post"}],"author":[{"embeddable":true,"href":"https:\/\/www.europesays.com\/fi\/wp-json\/wp\/v2\/users\/2"}],"replies":[{"embeddable":true,"href":"https:\/\/www.europesays.com\/fi\/wp-json\/wp\/v2\/comments?post=107788"}],"version-history":[{"count":0,"href":"https:\/\/www.europesays.com\/fi\/wp-json\/wp\/v2\/posts\/107788\/revisions"}],"wp:featuredmedia":[{"embeddable":true,"href":"https:\/\/www.europesays.com\/fi\/wp-json\/wp\/v2\/media\/107789"}],"wp:attachment":[{"href":"https:\/\/www.europesays.com\/fi\/wp-json\/wp\/v2\/media?parent=107788"}],"wp:term":[{"taxonomy":"category","embeddable":true,"href":"https:\/\/www.europesays.com\/fi\/wp-json\/wp\/v2\/categories?post=107788"},{"taxonomy":"post_tag","embeddable":true,"href":"https:\/\/www.europesays.com\/fi\/wp-json\/wp\/v2\/tags?post=107788"}],"curies":[{"name":"wp","href":"https:\/\/api.w.org\/{rel}","templated":true}]}}