{"id":107794,"date":"2025-12-04T19:25:09","date_gmt":"2025-12-04T19:25:09","guid":{"rendered":"https:\/\/www.europesays.com\/fi\/107794\/"},"modified":"2025-12-04T19:25:09","modified_gmt":"2025-12-04T19:25:09","slug":"tamperelaisperheella-on-keskustan-kattojen-ylla-180-nelion-koti-joka-on-kuin-omakotitalo-kerrostalossa","status":"publish","type":"post","link":"https:\/\/www.europesays.com\/fi\/107794\/","title":{"rendered":"Tamperelais\u00adperheell\u00e4 on keskustan kattojen yll\u00e4 180 neli\u00f6n koti, joka on kuin oma\u00adkoti\u00adtalo kerros\u00adtalossa"},"content":{"rendered":"<p>Kun Suomiset alkoivat viitisen vuotta sitten etsi\u00e4 kerrostalokotia, he huomasivat, ett\u00e4 Tampereen keskustan alueelta oli vaikea l\u00f6yt\u00e4\u00e4 laadukkaita perheasuntoja. Lopulta unelmakoti tuli tarjolle uniikista talosta.<\/p>\n<p class=\"article-body mb-nof-24 px-nof-16\">Aamulehti<\/p>\n<p class=\"article-body mb-nof-24 px-nof-16\">Tampereen Osmonm\u00e4ess\u00e4 seisova korkea ter\u00e4stalo kiinnitt\u00e4\u00e4 katseen jo kaukaa. Ulkoap\u00e4in on kuitenkin mahdoton aavistaa, miten upea asunto talon ylimm\u00e4st\u00e4 kerroksesta l\u00f6ytyy.<\/p>\n<p class=\"article-body mb-nof-24 px-nof-16\"><a class=\"article-personlink\" href=\"https:\/\/www.aamulehti.fi\/haku\/?query=Katja\" rel=\"nofollow noopener\" target=\"_blank\">Katja<\/a>, <a class=\"article-personlink\" href=\"https:\/\/www.aamulehti.fi\/haku\/?query=Simo\" rel=\"nofollow noopener\" target=\"_blank\">Simo<\/a>, <a class=\"article-personlink\" href=\"https:\/\/www.aamulehti.fi\/haku\/?query=Sisu\" rel=\"nofollow noopener\" target=\"_blank\">Sisu<\/a> ja <a class=\"article-personlink\" href=\"https:\/\/www.aamulehti.fi\/haku\/?query=Sasu%20Suomisen\" rel=\"nofollow noopener\" target=\"_blank\">Sasu Suomisen<\/a> kaksikerroksinen koti on kuin tilava omakotitalo, josta aukeaa maisemat koko Tampereen keskustan yli aina N\u00e4sij\u00e4rvelle ja Pyh\u00e4j\u00e4rvelle asti. Talon kahdessa ylimm\u00e4ss\u00e4 kerroksessa sijaitsevassa 180-neli\u00f6isess\u00e4 asunnossa ei ole lainkaan sein\u00e4naapureita. Asuntomessutalo on suunniteltu niin, ett\u00e4 koko talon levyinen rappuk\u00e4yt\u00e4v\u00e4 erottaa asunnot toisistaan joka kerroksessa.<\/p>\n","protected":false},"excerpt":{"rendered":"Kun Suomiset alkoivat viitisen vuotta sitten etsi\u00e4 kerrostalokotia, he huomasivat, ett\u00e4 Tampereen keskustan alueelta oli vaikea l\u00f6yt\u00e4\u00e4 laadukkaita&hellip;\n","protected":false},"author":2,"featured_media":107795,"comment_status":"","ping_status":"","sticky":false,"template":"","format":"standard","meta":{"footnotes":""},"categories":[12],"tags":[157,22,23,26,27,33,31,30,17,24,25,28,29,15,18,21,32,19,20,16],"class_list":{"0":"post-107794","1":"post","2":"type-post","3":"status-publish","4":"format-standard","5":"has-post-thumbnail","7":"category-suomi","8":"tag-aamulehti","9":"tag-breaking-news","10":"tag-breakingnews","11":"tag-featured-news","12":"tag-featurednews","13":"tag-fi","14":"tag-finland","15":"tag-finnish","16":"tag-headlines","17":"tag-latest-news","18":"tag-latestnews","19":"tag-main-news","20":"tag-mainnews","21":"tag-news","22":"tag-otsikot","23":"tag-paauutiset","24":"tag-suomi","25":"tag-top-stories","26":"tag-topstories","27":"tag-uutiset"},"share_on_mastodon":{"url":"https:\/\/pubeurope.com\/@fi\/115662941532811917","error":""},"_links":{"self":[{"href":"https:\/\/www.europesays.com\/fi\/wp-json\/wp\/v2\/posts\/107794","targetHints":{"allow":["GET"]}}],"collection":[{"href":"https:\/\/www.europesays.com\/fi\/wp-json\/wp\/v2\/posts"}],"about":[{"href":"https:\/\/www.europesays.com\/fi\/wp-json\/wp\/v2\/types\/post"}],"author":[{"embeddable":true,"href":"https:\/\/www.europesays.com\/fi\/wp-json\/wp\/v2\/users\/2"}],"replies":[{"embeddable":true,"href":"https:\/\/www.europesays.com\/fi\/wp-json\/wp\/v2\/comments?post=107794"}],"version-history":[{"count":0,"href":"https:\/\/www.europesays.com\/fi\/wp-json\/wp\/v2\/posts\/107794\/revisions"}],"wp:featuredmedia":[{"embeddable":true,"href":"https:\/\/www.europesays.com\/fi\/wp-json\/wp\/v2\/media\/107795"}],"wp:attachment":[{"href":"https:\/\/www.europesays.com\/fi\/wp-json\/wp\/v2\/media?parent=107794"}],"wp:term":[{"taxonomy":"category","embeddable":true,"href":"https:\/\/www.europesays.com\/fi\/wp-json\/wp\/v2\/categories?post=107794"},{"taxonomy":"post_tag","embeddable":true,"href":"https:\/\/www.europesays.com\/fi\/wp-json\/wp\/v2\/tags?post=107794"}],"curies":[{"name":"wp","href":"https:\/\/api.w.org\/{rel}","templated":true}]}}