{"id":107796,"date":"2025-12-04T19:26:10","date_gmt":"2025-12-04T19:26:10","guid":{"rendered":"https:\/\/www.europesays.com\/fi\/107796\/"},"modified":"2025-12-04T19:26:10","modified_gmt":"2025-12-04T19:26:10","slug":"nyt-tuli-taystyrmays-miljonaariverolle-kuulostaa-ihan-kauhealta","status":"publish","type":"post","link":"https:\/\/www.europesays.com\/fi\/107796\/","title":{"rendered":"Nyt tuli t\u00e4ystyrm\u00e4ys miljon\u00e4\u00e4riverolle: \u201dKuulostaa ihan kauhealta\u201d"},"content":{"rendered":"<p>Veronmaksajain keskusliiton p\u00e4\u00e4ekonomisti Mikael Kirkko-Jaakkola ja kokoomuksen kansanedustaja Noora Fagerstr\u00f6m eiv\u00e4t halua Suomeen vasemmistoliiton esitt\u00e4m\u00e4\u00e4 miljon\u00e4\u00e4riveroa.<\/p>\n<p><img decoding=\"async\" class=\"image image-show image-preview\" src=\"https:\/\/www.europesays.com\/fi\/wp-content\/uploads\/2025\/12\/b0edade9239446e9f6e313dfc6a5346d38604ee2d5fd889681e9f2d96df85806.jpg\" alt=\"\"\/><img decoding=\"async\" class=\"image image-show\" src=\"https:\/\/www.europesays.com\/fi\/wp-content\/uploads\/2025\/12\/1764876370_283_b0edade9239446e9f6e313dfc6a5346d38604ee2d5fd889681e9f2d96df85806.jpg\" alt=\"\"\/><\/p>\n<p>Vasemmistoliitto esitt\u00e4\u00e4 Suomeen yhden prosentin miljon\u00e4\u00e4riveroa, jota maksettaisiin ainoastaan yli miljoonan euron omaisuuksista. Kuvassa puheenjohtaja, kansanedustaja Minja Koskela marraskuussa 2025. Atte Kajova<\/p>\n<p class=\"paragraph\">Kansanedustaja ja start-up-yritt\u00e4j\u00e4 <strong>Noora Fagerstr\u00f6m<\/strong> (kok) tyrm\u00e4\u00e4 vasemmistoliiton esitt\u00e4m\u00e4n miljon\u00e4\u00e4riveron Iltalehden haastattelussa.<\/p>\n<p class=\"paragraph\">Vasemmistoliitto esitti vaihtoehtobudjetissaan yhden prosentin miljon\u00e4\u00e4riveroa, jota maksettaisiin ainoastaan yli miljoonan euron omaisuuksista. Oman asunnon arvoa ei luettaisi mukaan miljoonan rajaan.<\/p>\n<p class=\"paragraph\">Jungle Juice Barin perustajana tunnetuksi tullut Fagerstr\u00f6m pit\u00e4\u00e4 ideaa surkeana.<\/p>\n<p class=\"paragraph\">\u2013\u2009Kuulostaa ihan kauhealta suoraan sanottuna, h\u00e4n sanoo Iltalehdelle.<\/p>\n<p class=\"paragraph\">Varallisuusvero on tullut puheeksi norjalaisten p\u00e4\u00e4omasijoittajien kanssa, ja siell\u00e4 on Fagerstr\u00f6min mukaan hyvin v\u00e4h\u00e4n start-upeja t\u00e4ll\u00e4 hetkell\u00e4.<\/p>\n<p class=\"paragraph\">\u2013\u2009Norjassa otettiin k\u00e4ytt\u00f6\u00f6n t\u00e4llainen varallisuusvero, ja seh\u00e4n on ajanut tosi paljon start-up-yritt\u00e4ji\u00e4 maasta. Iso osa on l\u00e4htenyt pois.<\/p>\n<p class=\"paragraph\">T\u00e4st\u00e4 kertoo Fagerstr\u00f6min mukaan osaltaan OECD:n (Taloudellisen yhteisty\u00f6n ja kehityksen j\u00e4rjest\u00f6) ennuste, jonka mukaan Norjan bruttokansantuote kasvaa t\u00e4n\u00e4 vuonna vain 0,2 prosenttia. Norjaa heikompi on vain Suomi, jolle <a href=\"https:\/\/www.kauppalehti.fi\/uutiset\/a\/378457e4-062f-4ee9-bd7f-2490c74b99f4\" rel=\"noopener nofollow\" target=\"_blank\">OECD povaa<\/a> nollakasvua.<\/p>\n<p class=\"paragraph\">Fagerstr\u00f6m on jo nyt vakavasti huolestunut siit\u00e4, ett\u00e4 Suomesta karkaa p\u00e4\u00e4omia ulkomaille \u201dperint\u00f6veron ja ehk\u00e4 yleisen ilmapiirinkin takia\u201d. Uusi miljon\u00e4\u00e4rivero vain kiihdytt\u00e4isi t\u00e4llaista kehityst\u00e4, h\u00e4n varoittaa.<\/p>\n<p>Diili-ohjelmastakin tuttu Noora Fagerstr\u00f6m on kokoomuksen ensimm\u00e4isen kauden kansanedustaja. Arkistokuva. Pasi Liesimaa<\/p>\n<p class=\"paragraph\">P\u00e4\u00e4omien karkaamisen takia h\u00e4n pit\u00e4\u00e4 t\u00e4ysin ep\u00e4uskottavana vasemmistoliiton arviota siit\u00e4, ett\u00e4 miljon\u00e4\u00e4rivero tuottaisi valtion kassaan noin miljardi euroa vuosittain.<\/p>\n<p class=\"paragraph\">\u2013\u2009Veroja pit\u00e4isi laskea Suomessa ihan kauttaaltaan, eik\u00e4 lis\u00e4t\u00e4. Suomi on niin ankarasti verotettu maa, ett\u00e4 t\u00e4\u00e4ll\u00e4 ei ole hyv\u00e4 yritt\u00e4\u00e4 ja omistaa.<\/p>\n<p class=\"paragraph\">\u2013\u2009Se, mit\u00e4 verottaa v\u00e4hemm\u00e4n, niin sit\u00e4 tulee enemm\u00e4n.<\/p>\n<p class=\"paragraph\">Fagerstr\u00f6m nostaa esiin Irlannin, joka on OECD:n ennusteen ykk\u00f6nen per\u00e4ti 10,2 prosentin kasvulla.<\/p>\n<p class=\"paragraph\">\u2013\u2009Siell\u00e4 on hyvin kannustavat verot yritt\u00e4miseen ja omistamiseen. Siihen suuntaan Suomen pit\u00e4isi menn\u00e4.<\/p>\n<p class=\"paragraph\">Fagerstr\u00f6m harmittelee, ettei paljon puhuttuja <a href=\"https:\/\/www.iltalehti.fi\/politiikka\/f0df48f2-f719-4d36-823f-bd091a918a80\" rel=\"nofollow noopener\" target=\"_blank\">dynaamisia vaikutuksia<\/a> saada laskettua, mutta uskoo silti vakaasti, ett\u00e4 mittavat veronalennukset maksaisivat itsens\u00e4 takaisin. Hallitus on jo linjannut 1,5 miljardin palkkaveroalesta sek\u00e4 esimerkiksi yhteis\u00f6veron alentamisesta, mutta Fagerstr\u00f6min mukaan lis\u00e4\u00e4 tarvitaan. My\u00f6s palkkaverotusta pit\u00e4isi edelleen laskea, h\u00e4n sanoo.<\/p>\n<p class=\"paragraph\">\u2013\u2009Ehdottomasti. Ja jos ajatellaan ylint\u00e4 marginaalia, niin kyll\u00e4 Suomessa pit\u00e4isi p\u00e4\u00e4st\u00e4 sinne 44:\u00e4\u00e4n, mit\u00e4 on suositeltukin. Kyll\u00e4 se kannustaa ihmisi\u00e4 tekem\u00e4\u00e4n enemm\u00e4n t\u00f6it\u00e4, kun j\u00e4\u00e4 enemm\u00e4n rahaa k\u00e4teen.<\/p>\n<p class=\"paragraph\">Hallitus on linjannut ylimm\u00e4n marginaaliveroprosentin laskemisesta 59:st\u00e4 52:een. Lis\u00e4ksi yhteis\u00f6verokanta laskee 20 prosentista 18 prosenttiin vuonna 2027.<\/p>\n<p>Ekonomisti ymm\u00e4ll\u00e4\u00e4n<\/p>\n<p class=\"paragraph\">My\u00f6sk\u00e4\u00e4n Veronmaksajain keskusliiton p\u00e4\u00e4ekonomisti <strong>Mikael Kirkko-Jaakkola<\/strong> ei innostu miljon\u00e4\u00e4riverosta, josta aika on h\u00e4nen mukaansa ajanut ohi. Miljon\u00e4\u00e4rivero johtaisi h\u00e4nen mukaansa varallisuuden karkaamiseen Suomesta matalamman verotuksen maihin, sill\u00e4 varakkaimpien henkil\u00f6iden omaisuus on altis kansainv\u00e4liselle verokilpailulle.<\/p>\n<p class=\"paragraph\">\u2013\u2009Kuulostaa radikaalilta. Jos Suomi ottaisi yksin\u00e4\u00e4n t\u00e4llaisen veron k\u00e4ytt\u00f6\u00f6n, niin se vaikuttaisi varmasti siihen, mihin varallisuus jatkossa sijoittuisi. Siit\u00e4 tulisi varmasti ongelmia.<\/p>\n<p>Veronmaksajien p\u00e4\u00e4ekonomisti Mikael Kirkko-Jaakkola ihmettelee vasemmistoliiton ehdotusta. Kuvassa Mikael Kirkko-Jaakkola marraskuussa 2025.  Outi J\u00e4rvinen<\/p>\n<p class=\"paragraph\">Varallisuusvero on k\u00e4yt\u00f6ss\u00e4 Euroopassa Norjassa, Espanjassa ja Sveitsiss\u00e4.<\/p>\n<p class=\"paragraph\">Kun ekonomisti kuulee, ett\u00e4 vasemmistoliitto arvioi ehdotukselleen miljardin verotuottovaikutuksen, h\u00e4n yll\u00e4ttyy.<\/p>\n<p class=\"paragraph\">\u2013\u2009Oho! Kuulostaa yll\u00e4tt\u00e4v\u00e4n isolta ja kertoo, ett\u00e4 seh\u00e4n olisi ihan merkitt\u00e4v\u00e4 veronkiristys. Se on varmaankin staattinen laskelma, jossa ajatellaan, ettei verolla olisi mit\u00e4\u00e4n vaikutusta siihen, ett\u00e4 jotkut saattavat siirt\u00e4\u00e4 omaisuutta ulkomaille.<\/p>\n<p class=\"paragraph\">\u2013\u2009Vaikka t\u00e4llainen miljon\u00e4\u00e4rivero jotain tuottaisi, niin voi olla, ett\u00e4 se vaikuttaisi kuitenkin muihin veropohjiin ja sit\u00e4 kautta s\u00f6isi verotuottoja. Sill\u00e4 ei ihan niin suoraviivaisesti pystyisi valtiontaloutta kohentamaan. Voi jopa olla, ettei se kohentaisi julkista taloutta lainkaan. Sekin on ihan mahdollista.<\/p>\n<p class=\"paragraph\">Vasemmistoliitto ei ole avannut tarkemmin laskelmien taustoja tai esityksen teknist\u00e4 toteuttamista.<\/p>\n<p class=\"paragraph\">Kirkko-Jaakkola huomauttaa, ett\u00e4 Suomesta vuonna 2006 poistetun varallisuusveron vuosituotto oli sadan miljoonan euron luokkaa 2000-luvun alussa. Vuodesta 1991 <a href=\"https:\/\/www.finlex.fi\/fi\/hallituksen-esitykset\/2004\/91\" rel=\"noopener nofollow\" target=\"_blank\">veron alaraja<\/a> oli 185\u2009000 euroa, jonka kohdalla veroa suoritettiin 80 euroa ja alarajan ylitt\u00e4v\u00e4lt\u00e4 osalta 0,9 prosenttia.<\/p>\n<p class=\"paragraph\">Vasemmistoliiton puheenjohtaja <strong>Minja Koskela<\/strong> <a href=\"https:\/\/vasemmisto.fi\/suomalaiset-kannattavat-laajasti-miljonaariveroa\/\" rel=\"noopener nofollow\" target=\"_blank\">on todennut<\/a>, ett\u00e4 vasemmistoliiton esitt\u00e4m\u00e4 miljon\u00e4\u00e4rivero olisi \u201dhuomattavasti loivempi kuin vuonna 2006 lakkautettu varallisuusvero\u201d. Toteamus saa ekonomistin ymm\u00e4lleen.<\/p>\n<p class=\"paragraph\">\u2013\u2009Miten se voi olla loivempi, jos se tuottaisi niin merkitt\u00e4v\u00e4sti enemm\u00e4n verotuottoja? Vaikka varallisuus ja arvostustasot ovat vuosituhannen alusta selv\u00e4sti nousseet, verotuottoeron v\u00e4lill\u00e4 vaikuttaa olevan jokin selitt\u00e4m\u00e4t\u00f6n tekij\u00e4.<\/p>\n","protected":false},"excerpt":{"rendered":"Veronmaksajain keskusliiton p\u00e4\u00e4ekonomisti Mikael Kirkko-Jaakkola ja kokoomuksen kansanedustaja Noora Fagerstr\u00f6m eiv\u00e4t halua Suomeen vasemmistoliiton esitt\u00e4m\u00e4\u00e4 miljon\u00e4\u00e4riveroa. Vasemmistoliitto esitt\u00e4\u00e4&hellip;\n","protected":false},"author":2,"featured_media":107797,"comment_status":"","ping_status":"","sticky":false,"template":"","format":"standard","meta":{"footnotes":""},"categories":[5],"tags":[35,22,23,26,27,33,31,30,17,24,25,28,29,15,18,21,2645,5038,637,885,32,19,20,16,2186],"class_list":{"0":"post-107796","1":"post","2":"type-post","3":"status-publish","4":"format-standard","5":"has-post-thumbnail","7":"category-otsikot","8":"tag-24h","9":"tag-breaking-news","10":"tag-breakingnews","11":"tag-featured-news","12":"tag-featurednews","13":"tag-fi","14":"tag-finland","15":"tag-finnish","16":"tag-headlines","17":"tag-latest-news","18":"tag-latestnews","19":"tag-main-news","20":"tag-mainnews","21":"tag-news","22":"tag-otsikot","23":"tag-paauutiset","24":"tag-palkka-ja-tyosuhde-edut","25":"tag-poliittinen-talous","26":"tag-politiikka","27":"tag-suomen-poliittiset-puolueet","28":"tag-suomi","29":"tag-top-stories","30":"tag-topstories","31":"tag-uutiset","32":"tag-verotus"},"share_on_mastodon":{"url":"https:\/\/pubeurope.com\/@fi\/115662945488900793","error":""},"_links":{"self":[{"href":"https:\/\/www.europesays.com\/fi\/wp-json\/wp\/v2\/posts\/107796","targetHints":{"allow":["GET"]}}],"collection":[{"href":"https:\/\/www.europesays.com\/fi\/wp-json\/wp\/v2\/posts"}],"about":[{"href":"https:\/\/www.europesays.com\/fi\/wp-json\/wp\/v2\/types\/post"}],"author":[{"embeddable":true,"href":"https:\/\/www.europesays.com\/fi\/wp-json\/wp\/v2\/users\/2"}],"replies":[{"embeddable":true,"href":"https:\/\/www.europesays.com\/fi\/wp-json\/wp\/v2\/comments?post=107796"}],"version-history":[{"count":0,"href":"https:\/\/www.europesays.com\/fi\/wp-json\/wp\/v2\/posts\/107796\/revisions"}],"wp:featuredmedia":[{"embeddable":true,"href":"https:\/\/www.europesays.com\/fi\/wp-json\/wp\/v2\/media\/107797"}],"wp:attachment":[{"href":"https:\/\/www.europesays.com\/fi\/wp-json\/wp\/v2\/media?parent=107796"}],"wp:term":[{"taxonomy":"category","embeddable":true,"href":"https:\/\/www.europesays.com\/fi\/wp-json\/wp\/v2\/categories?post=107796"},{"taxonomy":"post_tag","embeddable":true,"href":"https:\/\/www.europesays.com\/fi\/wp-json\/wp\/v2\/tags?post=107796"}],"curies":[{"name":"wp","href":"https:\/\/api.w.org\/{rel}","templated":true}]}}