{"id":107802,"date":"2025-12-04T19:43:10","date_gmt":"2025-12-04T19:43:10","guid":{"rendered":"https:\/\/www.europesays.com\/fi\/107802\/"},"modified":"2025-12-04T19:43:10","modified_gmt":"2025-12-04T19:43:10","slug":"uusi-ihmemaa-oz-kauhuleffa-vaikuttaa-julisteensa-ja-trailerinsa-perusteella-ihan-patevalta","status":"publish","type":"post","link":"https:\/\/www.europesays.com\/fi\/107802\/","title":{"rendered":"Uusi Ihmemaa Oz -kauhuleffa vaikuttaa julisteensa ja trailerinsa perusteella ihan p\u00e4tev\u00e4lt\u00e4"},"content":{"rendered":"<p>Nyt on erikoisuus. Nimitt\u00e4in ihan aikuisten oikeasti p\u00e4tev\u00e4n oloinen lapsuuden pilaava kauhuleffa.<\/p>\n<p>N\u00e4m\u00e4 kaikki Mikki Hiiri-, Nalle Puh- ja vastaavat satu- ja tarukauhurainat ovat surkeaa kuonaa, mutta t\u00e4m\u00e4 vaikuttaa ihan oikealta elokuvalta.<\/p>\n<p>Lue my\u00f6s: <a href=\"https:\/\/www.episodi.fi\/uutiset\/milta-olisi-nayttanyt-satuelokuva-wicked-terminator-ohjaajan-kasissa-se-oli-lahella\/\" title=\"Milt\u00e4 olisi n\u00e4ytt\u00e4nyt satuelokuva Wicked Terminator-ohjaajan k\u00e4siss\u00e4 \u2013 \u201dSe oli l\u00e4hell\u00e4\u201d\" class=\"underline-custom !font-montserrat !font-bold !underline-offset-4 !decoration-4 !decoration-episodi-blue !text-md\" rel=\"nofollow noopener\" target=\"_blank\">Milt\u00e4 olisi n\u00e4ytt\u00e4nyt satuelokuva Wicked Terminator-ohjaajan k\u00e4siss\u00e4 \u2013 \u201dSe oli l\u00e4hell\u00e4\u201d<\/a><\/p>\n<p>Lue my\u00f6s: <a href=\"https:\/\/www.episodi.fi\/uutiset\/wicked-ford-good-kerasi-huikean-katsojamaaran-suomen-teattereihin\/\" title=\"Wicked: For Good ker\u00e4si huikean katsojam\u00e4\u00e4r\u00e4n Suomen teattereihin\" class=\"underline-custom !font-montserrat !font-bold !underline-offset-4 !decoration-4 !decoration-episodi-blue !text-md\" rel=\"nofollow noopener\" target=\"_blank\">Wicked: For Good ker\u00e4si huikean katsojam\u00e4\u00e4r\u00e4n Suomen teattereihin<\/a><\/p>\n<p>Kyseess\u00e4 on Gale: Yellow Brick Road -niminen kauhuleffa, joka kertoo ikonisen tarinan eri kulmasta.<\/p>\n<p>Leffa saa jopa teatteriensi-illan 11. helmikuuta 2026. Tosin vain yhten\u00e4 iltana USA:ssa, mutta silti.<\/p>\n<p><img loading=\"lazy\" height=\"973\" width=\"648\" class=\"wp-image-249595 sp-no-webp perfmatters-lazy\" alt=\"\" decoding=\"async\" src=\"https:\/\/www.europesays.com\/fi\/wp-content\/uploads\/2025\/12\/gale-the-yellow-brick-road-poster-648x973.jpg\"  data-\/> <\/p>\n<p><strong>Daniel Alexanderin<\/strong> ohjaama elokuva kertoo Emily Galesta, Dorothyn lapsenlapsesta, jota mystiset n\u00e4yt ja kammottavat unet piinaavat. Emilyn maailma on murentumassa, kun n\u00e4m\u00e4 painajaiset ovat muuttumassa todeksi.<\/p>\n<p>Emily\u00e4 vedet\u00e4\u00e4n kohti synkk\u00e4\u00e4 varjomaailmaa, jonka ei pit\u00e4isi olla olemassa. Lopulta Emily l\u00e4htee matkalle raunioituneeseen ja unohdettuun Ihmemaa Oziin, joka on t\u00e4ynn\u00e4 kammottavia kauhuja.<\/p>\n<p>P\u00e4\u00e4osissa n\u00e4hd\u00e4\u00e4n <strong>Chlo\u00eb Crump, Laura Kay Bailey, Hassan Taj, Rachel Hassett, Dara Abasut\u00e9, Karen Swan, H.C.A. Taylor<\/strong> ja<strong> Sarah Feltham.<\/strong><\/p>\n<p>Alla traileri. Eip\u00e4 t\u00e4m\u00e4k\u00e4\u00e4n n\u00e4yt\u00e4 yht\u00e4\u00e4n hassummalta.<\/p>\n<p><img loading=\"lazy\" decoding=\"async\" alt=\"YouTube video\" width=\"480\" height=\"360\" data-pin-nopin=\"true\" nopin=\"nopin\" class=\"perfmatters-lazy\" src=\"https:\/\/www.europesays.com\/fi\/wp-content\/uploads\/2025\/12\/1764877390_63_hqdefault.jpg\"\/><\/p>\n<p>Lue my\u00f6s: <a href=\"https:\/\/www.episodi.fi\/uutiskirje\/?uutiskirjemainos=tekstilinkkimainos\" title=\"Tilaa Episodin uutiskirje ja voit voittaa leffalippuja! Nappaa tv-vinkit suoraan s\u00e4hk\u00f6postiin t\u00e4st\u00e4.\" class=\"underline-custom !font-montserrat !font-bold !underline-offset-4 !decoration-4 !decoration-episodi-blue !text-md\" rel=\"nofollow noopener\" target=\"_blank\">Tilaa Episodin uutiskirje ja voit voittaa leffalippuja! Nappaa katseluvinkit suoraan s\u00e4hk\u00f6postiin t\u00e4st\u00e4.<\/a><\/p>\n","protected":false},"excerpt":{"rendered":"Nyt on erikoisuus. Nimitt\u00e4in ihan aikuisten oikeasti p\u00e4tev\u00e4n oloinen lapsuuden pilaava kauhuleffa. N\u00e4m\u00e4 kaikki Mikki Hiiri-, Nalle Puh-&hellip;\n","protected":false},"author":2,"featured_media":107803,"comment_status":"","ping_status":"","sticky":false,"template":"","format":"standard","meta":{"footnotes":""},"categories":[131],"tags":[155,137,33,173,31,30,20250,20251,3057,172,32,109],"class_list":{"0":"post-107802","1":"post","2":"type-post","3":"status-publish","4":"format-standard","5":"has-post-thumbnail","7":"category-elokuvat","8":"tag-elokuvat","9":"tag-entertainment","10":"tag-fi","11":"tag-film","12":"tag-finland","13":"tag-finnish","14":"tag-gale-yellow-brick-road","15":"tag-ihmemaa-oz","16":"tag-kauhu","17":"tag-movies","18":"tag-suomi","19":"tag-viihde"},"share_on_mastodon":{"url":"https:\/\/pubeurope.com\/@fi\/115663012358385878","error":""},"_links":{"self":[{"href":"https:\/\/www.europesays.com\/fi\/wp-json\/wp\/v2\/posts\/107802","targetHints":{"allow":["GET"]}}],"collection":[{"href":"https:\/\/www.europesays.com\/fi\/wp-json\/wp\/v2\/posts"}],"about":[{"href":"https:\/\/www.europesays.com\/fi\/wp-json\/wp\/v2\/types\/post"}],"author":[{"embeddable":true,"href":"https:\/\/www.europesays.com\/fi\/wp-json\/wp\/v2\/users\/2"}],"replies":[{"embeddable":true,"href":"https:\/\/www.europesays.com\/fi\/wp-json\/wp\/v2\/comments?post=107802"}],"version-history":[{"count":0,"href":"https:\/\/www.europesays.com\/fi\/wp-json\/wp\/v2\/posts\/107802\/revisions"}],"wp:featuredmedia":[{"embeddable":true,"href":"https:\/\/www.europesays.com\/fi\/wp-json\/wp\/v2\/media\/107803"}],"wp:attachment":[{"href":"https:\/\/www.europesays.com\/fi\/wp-json\/wp\/v2\/media?parent=107802"}],"wp:term":[{"taxonomy":"category","embeddable":true,"href":"https:\/\/www.europesays.com\/fi\/wp-json\/wp\/v2\/categories?post=107802"},{"taxonomy":"post_tag","embeddable":true,"href":"https:\/\/www.europesays.com\/fi\/wp-json\/wp\/v2\/tags?post=107802"}],"curies":[{"name":"wp","href":"https:\/\/api.w.org\/{rel}","templated":true}]}}