{"id":107808,"date":"2025-12-04T19:48:16","date_gmt":"2025-12-04T19:48:16","guid":{"rendered":"https:\/\/www.europesays.com\/fi\/107808\/"},"modified":"2025-12-04T19:48:16","modified_gmt":"2025-12-04T19:48:16","slug":"whatsappin-uusi-tekoalysaanto-herattaa-kohua-eu-laittoi-tarkempaan-syyniin-iltalehti","status":"publish","type":"post","link":"https:\/\/www.europesays.com\/fi\/107808\/","title":{"rendered":"Whatsappin uusi teko\u00e4lys\u00e4\u00e4nt\u00f6 her\u00e4tt\u00e4\u00e4 kohua: EU laittoi tarkempaan syyniin &#8211; Iltalehti"},"content":{"rendered":"<ol>\n<li><a href=\"https:\/\/news.google.com\/rss\/articles\/CBMigAFBVV95cUxQMUR1RlM2ZXZvSVN4TWlnT0Q1d21USldzaGk5dEpnam5OV1dQRUNEQnZSTHc5MFY0bG1tT2J5enh6ZG0wamt6NFVhcGw5V25USHZhcHE0TTlWbloycXllSE1zZ0tTOVlIcXI0SUptWEFMOV9TNVFCUmc2WTJSQlRtTA?oc=5\" target=\"_blank\" rel=\"nofollow noopener\">Whatsappin uusi teko\u00e4lys\u00e4\u00e4nt\u00f6 her\u00e4tt\u00e4\u00e4 kohua: EU laittoi tarkempaan syyniin<\/a>&nbsp;&nbsp;Iltalehti<\/li>\n<li><a href=\"https:\/\/news.google.com\/rss\/articles\/CBMifkFVX3lxTE9HUERuT1BiclloTk9BT2ZHLVV0OGt4RFBYOGZEbmhrclF0bC1XcjFFRHdOUWIwVXBKRDM4MXZYTVNwSXFYSnc4ZmdYNUdKbjV5U3BRRHVCeEM2U18xUEg5eDNZdTlMZDZZdVhFeFpRS1VNcXBCUkNyMlh5bWtqQQ?oc=5\" target=\"_blank\" rel=\"nofollow noopener\">Rajoittaako Meta muita teko\u00e4lypalveluita? Komissio aloittaa tutkinnan<\/a>&nbsp;&nbsp;Kauppalehti<\/li>\n<li><a href=\"https:\/\/news.google.com\/rss\/articles\/CBMiuwFBVV95cUxNbUJFRTFqUWQtY19HbmpCbWF5M2hwZmFEWjI2QWRjbUE5RHRMYklSQTB4OE8yYkkxeTdoYWJ4TnM2Y3BLZi16NUo4bEZ2ZjR1bzZETDNNUWZma1VadkFDZllBbmh1dUd3Tmk5cjdLQ1hJaVpEc3BmN005aVdfRVhRZF9kOF82T0RnVXMyS0FGN21fbE1zUW0zVlVIWWRhVG9HY3VfUW85ZjUwVmdfYVdaSlJFdEgyODcyRDN3?oc=5\" target=\"_blank\" rel=\"nofollow noopener\">EU aikoo tutkia Metan teko\u00e4lyominaisuuksien integrointia WhatsAppiin: raportti<\/a>&nbsp;&nbsp;Invezz<\/li>\n<li><a href=\"https:\/\/news.google.com\/rss\/articles\/CBMidEFVX3lxTE0zRjdWWFdjbzZxNFFrOFJ6RnBzam5lR2ItYjZLU3lDTko1S2Y1S2JCUm54eEs5SWFMVjFBVnpKaHRGWkEySmlJTXhrMzRaQjE0QUJld0J0YjEwaFNnVG1JaUlEZkg1N2k1cXlTTy1LS281R1VU?oc=5\" target=\"_blank\" rel=\"nofollow noopener\">Teko\u00e4lyn k\u00e4ytt\u00f6 Whatsappissa p\u00e4\u00e4tym\u00e4ss\u00e4 EU:n tutkintaan<\/a>&nbsp;&nbsp;tivi.fi<\/li>\n<li><a href=\"https:\/\/news.google.com\/rss\/articles\/CBMihgFBVV95cUxQR3NwcVF6ckIwU0EySWNDMk90aDdjUFJRczlPa09vWHJCU3ByUGpxRGxKVzdsRFpocUVpdHNHbll3SlRteEtRR09XSkpTbWh0NU9rNDZNN0oyazU3bTJIZVZYZnpMRzFzVG1GZkNWR3MzVzlUX3NuT21fTkgxaFQzMC1Ma0xqUQ?oc=5\" target=\"_blank\" rel=\"nofollow noopener\">ChatGPT sai kenk\u00e4\u00e4 WhatsAppista<\/a>&nbsp;&nbsp;Muropaketti.com<\/li>\n<\/ol>\n","protected":false},"excerpt":{"rendered":"Whatsappin uusi teko\u00e4lys\u00e4\u00e4nt\u00f6 her\u00e4tt\u00e4\u00e4 kohua: EU laittoi tarkempaan syyniin&nbsp;&nbsp;Iltalehti Rajoittaako Meta muita teko\u00e4lypalveluita? Komissio aloittaa tutkinnan&nbsp;&nbsp;Kauppalehti EU aikoo&hellip;\n","protected":false},"author":2,"featured_media":95662,"comment_status":"","ping_status":"","sticky":false,"template":"","format":"standard","meta":{"footnotes":""},"categories":[84],"tags":[35,33,31,30,148,70,5679,32,91,92,487,149],"class_list":{"0":"post-107808","1":"post","2":"type-post","3":"status-publish","4":"format-standard","5":"has-post-thumbnail","7":"category-teknologia","8":"tag-24h","9":"tag-fi","10":"tag-finland","11":"tag-finnish","12":"tag-internet","13":"tag-kansainvalinen-politiikka","14":"tag-kansainvaliset-organisaatiot-ja-sopimukset","15":"tag-suomi","16":"tag-technology","17":"tag-teknologia","18":"tag-teknologia-yleista","19":"tag-tietojenkasittely-ja-informaatioteknologia"},"share_on_mastodon":{"url":"https:\/\/pubeurope.com\/@fi\/115663031789902878","error":""},"_links":{"self":[{"href":"https:\/\/www.europesays.com\/fi\/wp-json\/wp\/v2\/posts\/107808","targetHints":{"allow":["GET"]}}],"collection":[{"href":"https:\/\/www.europesays.com\/fi\/wp-json\/wp\/v2\/posts"}],"about":[{"href":"https:\/\/www.europesays.com\/fi\/wp-json\/wp\/v2\/types\/post"}],"author":[{"embeddable":true,"href":"https:\/\/www.europesays.com\/fi\/wp-json\/wp\/v2\/users\/2"}],"replies":[{"embeddable":true,"href":"https:\/\/www.europesays.com\/fi\/wp-json\/wp\/v2\/comments?post=107808"}],"version-history":[{"count":0,"href":"https:\/\/www.europesays.com\/fi\/wp-json\/wp\/v2\/posts\/107808\/revisions"}],"wp:featuredmedia":[{"embeddable":true,"href":"https:\/\/www.europesays.com\/fi\/wp-json\/wp\/v2\/media\/95662"}],"wp:attachment":[{"href":"https:\/\/www.europesays.com\/fi\/wp-json\/wp\/v2\/media?parent=107808"}],"wp:term":[{"taxonomy":"category","embeddable":true,"href":"https:\/\/www.europesays.com\/fi\/wp-json\/wp\/v2\/categories?post=107808"},{"taxonomy":"post_tag","embeddable":true,"href":"https:\/\/www.europesays.com\/fi\/wp-json\/wp\/v2\/tags?post=107808"}],"curies":[{"name":"wp","href":"https:\/\/api.w.org\/{rel}","templated":true}]}}