{"id":107812,"date":"2025-12-04T19:51:09","date_gmt":"2025-12-04T19:51:09","guid":{"rendered":"https:\/\/www.europesays.com\/fi\/107812\/"},"modified":"2025-12-04T19:51:09","modified_gmt":"2025-12-04T19:51:09","slug":"muurahaiset-auttoivat-loytamaan-suomelle-uuden-hyonteislajin-uutisia-lyhyesti","status":"publish","type":"post","link":"https:\/\/www.europesays.com\/fi\/107812\/","title":{"rendered":"Muurahaiset auttoivat l\u00f6yt\u00e4m\u00e4\u00e4n Suomelle uuden hy\u00f6nteislajin | Uutisia lyhyesti"},"content":{"rendered":"<p class=\"aw-1gybjub aw-5vja16 kEtdKx kmuxyA yle__article__paragraph\">Mets\u00e4\u00adhallituksen Luontopalvelut l\u00f6ysi useita Suomelle uusia hy\u00f6nteislajeja t\u00e4m\u00e4n vuoden kartoituksissa. Osa l\u00f6yd\u00f6ksist\u00e4 p\u00e4\u00e4si yll\u00e4tt\u00e4m\u00e4\u00e4n tutkijatkin.<\/p>\n<p><img decoding=\"async\" alt=\"Rusehtava hy\u00f6nteinen.\" src=\"https:\/\/www.europesays.com\/fi\/wp-content\/uploads\/2025\/12\/39-156448769318ce107c02.jpeg\" class=\"aw-1l9m598 hKVVvP\"\/><\/p>\n<p>Avaa kuvien katselu<\/p>\n<p>Mets\u00e4hallitus on l\u00f6yt\u00e4nyt t\u00e4n\u00e4 vuonna monia Suomelle uusia hy\u00f6nteislajeja. Yksi niist\u00e4 on kuvassa oleva  Heterogaster artemisiae -ludelaji, joka l\u00f6ytyi Kirkkonummella sijaitsevasta saaresta. Kuva: Sampsa Malmberg \/ Mets\u00e4hallitus<\/p>\n<p class=\"aw-1gybjub aw-1p7kakr kEtdKx cEmitX yle__article__paragraph\">Eri puolilta Suomea on l\u00f6ytynyt uusia hy\u00f6nteislajeja, joita ei ole aiemmin t\u00e4\u00e4ll\u00e4 tavattu. L\u00f6yd\u00f6ksist\u00e4 <a class=\"aw-iao6s4 iHOxEa yle__article__link\" href=\"https:\/\/www.metsa.fi\/tiedotteet\/hyonteiskartoitukset-paljastivat-vuonna-2025-yllatyksia-ja-uutta-tietoa\/\" role=\"link\" rel=\"nofollow noopener\" target=\"_blank\">kertoo Mets\u00e4hallitus<\/a>.<\/p>\n<p class=\"aw-1gybjub aw-1p7kakr kEtdKx cEmitX yle__article__paragraph\">Lajit l\u00f6ytyiv\u00e4t Mets\u00e4hallituksen Luontopalvelujen j\u00e4rjest\u00e4miss\u00e4 kartoituksissa t\u00e4n\u00e4 vuonna, ja osa l\u00f6yd\u00f6ist\u00e4 p\u00e4\u00e4si yll\u00e4tt\u00e4m\u00e4\u00e4n asiantuntijatkin.<\/p>\n<p class=\"aw-1gybjub aw-1p7kakr kEtdKx cEmitX yle__article__paragraph\">Yksi yll\u00e4tyksist\u00e4 oli Maskusta l\u00f6ytynyt, puunkaivajiin kuuluva kovakuoriaislaji Anitys rubens, jonka olemassaolosta Suomessa ei ollut aiemmin tietoa.<\/p>\n<p class=\"aw-1gybjub aw-1p7kakr kEtdKx cEmitX yle__article__paragraph\">Asiantuntijoiden uskovat, ett\u00e4 t\u00e4m\u00e4 tammiin erikoistunut laji on saattanut el\u00e4\u00e4 Suomessa huomaamatta jo hyvin pitk\u00e4\u00e4n. Se on todenn\u00e4k\u00f6isesti j\u00e4\u00e4nne ajalta, jolloin Suomessa oli nykyist\u00e4 enemm\u00e4n tammimetsi\u00e4.<\/p>\n<p class=\"aw-1gybjub aw-1p7kakr kEtdKx cEmitX yle__article__paragraph\">Lajin l\u00f6ytymisess\u00e4 muurahaiset tekiv\u00e4t ison ty\u00f6n.<\/p>\n<p class=\"aw-1gybjub aw-1p7kakr kEtdKx cEmitX yle__article__paragraph\">\u2013 Lajin l\u00f6ytyminen oli melkoinen sattuma. Muurahaiset olivat kuljettaneet lajin fragmentteja, kuten peitinsiipi\u00e4 ja etusel\u00e4n kappaleita hy\u00f6nteiskartoituspyydyksiin. Ilman mets\u00e4ss\u00e4 runsaana asuvia muurahaisia lajin l\u00f6ytyminen olisi ollut aika ep\u00e4todenn\u00e4k\u00f6ist\u00e4, sanoo luonnonsuojelun asiantuntija <strong class=\"aw-ak79eh KyCXm yle__article__strong\">Seppo Karjalainen<\/strong> tiedotteessa.<\/p>\n<p><img decoding=\"async\" alt=\"Hy\u00f6nteisen palasia.\" src=\"https:\/\/www.europesays.com\/fi\/wp-content\/uploads\/2025\/12\/39-156448569318ce03e4bc.jpeg\" loading=\"lazy\" class=\"aw-1l9m598 hKVVvP\"\/><\/p>\n<p>Avaa kuvien katselu<\/p>\n<p>Muurahaiset kantoivat Anitys rubens -hy\u00f6nteisen palasia pyydykseen, mink\u00e4 ansiosta laji l\u00f6ytyi. Kuva: Sampsa Malmberg \/ Mets\u00e4hallitusUusi lude l\u00f6ytyi saarelta<\/p>\n<p class=\"aw-1gybjub aw-1p7kakr kEtdKx cEmitX yle__article__paragraph\">My\u00f6s Kirkkonummen R\u00f6nnsk\u00e4rin saarella oli yll\u00e4tyksen paikka, kun siell\u00e4 havaittiin Suomelle uusi ludelaji Heterogaster artemisiae. Aiemmin lajia on tavattu l\u00e4himmill\u00e4\u00e4n Latviasta.<\/p>\n<p><img decoding=\"async\" alt=\"Rusehtava hy\u00f6nteinen.\" src=\"https:\/\/www.europesays.com\/fi\/wp-content\/uploads\/2025\/12\/1764877869_647_39-156448769318ce107c02.jpeg\" class=\"aw-1l9m598 hKVVvP\"\/><\/p>\n<p>Avaa kuvien katselu<\/p>\n<p><img decoding=\"async\" alt=\"Kangasajuruohoa.\" src=\"https:\/\/www.europesays.com\/fi\/wp-content\/uploads\/2025\/12\/39-156448669318ce054be8.jpeg\" class=\"aw-1l9m598 hKVVvP\"\/><\/p>\n<p>Avaa kuvien katselu<\/p>\n<p><img decoding=\"async\" alt=\"Hy\u00f6nteisen nymfi.\" src=\"https:\/\/www.europesays.com\/fi\/wp-content\/uploads\/2025\/12\/39-156448469318cdf9ca1b.jpeg\" class=\"aw-1l9m598 hKVVvP\"\/><\/p>\n<p>Avaa kuvien katselu<\/p>\n<p><img decoding=\"async\" alt=\"L\u00e4hikuva hy\u00f6nteisest\u00e4.\" src=\"https:\/\/www.europesays.com\/fi\/wp-content\/uploads\/2025\/12\/39-156448369318cdf9c5d7.jpeg\" class=\"aw-1l9m598 hKVVvP\"\/><\/p>\n<p>Avaa kuvien katselu<\/p>\n<p class=\"aw-1gybjub aw-1p7kakr kEtdKx cEmitX yle__article__paragraph\">Uusia tuttavuuksia l\u00f6ytyi my\u00f6s Nuuksion kansallispuistosta, jossa bongattiin Suomelle uusi vaaksiaislaji Neolimnophila alaskana.<\/p>\n<p class=\"aw-1gybjub aw-1p7kakr kEtdKx cEmitX yle__article__paragraph\">Pyh\u00e4nn\u00e4n Natura-alueella puolestaan l\u00f6ydettiin k\u00e4rp\u00e4slaji Drapetis stackelbergi, jonka l\u00e4hin tunnettu esiintym\u00e4 on Pietarin seudulla.<\/p>\n<p>Vanhat mets\u00e4t hupenevat<\/p>\n<p class=\"aw-1gybjub aw-1p7kakr kEtdKx cEmitX yle__article__paragraph\">Hy\u00f6nteiskartoituksia tehd\u00e4\u00e4n, jotta asiantuntijat voivat seurata uhanalaisten lajien tilaa, suunnitella suojelutoimia ja selvitt\u00e4\u00e4 lajien yleisyytt\u00e4. Tieto on t\u00e4rke\u00e4\u00e4 esimerkiksi uhanalaisuusarviointeja varten.<\/p>\n<p class=\"aw-1gybjub aw-1p7kakr kEtdKx cEmitX yle__article__paragraph\">\u2013 Selvityksiss\u00e4 l\u00f6ytyy kuitenkin toisinaan \u201dsivusaaliina\u201d my\u00f6s n\u00e4it\u00e4 suuria yll\u00e4tyksi\u00e4, kuten eritt\u00e4in harvinaisten tai Suomelle uusien lajien esiintymi\u00e4, kertoo luonnonsuojelun erityisasiantuntija <strong class=\"aw-ak79eh KyCXm yle__article__strong\">Sampsa Malmberg<\/strong> tiedotteessa.<\/p>\n<p class=\"aw-1gybjub aw-1p7kakr kEtdKx cEmitX yle__article__paragraph\">Syyskuussa julkaistu EU:n luontodirektiivin raportti kertoo karua kielt\u00e4 vanhojen metsien lajien tilanteesta Suomessa. L\u00e4hes kaikkien vanhojen metsien kovakuoriaislajien tilanne on heikko, kertoo raportointiin osallistunut <a class=\"aw-iao6s4 iHOxEa yle__article__link\" href=\"https:\/\/www.metsa.fi\/tiedotteet\/metsahallitus-mukana-luonnon-tilan-suurselvityksessa-moni-luontodirektiivin-luontotyyppi-heikentynyt-naalille-saimaannorpalle-ja-havuhuppukuoriaiselle-valonpilkahduksia\/\" role=\"link\" rel=\"nofollow noopener\" target=\"_blank\">Mets\u00e4hallitus<\/a>.<\/p>\n<p class=\"aw-1gybjub aw-1p7kakr kEtdKx cEmitX yle__article__paragraph\">Taustalla on vanhojen metsien katoaminen. Mets\u00e4hallituksen mukaan vanhoista metsist\u00e4 on h\u00e4vinnyt vuodesta 1950 l\u00e4htien per\u00e4ti 80 prosenttia, ja katoa tapahtuu edelleen.<\/p>\n","protected":false},"excerpt":{"rendered":"Mets\u00e4\u00adhallituksen Luontopalvelut l\u00f6ysi useita Suomelle uusia hy\u00f6nteislajeja t\u00e4m\u00e4n vuoden kartoituksissa. Osa l\u00f6yd\u00f6ksist\u00e4 p\u00e4\u00e4si yll\u00e4tt\u00e4m\u00e4\u00e4n tutkijatkin. Avaa kuvien katselu&hellip;\n","protected":false},"author":2,"featured_media":107813,"comment_status":"","ping_status":"","sticky":false,"template":"","format":"standard","meta":{"footnotes":""},"categories":[12],"tags":[22,23,404,26,27,33,31,30,17,24,25,961,72,28,29,1847,823,15,18,21,32,119,19,20,16],"class_list":{"0":"post-107812","1":"post","2":"type-post","3":"status-publish","4":"format-standard","5":"has-post-thumbnail","7":"category-suomi","8":"tag-breaking-news","9":"tag-breakingnews","10":"tag-elaimet","11":"tag-featured-news","12":"tag-featurednews","13":"tag-fi","14":"tag-finland","15":"tag-finnish","16":"tag-headlines","17":"tag-latest-news","18":"tag-latestnews","19":"tag-luonnonsuojelu","20":"tag-luonto","21":"tag-main-news","22":"tag-mainnews","23":"tag-metsahallitus","24":"tag-metsat","25":"tag-news","26":"tag-otsikot","27":"tag-paauutiset","28":"tag-suomi","29":"tag-tiede","30":"tag-top-stories","31":"tag-topstories","32":"tag-uutiset"},"share_on_mastodon":{"url":"https:\/\/pubeurope.com\/@fi\/115663043983164669","error":""},"_links":{"self":[{"href":"https:\/\/www.europesays.com\/fi\/wp-json\/wp\/v2\/posts\/107812","targetHints":{"allow":["GET"]}}],"collection":[{"href":"https:\/\/www.europesays.com\/fi\/wp-json\/wp\/v2\/posts"}],"about":[{"href":"https:\/\/www.europesays.com\/fi\/wp-json\/wp\/v2\/types\/post"}],"author":[{"embeddable":true,"href":"https:\/\/www.europesays.com\/fi\/wp-json\/wp\/v2\/users\/2"}],"replies":[{"embeddable":true,"href":"https:\/\/www.europesays.com\/fi\/wp-json\/wp\/v2\/comments?post=107812"}],"version-history":[{"count":0,"href":"https:\/\/www.europesays.com\/fi\/wp-json\/wp\/v2\/posts\/107812\/revisions"}],"wp:featuredmedia":[{"embeddable":true,"href":"https:\/\/www.europesays.com\/fi\/wp-json\/wp\/v2\/media\/107813"}],"wp:attachment":[{"href":"https:\/\/www.europesays.com\/fi\/wp-json\/wp\/v2\/media?parent=107812"}],"wp:term":[{"taxonomy":"category","embeddable":true,"href":"https:\/\/www.europesays.com\/fi\/wp-json\/wp\/v2\/categories?post=107812"},{"taxonomy":"post_tag","embeddable":true,"href":"https:\/\/www.europesays.com\/fi\/wp-json\/wp\/v2\/tags?post=107812"}],"curies":[{"name":"wp","href":"https:\/\/api.w.org\/{rel}","templated":true}]}}