{"id":107814,"date":"2025-12-04T19:52:10","date_gmt":"2025-12-04T19:52:10","guid":{"rendered":"https:\/\/www.europesays.com\/fi\/107814\/"},"modified":"2025-12-04T19:52:10","modified_gmt":"2025-12-04T19:52:10","slug":"miksi-muut-eivat-tajua-helppoa-tapaa-saada-rahaa","status":"publish","type":"post","link":"https:\/\/www.europesays.com\/fi\/107814\/","title":{"rendered":"Miksi muut eiv\u00e4t tajua helppoa tapaa saada rahaa?"},"content":{"rendered":"<p><a href=\"https:\/\/www.iltalehti.fi\/kirjoittajat\/Valtteri Varpela\" class=\"article-description-pov-author\" rel=\"nofollow noopener\" target=\"_blank\"><\/p>\n<p>Valtteri Varpela<\/p>\n<p><img decoding=\"async\" class=\"author-image\" src=\"https:\/\/www.europesays.com\/fi\/wp-content\/uploads\/2025\/08\/ed72df1098127f04b4620bcdb671c935ceeb46fd172c810abfc78381bf0f4ca6.png\" alt=\"\"\/><\/a><\/p>\n<p>Jos kire\u00e4 verotus olisi ratkaisu Suomen ongelmiin, meill\u00e4 pit\u00e4isi menn\u00e4 jo lujaa, kirjoittaa p\u00e4\u00e4toimittaja Valtteri Varpela.<\/p>\n<p>T\u00e4n\u00e4\u00e4n klo 21:15<\/p>\n<p><img decoding=\"async\" class=\"image image-show image-preview\" src=\"https:\/\/www.europesays.com\/fi\/wp-content\/uploads\/2025\/12\/1764877929_451_b0edade9239446e9f6e313dfc6a5346d38604ee2d5fd889681e9f2d96df85806.jpg\" alt=\"\"\/><img decoding=\"async\" class=\"image image-show\" src=\"https:\/\/www.europesays.com\/fi\/wp-content\/uploads\/2025\/12\/1764877930_831_b0edade9239446e9f6e313dfc6a5346d38604ee2d5fd889681e9f2d96df85806.jpg\" alt=\"\"\/><\/p>\n<p>Vasemmistoliiton puheenjohtaja Minja Koskela on h\u00e4mm\u00e4stellyt, miksi muut puolueet eiv\u00e4t innostu heid\u00e4n esitt\u00e4m\u00e4st\u00e4\u00e4n miljon\u00e4\u00e4riverosta. Atte Kajova<\/p>\n<p class=\"paragraph\">Vasemmistoliiton puheenjohtaja <a href=\"https:\/\/www.iltalehti.fi\/henkilot\/Minja Koskela\" class=\"article-link-person-page\" rel=\"nofollow noopener\" target=\"_blank\">Minja Koskela<\/a> iloitsi t\u00e4ll\u00e4 viikolla puolueen teett\u00e4m\u00e4n mielipidekyselyn lopputuloksesta: per\u00e4ti 75 prosenttia suomalaisista suhtautuu puolueen ehdottamaan miljon\u00e4\u00e4riveroon my\u00f6nteisesti.<\/p>\n<p class=\"paragraph\">Iloon uutisesta sis\u00e4ltyi pieni mutta: miljon\u00e4\u00e4riveron tuotto oli kytketty sote-palveluiden turvaamiseen, vaikka todellisuudessa veroja ei ole Suomessa korvamerkitty mihink\u00e4\u00e4n tiettyihin menoihin.<\/p>\n<p class=\"paragraph\">Kysymyksen harhaanjohtavuudesta huomautti <a href=\"https:\/\/www.iltalehti.fi\/politiikka\/6e0e7201-8e98-4543-819e-b6308f4534d7\" rel=\"nofollow noopener\" target=\"_blank\">Iltalehden haastattelussa<\/a> kokenut mielipidekyselyiden tekemisen asiantuntija, yhteiskuntatieteiden tohtori <a href=\"https:\/\/www.iltalehti.fi\/henkilot\/Juho Rahkonen\" class=\"article-link-person-page\" rel=\"nofollow noopener\" target=\"_blank\">Juho Rahkonen<\/a>.<\/p>\n<p class=\"paragraph\">Rahkonen kuitenkin my\u00f6nsi, ett\u00e4 vaikka kysymys olisi muotoiltu rehellisemmin ihan vain yleisesti miljon\u00e4\u00e4riveron kannatukseksi, todenn\u00e4k\u00f6isesti kannatus olisi ollut yli 50 prosenttia. My\u00f6s se on totta, ett\u00e4 sote-menot ovat noin kolmannes valtion menoista eli vaikka mit\u00e4\u00e4n verorahaa ei ole sinne korvamerkitty, p\u00e4\u00e4tyy sote-menoihin tuntuva siivu kaikesta ker\u00e4tyst\u00e4 rahasta.<\/p>\n<p class=\"paragraph\">Vasemmistoliiton esitt\u00e4m\u00e4ss\u00e4 mallissa prosentin suuruista veroa ker\u00e4tt\u00e4isiin niilt\u00e4, joilla on omaisuutta yli miljoonalla eurolla \u2013 ilman oman asunnon arvoa. Vasemmistoliiton mukaan veron tuotto olisi reilun miljardin verran vuodessa. Koskela ihmetteli, miksi muut puolueet eiv\u00e4t ole l\u00e4hteneet mukaan vasemmistoliiton kelkkaan ajamaan veroa, jolle tuntuu olevan kansan keskuudessa suurta kannatusta.<\/p>\n<p class=\"paragraph\">Tuoreeltaan ehdotus her\u00e4tti h\u00e4mmennyst\u00e4 ja tyrmistyst\u00e4 poliittisen kent\u00e4n oikealla laidalla sek\u00e4 Veronmaksajien keskusliitossa.<\/p>\n<p class=\"paragraph\">Puolueiden sijaan kannatusta on l\u00f6ytynyt ty\u00f6ntekij\u00e4liittojen puolelta. SAK v\u00e4l\u00e4ytti kes\u00e4ll\u00e4 uudenlaista omaisuusveroa maan kasvavien puolustusmenojen kattamiseen. Heid\u00e4n mallissaan yli 100 000 euron varallisuudesta ker\u00e4tt\u00e4isiin 1\u20132 promillen vero, mutta mukaan ei laskettaisi omaa asuntoa, autoa eik\u00e4 kes\u00e4m\u00f6kki\u00e4.<\/p>\n<p class=\"paragraph\">Toisesta vasemmistopuolueesta SDP:st\u00e4 ei ainakaan ex-p\u00e4\u00e4ministeri <a href=\"https:\/\/www.iltalehti.fi\/henkilot\/Sanna Marin\" class=\"article-link-person-page\" rel=\"nofollow noopener\" target=\"_blank\">Sanna Marinin<\/a> kaudella <a href=\"https:\/\/www.iltalehti.fi\/politiikka\/62f755df-8fd8-4bed-9534-c1ed573e4657\" rel=\"nofollow noopener\" target=\"_blank\">t\u00e4ysin tyrm\u00e4tty<\/a> miljon\u00e4\u00e4riveroa. Puolueen talouspolitiikkaan profiloitunut kansanedustaja <a href=\"https:\/\/www.iltalehti.fi\/henkilot\/Matias M\u00e4kynen\" class=\"article-link-person-page\" rel=\"nofollow noopener\" target=\"_blank\">Matias M\u00e4kynen<\/a> sanoi tuolloin Iltalehdelle pit\u00e4v\u00e4ns\u00e4 veron keskeisimp\u00e4n\u00e4 ongelmana sit\u00e4, ett\u00e4 sen valmistelu vaatisi niin paljon aikaa, ettei sit\u00e4 olisi ehditty en\u00e4\u00e4 tuon hallituskauden aikana toteuttaa.<\/p>\n<p class=\"paragraph\">Muissa puolueissa miljon\u00e4\u00e4riveroon suhtaudutaan ep\u00e4illen, mutta vihreiden kanta on h\u00e4ilyv\u00e4mpi. Puolueen poliittisessa tavoiteohjelmassa vuosille 2023\u20132027 todetaan, ett\u00e4 \u201dotetaan k\u00e4ytt\u00f6\u00f6n maltillinen varallisuusvero suurille omaisuuksille\u201d, mutta puolueen oikeaa laitaa edustavan <a href=\"https:\/\/www.iltalehti.fi\/henkilot\/Sofia Virta\" class=\"article-link-person-page\" rel=\"nofollow noopener\" target=\"_blank\">Sofia Virran<\/a> puheenjohtajakaudella hanke ei ole ollut mill\u00e4\u00e4n lailla vihreiden veropolitiikan keski\u00f6ss\u00e4.<\/p>\n<p class=\"paragraph\">Miksi vasemmistoliiton ehdotus ei innosta muita? Keskeisimm\u00e4t syyt l\u00f6ytyv\u00e4t samoista perusteluista, joilla varallisuusverosta luovuttiin <a href=\"https:\/\/www.iltalehti.fi\/henkilot\/Matti Vanhanen\" class=\"article-link-person-page\" rel=\"nofollow noopener\" target=\"_blank\">Matti Vanhasen<\/a> hallituksen toimesta vuoden 2006 alusta: vero oli kierrett\u00e4viss\u00e4 verosuunnittelulla ja omistuksen sijasta pidettiin fiksumpana verottaa tuottoa.<\/p>\n<p class=\"paragraph\">Kellojen k\u00e4\u00e4nt\u00e4minen varallisuuden verottamisessa 20 vuoden taa olisi siksikin outoa, ett\u00e4 l\u00e4hes kaikki Euroopan maat muutamaa rikasta Norjaa ja Sveitsi\u00e4 lukuun ottamatta ovat p\u00e4\u00e4tyneet veron poistoon jossain kohtaa 90- ja 2000-lukua veron toimimattomuuden takia.<\/p>\n<p class=\"paragraph\">Norjassa omaisuusveron ongelmaksi on <a href=\"https:\/\/www.reuters.com\/business\/norways-wealth-tax-trades-millionaires-equality-2025-11-24\/\" rel=\"noopener nofollow\" target=\"_blank\">nostettu se<\/a>, miten kivulias se on startup-yritt\u00e4jille, jotka maksavat veroa p\u00e4\u00e4omasta pitk\u00e4\u00e4n ennen kuin voitot realisoituvat. OECD:n mukaan Norjassa on yksi Euroopan alhaisimmista p\u00e4\u00e4omasijoitusten tasoista suhteessa BKT:hen \u2013 vain puolet Ruotsin tasosta.<\/p>\n<p class=\"paragraph\">Samaan aikaan Ruotsi, joka poisti omaisuusveron 2007, on noussut <a href=\"https:\/\/www.kauppalehti.fi\/uutiset\/a\/5ff3a560-0946-4bed-99d2-ce07592acceb\" rel=\"noopener nofollow\" target=\"_blank\">miljard\u00f6\u00f6ritiheydelt\u00e4\u00e4n<\/a> maailman huipulle.<\/p>\n<p class=\"paragraph\">Suomi on harvaan asuttu maa my\u00f6s miljon\u00e4\u00e4rien ja varsinkin miljard\u00f6\u00f6rien suhteen. Vuonna 2019 maassa oli hieman yli 45 000 kotitaloutta (1,6 prosenttia kaikista kotitalouksista), joiden nettovarallisuus ilman oman asunnon nettoarvoa ylitti Tilastokeskuksen mukaan miljoona euroa.<\/p>\n<p class=\"paragraph\">Mahtaisiko t\u00e4llaisten kotitalouksien m\u00e4\u00e4r\u00e4 kasvaa, mik\u00e4li yli miljoonan arvoisen omaisuuden itselleen ty\u00f6nteolla, s\u00e4\u00e4st\u00e4m\u00e4ll\u00e4 tai sijoittamalla ansainneita muistettaisiin miljon\u00e4\u00e4riveron my\u00f6t\u00e4 siis alimmillaankin 10 000 euron lis\u00e4verolla per vuosi \u2013 tai reilulla 800 eurolla per kuukausi?<\/p>\n<p class=\"paragraph\">Talouskasvu on ollut Suomessa heikkoa Nokian romahduksen j\u00e4lkeen jo toistakymment\u00e4 vuotta. Nyt tilanne on viel\u00e4 surkeampi, ja maan johtavat talousviisaat syytt\u00e4v\u00e4t <a href=\"https:\/\/www.hs.fi\/talous\/art-2000011634955.html\" rel=\"noopener nofollow\" target=\"_blank\">mystist\u00e4 \u201djarrua\u201d<\/a>. Edellytyksi\u00e4 talouskasvuun on, mutta mit\u00e4\u00e4n ei tapahdu.<\/p>\n<p class=\"paragraph\">Suomessa harvinaiseen miljard\u00f6\u00f6rikerhoon noussut <a href=\"https:\/\/www.iltalehti.fi\/henkilot\/Bj\u00f6rn Wahlroos\" class=\"article-link-person-page\" rel=\"nofollow noopener\" target=\"_blank\">Bj\u00f6rn Wahlroos<\/a> <a href=\"https:\/\/www.iltalehti.fi\/kotimaa\/fcba57fd-95dc-4f53-a523-cffdb1988145\" rel=\"nofollow noopener\" target=\"_blank\">on paaluttanut<\/a> talouskasvun syntyv\u00e4n periaatteessa kolmesta tekij\u00e4st\u00e4: ty\u00f6st\u00e4, p\u00e4\u00e4omista ja teknologiasta. Jos halutaan, ett\u00e4 talous kasvaa, on teht\u00e4v\u00e4 sellaista politiikkaa, ett\u00e4 ihmiset tekev\u00e4t enemm\u00e4n ja tuottavampaa ty\u00f6t\u00e4, houkutella lis\u00e4\u00e4 p\u00e4\u00e4omia ja innovoida.<\/p>\n<p class=\"paragraph\">Miljon\u00e4\u00e4rivero ei kannusta ket\u00e4\u00e4n ponnistelemaan lujemmin n\u00e4iden talouskasvun keskeisten tekij\u00f6iden eteen. Vaikka miljoonaomaisuus ilman asuntoa voi tuntua kaukaiselta suurelle osalle suomalaisista, on koko suuren enemmist\u00f6n etu, ett\u00e4 suomalainen veroj\u00e4rjestelm\u00e4 kannustaa entist\u00e4 suurempaa osaa tavoittelemaan sit\u00e4.<\/p>\n<p class=\"paragraph\">Muiden vaurastuminen ei ole muilta pois. P\u00e4invastoin se luo ty\u00f6t\u00e4 entist\u00e4 useammalle ja v\u00e4hent\u00e4\u00e4 painetta heikent\u00e4\u00e4 hyvinvointivaltion palveluita.<\/p>\n<p class=\"paragraph\">Eduskunnan riippumattoman tietopalvelun <a href=\"https:\/\/www.iltalehti.fi\/politiikka\/7fe53f97-efbe-402f-b2a0-71ebc53b3189\" rel=\"nofollow noopener\" target=\"_blank\">arvion mukaan<\/a> Vasemmistoliiton vaihtoehtobudjetti miljon\u00e4\u00e4riveroineen lis\u00e4isi ty\u00f6tt\u00f6myytt\u00e4 64 700 henkil\u00f6ll\u00e4 suhteessa hallituksen vaihtoehtoon.<\/p>\n<p class=\"paragraph\">Jos kire\u00e4 verotus olisi ratkaisu Suomen ongelmiin, meill\u00e4 pit\u00e4isi menn\u00e4 jo paremmin kuin suurella osalla Euroopan ja maailman maista.<\/p>\n<p class=\"paragraph\">Jokaisen puolueen ja poliitikon kannattaisi mietti\u00e4, miten miljon\u00e4\u00e4rej\u00e4 saataisiin nykyist\u00e4 enemm\u00e4n, ei v\u00e4hemm\u00e4n.<\/p>\n","protected":false},"excerpt":{"rendered":"Valtteri Varpela Jos kire\u00e4 verotus olisi ratkaisu Suomen ongelmiin, meill\u00e4 pit\u00e4isi menn\u00e4 jo lujaa, kirjoittaa p\u00e4\u00e4toimittaja Valtteri Varpela.&hellip;\n","protected":false},"author":2,"featured_media":107815,"comment_status":"","ping_status":"","sticky":false,"template":"","format":"standard","meta":{"footnotes":""},"categories":[5],"tags":[35,22,23,26,27,33,31,30,17,24,25,28,29,15,18,21,637,886,885,887,32,19,20,16,2186],"class_list":{"0":"post-107814","1":"post","2":"type-post","3":"status-publish","4":"format-standard","5":"has-post-thumbnail","7":"category-otsikot","8":"tag-24h","9":"tag-breaking-news","10":"tag-breakingnews","11":"tag-featured-news","12":"tag-featurednews","13":"tag-fi","14":"tag-finland","15":"tag-finnish","16":"tag-headlines","17":"tag-latest-news","18":"tag-latestnews","19":"tag-main-news","20":"tag-mainnews","21":"tag-news","22":"tag-otsikot","23":"tag-paauutiset","24":"tag-politiikka","25":"tag-puolueet","26":"tag-suomen-poliittiset-puolueet","27":"tag-suomen-politiikka","28":"tag-suomi","29":"tag-top-stories","30":"tag-topstories","31":"tag-uutiset","32":"tag-verotus"},"share_on_mastodon":{"url":"https:\/\/pubeurope.com\/@fi\/115663047596742899","error":""},"_links":{"self":[{"href":"https:\/\/www.europesays.com\/fi\/wp-json\/wp\/v2\/posts\/107814","targetHints":{"allow":["GET"]}}],"collection":[{"href":"https:\/\/www.europesays.com\/fi\/wp-json\/wp\/v2\/posts"}],"about":[{"href":"https:\/\/www.europesays.com\/fi\/wp-json\/wp\/v2\/types\/post"}],"author":[{"embeddable":true,"href":"https:\/\/www.europesays.com\/fi\/wp-json\/wp\/v2\/users\/2"}],"replies":[{"embeddable":true,"href":"https:\/\/www.europesays.com\/fi\/wp-json\/wp\/v2\/comments?post=107814"}],"version-history":[{"count":0,"href":"https:\/\/www.europesays.com\/fi\/wp-json\/wp\/v2\/posts\/107814\/revisions"}],"wp:featuredmedia":[{"embeddable":true,"href":"https:\/\/www.europesays.com\/fi\/wp-json\/wp\/v2\/media\/107815"}],"wp:attachment":[{"href":"https:\/\/www.europesays.com\/fi\/wp-json\/wp\/v2\/media?parent=107814"}],"wp:term":[{"taxonomy":"category","embeddable":true,"href":"https:\/\/www.europesays.com\/fi\/wp-json\/wp\/v2\/categories?post=107814"},{"taxonomy":"post_tag","embeddable":true,"href":"https:\/\/www.europesays.com\/fi\/wp-json\/wp\/v2\/tags?post=107814"}],"curies":[{"name":"wp","href":"https:\/\/api.w.org\/{rel}","templated":true}]}}