{"id":107817,"date":"2025-12-04T20:04:10","date_gmt":"2025-12-04T20:04:10","guid":{"rendered":"https:\/\/www.europesays.com\/fi\/107817\/"},"modified":"2025-12-04T20:04:10","modified_gmt":"2025-12-04T20:04:10","slug":"janely-menetti-malttinsa-laulupalautteesta-ja-paiskasi-juoman-juhana-tegelbergin-kasvoille","status":"publish","type":"post","link":"https:\/\/www.europesays.com\/fi\/107817\/","title":{"rendered":"Janely menetti malttinsa laulupalautteesta ja paiskasi juoman Juhana Tegelbergin kasvoille!"},"content":{"rendered":"<p>Espanjan Marbellassa kuvattava ja <a href=\"https:\/\/kick.com\/pact\" target=\"_blank\" rel=\"noreferrer noopener nofollow\">Kick.comissa<\/a> julkaistava realitysarja Pacthouse 2 on edennyt jo puoliv\u00e4liin, ja talossa alkaa todella tapahtua. <\/p>\n<p>Kolmessa p\u00e4iv\u00e4ss\u00e4 ohjelmassa on n\u00e4hty jo kunnon myllerryst\u00e4. Golden ticketin napannut striimikatsoja<strong> Julle <\/strong>lensi ulos, kun Pacthouse-tuotannolle selvisi h\u00e4nen aiempi suhteensa alaik\u00e4isen kanssa.<\/p>\n<p>Draamaa riitt\u00e4\u00e4 muutenkin. <strong>Ilari Sahamies<\/strong> on tykitt\u00e4nyt provosoivaa l\u00e4pp\u00e4\u00e4 siihen malliin, ett\u00e4 <strong>Magamed Gadiev<\/strong> ja<strong> Stagala <\/strong>ovat olleet ajoittain kiehumispisteess\u00e4. <\/p>\n<p><img fetchpriority=\"high\" decoding=\"async\" width=\"747\" height=\"505\" src=\"https:\/\/www.europesays.com\/fi\/wp-content\/uploads\/2025\/12\/pacttt.webp.webp\" alt=\"\" class=\"wp-image-102443\"  \/>Stagala piti Sahalle puhuttelua. Kick.com\/pact<\/p>\n<p>Sahamies on t\u00e4ll\u00e4 hetkell\u00e4 koko shown kiistaton kingi: mies paahtaa tauotta, heitt\u00e4\u00e4 v\u00e4liin hulvattomia r\u00e4ppirivej\u00e4, on jatkuvasti humalassa eik\u00e4 ole nukkunut talossa juuri ollenkaan.<\/p>\n<p><img loading=\"lazy\" decoding=\"async\" width=\"1000\" height=\"566\" src=\"https:\/\/www.europesays.com\/fi\/wp-content\/uploads\/2025\/12\/sahamies.webp.webp\" alt=\"\" class=\"wp-image-102442\"  \/>Kick.com\/pact<\/p>\n<p><strong>Raju v\u00e4likohtaus<\/strong><\/p>\n<p>Eilen keskiviikkona talossa n\u00e4htiin raju v\u00e4likohtaus, kun <strong>Juhana Tegelberg<\/strong> ja artisti <strong>Janely<\/strong> (<strong>Jaanika Leino<\/strong>) ajautuivat tuliseen konfliktiin. Tilanne sai alkunsa Juhanan kommenteista, joissa h\u00e4n kritisoi Janelyn laulamista.<\/p>\n<p>Palautteesta suivaantunut Janely teki nopeasti selv\u00e4ksi, ettei hyv\u00e4ksy musiikkiuransa arvostelua. Sanallinen ry\u00f6ppy Juhanaa kohtaan kiihtyi, ja lopulta Janely menetti malttinsa kokonaan ja paiskasi alkoholidrinkin ruokap\u00f6yd\u00e4n \u00e4\u00e4ress\u00e4 istuneen Juhanan kasvoille.<\/p>\n<p>Hy\u00f6kk\u00e4ys koettiin talossa laajalti yliampuvaksi. Monen asukkaan mielest\u00e4 raja ylittyi selv\u00e4sti. Muun muassa tapahtumatuottaja <strong>Niluf\u00e4r \u201dNilu\u201d Soleimani<\/strong> puolusti Tegelbergi\u00e4 ja totesi, ettei kenenk\u00e4\u00e4n p\u00e4\u00e4lle saa heitt\u00e4\u00e4 juomaa mist\u00e4\u00e4n syyst\u00e4.<\/p>\n<p><img loading=\"lazy\" decoding=\"async\" width=\"842\" height=\"1334\" src=\"https:\/\/www.europesays.com\/fi\/wp-content\/uploads\/2025\/12\/pactt.webp.webp\" alt=\"\" class=\"wp-image-102439\"  \/>Nilun ja Janelyn v\u00e4lill\u00e4 tuli sanaharkkaa, kun Nilu puolusti Tegelbergi\u00e4. Kuva: IG: @pactexclusive<\/p>\n<p>My\u00f6hemmin Juhana kutsui Janely\u00e4 \u201ctuhdiksi muijaksi\u201d ja heitti per\u00e4\u00e4n, ett\u00e4 keih\u00e4\u00e4nheitto voisi olla h\u00e4nelle sopiva uravalinta. Lis\u00e4ksi Juhana totesi, ett\u00e4 laihtuminen saattaisi helpottaa naisen uniapneaa.<\/p>\n<p><img loading=\"lazy\" decoding=\"async\" width=\"666\" height=\"1096\" src=\"https:\/\/www.europesays.com\/fi\/wp-content\/uploads\/2025\/12\/pact2.webp.webp\" alt=\"\" class=\"wp-image-102438\"  \/>Juhana Tegelberg on tunteita her\u00e4tt\u00e4v\u00e4 ja v\u00e4rik\u00e4s hahmo. H\u00e4n sai my\u00f6s eniten yleis\u00f6\u00e4\u00e4ni\u00e4 keskiviikon \u00e4\u00e4nestyksess\u00e4 Kuva: Pacthouse \/ IG<\/p>\n<p><strong>Tuotanto tuomitsi ja antoi varoituksen<\/strong><\/p>\n<p>Janely sai teostaan virallisen varoituksen Pacthouse 2 -ohjelman tuotannolta, joka tuomitsi jyrk\u00e4sti juoman heitt\u00e4misen Tegelbergin p\u00e4\u00e4lle.<\/p>\n<p>Janely on useaan otteeseen ilmoittanut haluavansa poistua talosta vapaaehtoisesti, mutta toistaiseksi h\u00e4n ei ole vienyt uhkaustaan k\u00e4yt\u00e4nt\u00f6\u00f6n.<\/p>\n<p>Eilen v\u00e4hiten yleis\u00f6\u00e4\u00e4ni\u00e4 saanut <strong>Ella Toivainen<\/strong> h\u00e4\u00e4dettiin ulos talosta.<\/p>\n<blockquote class=\"instagram-media\" data-instgrm-captioned=\"\" data-instgrm-permalink=\"https:\/\/www.instagram.com\/reel\/DR0M9-YDXwf\/?utm_source=ig_embed&amp;utm_campaign=loading\" data-instgrm-version=\"14\" style=\" background:#FFF; border:0; border-radius:3px; box-shadow:0 0 1px 0 rgba(0,0,0,0.5),0 1px 10px 0 rgba(0,0,0,0.15); margin: 1px; max-width:540px; min-width:326px; padding:0; width:99.375%; width:-webkit-calc(100% - 2px); width:calc(100% - 2px);\"\/>\n<p><script async src=\"\/\/www.instagram.com\/embed.js\"><\/script><\/p>\n","protected":false},"excerpt":{"rendered":"Espanjan Marbellassa kuvattava ja Kick.comissa julkaistava realitysarja Pacthouse 2 on edennyt jo puoliv\u00e4liin, ja talossa alkaa todella tapahtua.&hellip;\n","protected":false},"author":2,"featured_media":107818,"comment_status":"","ping_status":"","sticky":false,"template":"","format":"standard","meta":{"footnotes":""},"categories":[136],"tags":[407,7881,137,33,31,30,19950,19951,19953,408,19954,19958,5230,32,109],"class_list":{"0":"post-107817","1":"post","2":"type-post","3":"status-publish","4":"format-standard","5":"has-post-thumbnail","7":"category-julkkikset","8":"tag-celebrities","9":"tag-draama","10":"tag-entertainment","11":"tag-fi","12":"tag-finland","13":"tag-finnish","14":"tag-ilari-sahamies","15":"tag-janely","16":"tag-juhana-tegelberg","17":"tag-julkkikset","18":"tag-kick-suomi","19":"tag-pacthouse","20":"tag-stagala","21":"tag-suomi","22":"tag-viihde"},"share_on_mastodon":{"url":"https:\/\/pubeurope.com\/@fi\/115663094918990773","error":""},"_links":{"self":[{"href":"https:\/\/www.europesays.com\/fi\/wp-json\/wp\/v2\/posts\/107817","targetHints":{"allow":["GET"]}}],"collection":[{"href":"https:\/\/www.europesays.com\/fi\/wp-json\/wp\/v2\/posts"}],"about":[{"href":"https:\/\/www.europesays.com\/fi\/wp-json\/wp\/v2\/types\/post"}],"author":[{"embeddable":true,"href":"https:\/\/www.europesays.com\/fi\/wp-json\/wp\/v2\/users\/2"}],"replies":[{"embeddable":true,"href":"https:\/\/www.europesays.com\/fi\/wp-json\/wp\/v2\/comments?post=107817"}],"version-history":[{"count":0,"href":"https:\/\/www.europesays.com\/fi\/wp-json\/wp\/v2\/posts\/107817\/revisions"}],"wp:featuredmedia":[{"embeddable":true,"href":"https:\/\/www.europesays.com\/fi\/wp-json\/wp\/v2\/media\/107818"}],"wp:attachment":[{"href":"https:\/\/www.europesays.com\/fi\/wp-json\/wp\/v2\/media?parent=107817"}],"wp:term":[{"taxonomy":"category","embeddable":true,"href":"https:\/\/www.europesays.com\/fi\/wp-json\/wp\/v2\/categories?post=107817"},{"taxonomy":"post_tag","embeddable":true,"href":"https:\/\/www.europesays.com\/fi\/wp-json\/wp\/v2\/tags?post=107817"}],"curies":[{"name":"wp","href":"https:\/\/api.w.org\/{rel}","templated":true}]}}