{"id":107823,"date":"2025-12-04T20:11:09","date_gmt":"2025-12-04T20:11:09","guid":{"rendered":"https:\/\/www.europesays.com\/fi\/107823\/"},"modified":"2025-12-04T20:11:09","modified_gmt":"2025-12-04T20:11:09","slug":"peter-kuolee-pian-viimeinen-toive-riistettiin","status":"publish","type":"post","link":"https:\/\/www.europesays.com\/fi\/107823\/","title":{"rendered":"Peter kuolee pian \u2013 Viimeinen toive riistettiin"},"content":{"rendered":"<p>Kuoleva hollantilaismies pettyi raskaasti.<\/p>\n<p><img decoding=\"async\" class=\"image image-show image-preview\" src=\"https:\/\/www.europesays.com\/fi\/wp-content\/uploads\/2025\/12\/0724318e351b9ad574f3afb64e0286afc843480a11f6ea2f6beeb56d48fa8ae3.jpg\" alt=\"\"\/><img decoding=\"async\" class=\"image image-show\" src=\"https:\/\/www.europesays.com\/fi\/wp-content\/uploads\/2025\/12\/1764879069_250_0724318e351b9ad574f3afb64e0286afc843480a11f6ea2f6beeb56d48fa8ae3.jpg\" alt=\"\"\/><\/p>\n<p>Ajaxin kotistadion ly\u00f6tiin s\u00e4ppiin fanien riehumisen vuoksi. AOP<\/p>\n<p class=\"paragraph\">Jalkapalloseura Ajaxin fanit riistiv\u00e4t kuolevan miehen viimeisen toiveen, brittilehti <a href=\"https:\/\/www.telegraph.co.uk\/football\/2025\/12\/02\/terminally-ill-ajax-fan-peter-stadium-rearranged-fixture\/\" target=\"_blank\" rel=\"noopener nofollow\">Telegraph<\/a> uutisoi.<\/p>\n<p class=\"paragraph\">Saattohoidossa oleva Ajax-kannattaja <strong>Peter<\/strong> oli esitt\u00e4nyt hoitajilleen toiveen, ett\u00e4 h\u00e4n p\u00e4\u00e4sisi viel\u00e4 kerran katsomaan suosikkijoukkueensa kotiottelua Johan Cruijff -areenalle.<\/p>\n<p class=\"paragraph\">Pyynt\u00f6 toteutettiin ja Peterille j\u00e4rjestettiin paikka stadionilta, mutta heti ottelun alussa peli jouduttiin keskeytt\u00e4m\u00e4\u00e4n.<\/p>\n<p class=\"paragraph\">Ajaxin fanit sytyttiv\u00e4t katsomossa soihtuja ja ilotulitteita ja viskoivat niit\u00e4 kent\u00e4lle. Ottelua ei ollut turvallista jatkaa, joten katsojat \u2013 Peter mukaan lukien \u2013 joutuivat l\u00e4htem\u00e4\u00e4n kotiin.<\/p>\n<p class=\"paragraph\">Ottelu pelattiin loppuun seuraavana p\u00e4iv\u00e4n\u00e4 tyhjille katsomoille. Peter haluttiin tuoda paikalle, mutta kun h\u00e4nt\u00e4 mentiin hakemaan, h\u00e4n oli jo niin huonossa kunnossa, ettei pystynyt l\u00e4htem\u00e4\u00e4n.<\/p>\n<p class=\"paragraph\">\u2013 Peter on pelannut jalkapalloa koko ik\u00e4ns\u00e4 ja toiminut my\u00f6s tuomarina. Jalkapallo on h\u00e4nen koko el\u00e4m\u00e4ns\u00e4, joten saattohoidossa haluttiin, ett\u00e4 h\u00e4n n\u00e4kisi viel\u00e4 yhden pelin, hyv\u00e4ntekev\u00e4isyysj\u00e4rjest\u00f6 kommentoi tapahtunutta.<\/p>\n<p class=\"paragraph\">\u2013 Peter oli todella pettynyt, kun ottelu peruttiin. T\u00e4m\u00e4 on eritt\u00e4in turhauttavaa.<\/p>\n<p>T\u00e4lt\u00e4 stadionilla n\u00e4ytti, kun ottelu peruttiin. AOP<\/p>\n","protected":false},"excerpt":{"rendered":"Kuoleva hollantilaismies pettyi raskaasti. Ajaxin kotistadion ly\u00f6tiin s\u00e4ppiin fanien riehumisen vuoksi. AOP Jalkapalloseura Ajaxin fanit riistiv\u00e4t kuolevan miehen&hellip;\n","protected":false},"author":2,"featured_media":107824,"comment_status":"","ping_status":"","sticky":false,"template":"","format":"standard","meta":{"footnotes":""},"categories":[158],"tags":[35,33,31,30,43,42,1745,41,103,159,32,160],"class_list":{"0":"post-107823","1":"post","2":"type-post","3":"status-publish","4":"format-standard","5":"has-post-thumbnail","7":"category-urheilu","8":"tag-24h","9":"tag-fi","10":"tag-finland","11":"tag-finnish","12":"tag-jalkapallo","13":"tag-jalkapalloon-perustuvat-lajit","14":"tag-jalkapallopelaajat","15":"tag-liikunta-ja-urheilu","16":"tag-sosiaalikysymykset","17":"tag-sports","18":"tag-suomi","19":"tag-urheilu"},"share_on_mastodon":{"url":"https:\/\/pubeurope.com\/@fi\/115663122695364755","error":""},"_links":{"self":[{"href":"https:\/\/www.europesays.com\/fi\/wp-json\/wp\/v2\/posts\/107823","targetHints":{"allow":["GET"]}}],"collection":[{"href":"https:\/\/www.europesays.com\/fi\/wp-json\/wp\/v2\/posts"}],"about":[{"href":"https:\/\/www.europesays.com\/fi\/wp-json\/wp\/v2\/types\/post"}],"author":[{"embeddable":true,"href":"https:\/\/www.europesays.com\/fi\/wp-json\/wp\/v2\/users\/2"}],"replies":[{"embeddable":true,"href":"https:\/\/www.europesays.com\/fi\/wp-json\/wp\/v2\/comments?post=107823"}],"version-history":[{"count":0,"href":"https:\/\/www.europesays.com\/fi\/wp-json\/wp\/v2\/posts\/107823\/revisions"}],"wp:featuredmedia":[{"embeddable":true,"href":"https:\/\/www.europesays.com\/fi\/wp-json\/wp\/v2\/media\/107824"}],"wp:attachment":[{"href":"https:\/\/www.europesays.com\/fi\/wp-json\/wp\/v2\/media?parent=107823"}],"wp:term":[{"taxonomy":"category","embeddable":true,"href":"https:\/\/www.europesays.com\/fi\/wp-json\/wp\/v2\/categories?post=107823"},{"taxonomy":"post_tag","embeddable":true,"href":"https:\/\/www.europesays.com\/fi\/wp-json\/wp\/v2\/tags?post=107823"}],"curies":[{"name":"wp","href":"https:\/\/api.w.org\/{rel}","templated":true}]}}