{"id":107829,"date":"2025-12-04T20:16:15","date_gmt":"2025-12-04T20:16:15","guid":{"rendered":"https:\/\/www.europesays.com\/fi\/107829\/"},"modified":"2025-12-04T20:16:15","modified_gmt":"2025-12-04T20:16:15","slug":"lehti-salainen-puhelu-vuoti-julkisuuteen-nain-stubb-kommentoi-trumpin-edustajia-iltalehti","status":"publish","type":"post","link":"https:\/\/www.europesays.com\/fi\/107829\/","title":{"rendered":"Lehti: Salainen puhelu vuoti julkisuuteen \u2013 N\u00e4in Stubb kommentoi Trumpin edustajia &#8211; Iltalehti"},"content":{"rendered":"<ol>\n<li><a href=\"https:\/\/news.google.com\/rss\/articles\/CBMifEFVX3lxTFBYUzY4ODVqamNrR0l0U3RIOGlVcGRxQ0lyNmtFUEctWTg2Y3V4eDdmV3k1Zlk0TDFWWHl2VXloV2YtbXJfS3Q1MXQtVkRMOU1aTmdKZzhvSEpDTWJRWkU0SVdVU1F4ckRMbEd2Q0RKNVpiWlNTUnpuamUzMEo?oc=5\" target=\"_blank\" rel=\"nofollow noopener\">Lehti: Salainen puhelu vuoti julkisuuteen \u2013 N\u00e4in Stubb kommentoi Trumpin edustajia<\/a>&nbsp;&nbsp;Iltalehti<\/li>\n<li><a href=\"https:\/\/news.google.com\/rss\/articles\/CBMiXkFVX3lxTE5xbmdVS296YUxuR203Xy1kdkFYZDFLWmJFVDEyZWpBVGtLMW5RTmxjVm5Pd2VpUENJY3cwb09xT0JFTUdFbUJoUF9HbTdXYU81UWVaRE9wVzhLUEZsS3c?oc=5\" target=\"_blank\" rel=\"nofollow noopener\">Lehti: Stubbilta varoitus \u2013 Yhdysvallat pelaa kaksin kortein<\/a>&nbsp;&nbsp;Ilta-Sanomat<\/li>\n<li><a href=\"https:\/\/news.google.com\/rss\/articles\/CBMiQkFVX3lxTFBDOTFNVjR3QU54b0dILTJaaFpVYi1KY3M1UDAtUnc3T1lxeUhKeWFJUXBvZUVfV2EtUHdrMnJfLTBadw?oc=5\" target=\"_blank\" rel=\"nofollow noopener\">Der Spiegel: \u201dEmme voi j\u00e4tt\u00e4\u00e4 Ukrainaa ja Volodymyri\u00e4 yksin n\u00e4iden kaverien kanssa\u201d, sanoi Stubb vuodetussa puhelussa<\/a>&nbsp;&nbsp;Yle<\/li>\n<li><a href=\"https:\/\/news.google.com\/rss\/articles\/CBMiXEFVX3lxTFBkaklKRG5leEJpSWQ1ZThSa29PSWVXRENXeldYSTlxeV9wVnZyZWIxR0FnSXVTTnJnSHdJYV9jVUZ5RmNOWThGelllb3pSZ05kV0c1X3VpcTVrdWdV?oc=5\" target=\"_blank\" rel=\"nofollow noopener\">Der Spiegel: Euroopan johtajien puhelusta paljastui syv\u00e4 ep\u00e4luottamus Trumpin neuvottelijoita kohtaan<\/a>&nbsp;&nbsp;HS.fi<\/li>\n<li><a href=\"https:\/\/news.google.com\/rss\/articles\/CBMiV0FVX3lxTE9ScXZjQUhjelJ4ZVY1WE9DbEFxZXRVTnpOdEFIY0JXSzlfU1AwaEh3RFNkcDFwRU02aXBCZkRBNHotNzY2LWNZYVk4VnNNT1dOZ2VXTHNfcw?oc=5\" target=\"_blank\" rel=\"nofollow noopener\">Lehti: Euroopan johtajat pelk\u00e4\u00e4v\u00e4t Yhdysvaltojen pett\u00e4v\u00e4n Ukrainan \u2013 my\u00f6s Stubbilta varoitus<\/a>&nbsp;&nbsp;Keskisuomalainen<\/li>\n<\/ol>\n","protected":false},"excerpt":{"rendered":"Lehti: Salainen puhelu vuoti julkisuuteen \u2013 N\u00e4in Stubb kommentoi Trumpin edustajia&nbsp;&nbsp;Iltalehti Lehti: Stubbilta varoitus \u2013 Yhdysvallat pelaa kaksin&hellip;\n","protected":false},"author":2,"featured_media":107830,"comment_status":"","ping_status":"","sticky":false,"template":"","format":"standard","meta":{"footnotes":""},"categories":[14],"tags":[35,22,23,26,27,33,31,30,17,24,25,28,29,15,18,21,142,637,144,886,32,19,20,56,16,638,59,60,61],"class_list":{"0":"post-107829","1":"post","2":"type-post","3":"status-publish","4":"format-standard","5":"has-post-thumbnail","7":"category-ulkomaat","8":"tag-24h","9":"tag-breaking-news","10":"tag-breakingnews","11":"tag-featured-news","12":"tag-featurednews","13":"tag-fi","14":"tag-finland","15":"tag-finnish","16":"tag-headlines","17":"tag-latest-news","18":"tag-latestnews","19":"tag-main-news","20":"tag-mainnews","21":"tag-news","22":"tag-otsikot","23":"tag-paauutiset","24":"tag-poliitikot","25":"tag-politiikka","26":"tag-presidentti","27":"tag-puolueet","28":"tag-suomi","29":"tag-top-stories","30":"tag-topstories","31":"tag-ulkomaat","32":"tag-uutiset","33":"tag-valtiovalta","34":"tag-world","35":"tag-world-news","36":"tag-worldnews"},"share_on_mastodon":{"url":"https:\/\/pubeurope.com\/@fi\/115663141884153673","error":""},"_links":{"self":[{"href":"https:\/\/www.europesays.com\/fi\/wp-json\/wp\/v2\/posts\/107829","targetHints":{"allow":["GET"]}}],"collection":[{"href":"https:\/\/www.europesays.com\/fi\/wp-json\/wp\/v2\/posts"}],"about":[{"href":"https:\/\/www.europesays.com\/fi\/wp-json\/wp\/v2\/types\/post"}],"author":[{"embeddable":true,"href":"https:\/\/www.europesays.com\/fi\/wp-json\/wp\/v2\/users\/2"}],"replies":[{"embeddable":true,"href":"https:\/\/www.europesays.com\/fi\/wp-json\/wp\/v2\/comments?post=107829"}],"version-history":[{"count":0,"href":"https:\/\/www.europesays.com\/fi\/wp-json\/wp\/v2\/posts\/107829\/revisions"}],"wp:featuredmedia":[{"embeddable":true,"href":"https:\/\/www.europesays.com\/fi\/wp-json\/wp\/v2\/media\/107830"}],"wp:attachment":[{"href":"https:\/\/www.europesays.com\/fi\/wp-json\/wp\/v2\/media?parent=107829"}],"wp:term":[{"taxonomy":"category","embeddable":true,"href":"https:\/\/www.europesays.com\/fi\/wp-json\/wp\/v2\/categories?post=107829"},{"taxonomy":"post_tag","embeddable":true,"href":"https:\/\/www.europesays.com\/fi\/wp-json\/wp\/v2\/tags?post=107829"}],"curies":[{"name":"wp","href":"https:\/\/api.w.org\/{rel}","templated":true}]}}