{"id":107852,"date":"2025-12-04T20:56:10","date_gmt":"2025-12-04T20:56:10","guid":{"rendered":"https:\/\/www.europesays.com\/fi\/107852\/"},"modified":"2025-12-04T20:56:10","modified_gmt":"2025-12-04T20:56:10","slug":"saattaisit-kadota-tai-saada-luodista-nayttelijaparin-entinen-ystava-haastaa-will-smithin-vaimon-oikeuteen","status":"publish","type":"post","link":"https:\/\/www.europesays.com\/fi\/107852\/","title":{"rendered":"&#8221;Saattaisit kadota tai saada luodista&#8221; \u2013 N\u00e4yttelij\u00e4parin entinen yst\u00e4v\u00e4 haastaa Will Smithin vaimon oikeuteen"},"content":{"rendered":"<p>Bilaal Salaam on haastanut Jada Pinkett Smithin oikeuteen.<\/p>\n<p><img decoding=\"async\" class=\"image image-show image-preview\" src=\"https:\/\/www.europesays.com\/fi\/wp-content\/uploads\/2025\/12\/2d2a8204283e6db14cb187f55a84375b8928e4fe5234f9b1708d7ff073ef4b95.jpg\" alt=\"\"\/><img decoding=\"async\" class=\"image image-show\" src=\"https:\/\/www.europesays.com\/fi\/wp-content\/uploads\/2025\/12\/1764881770_724_2d2a8204283e6db14cb187f55a84375b8928e4fe5234f9b1708d7ff073ef4b95.jpg\" alt=\"\"\/><\/p>\n<p>Smithien perhe on ollut vuosien varrella useiden kohujen keskell\u00e4. AOP<\/p>\n<p class=\"paragraph\">N\u00e4yttelij\u00e4 ja r\u00e4pp\u00e4ri <a href=\"https:\/\/www.iltalehti.fi\/henkilot\/Will Smith\" class=\"article-link-person-page\" rel=\"nofollow noopener\" target=\"_blank\">Will Smithin<\/a> parhaaksi yst\u00e4v\u00e4ksi kuvailtu <strong>Bilaal Salaam<\/strong> on haastanut h\u00e4nen vaimonsa, n\u00e4yttelij\u00e4 <strong>Jada Pinkett Smithin<\/strong>, oikeuteen, kertoo <a href=\"https:\/\/www.mirror.co.uk\/3am\/celebrity-news\/jada-smith-being-sued-smiths-36338217\" target=\"_blank\" rel=\"noopener nofollow\">Mirror<\/a>.<\/p>\n<p class=\"paragraph\">Lehden mukaan h\u00e4n vaatii n\u00e4yttelij\u00e4lt\u00e4 3 miljoonan dollarin (n. 2,6 miljoonaa euroa) korvausta v\u00e4itt\u00e4en, ett\u00e4 Pinkett Smith uhkasi h\u00e4nt\u00e4 fyysisesti nelj\u00e4 vuotta sitten.<\/p>\n<p class=\"paragraph\">T\u00e4ll\u00e4 viikolla j\u00e4tetyss\u00e4 haasteessa v\u00e4itet\u00e4\u00e4n, ett\u00e4 Pinkett Smith kohtasi Salaamin elokuvateatterin aulassa syyskuussa 2021 Smithin yksityisill\u00e4 53-vuotissyntym\u00e4p\u00e4iv\u00e4juhlilla. Salaamin mukaan Pinkett Smithill\u00e4 oli tuolloin mukanaan noin seitsem\u00e4n hengen saattue.<\/p>\n<p class=\"paragraph\">Salaam v\u00e4itt\u00e4\u00e4, ett\u00e4 Pinkett Smith ryhtyi verbaalisesti aggressiiviseksi ja uhkasi h\u00e4nt\u00e4 sanoen, ett\u00e4 jos h\u00e4n ei lopettaisi \u201dhenkil\u00f6kohtaisten asioiden kertomista\u201d, h\u00e4n \u201dsaattaisi kadota tai saada luodista\u201d.<\/p>\n<p class=\"paragraph\">H\u00e4n v\u00e4itt\u00e4\u00e4 my\u00f6s, ett\u00e4 Pinkett Smith vaati h\u00e4nt\u00e4 allekirjoittamaan salassapitosopimuksen. Kanteessa kerrotaan, ett\u00e4 h\u00e4nen tiimins\u00e4 seurasi Salaamia h\u00e4nen autolleen jatkaessaan \u201dverbaalisia uhkauksia\u201d.<\/p>\n<p>Will ja Jada ovat pit\u00e4neet yht\u00e4 jo melkein 20 vuotta. AOP<\/p>\n<p class=\"paragraph\">Salaam kertoo aikovansa kirjoittaa \u201dilmiantajan muistelmateoksen\u201d kokemuksistaan pariskunnan ymp\u00e4rill\u00e4, ja h\u00e4n kertoo kokeneensa lis\u00e4uhkauksia t\u00e4m\u00e4n seurauksena.<\/p>\n<p class=\"paragraph\">Salaam on sanonut k\u00e4rsineens\u00e4 taloudellisesta menetyksest\u00e4, henkisest\u00e4 ahdistuksesta, fyysisist\u00e4 terveysongelmista sek\u00e4 mainehaitasta ja kokeneensa \u201dhenkil\u00f6kohtaisen el\u00e4m\u00e4ns\u00e4 ja uransa t\u00e4ydellisen raiteiltaan suistumisen\u201d.<\/p>\n<p class=\"paragraph\">Salaam on aiemminkin esitt\u00e4nyt erilaisia v\u00e4itteit\u00e4 Smithien perheest\u00e4. Vuonna 2023 h\u00e4n v\u00e4itti mediapersoona <a href=\"https:\/\/www.iltalehti.fi\/henkilot\/Tasha K\" class=\"article-link-person-page\" rel=\"nofollow noopener\" target=\"_blank\">Tasha K<\/a>:n podcastissa, ett\u00e4 Smith olisi harrastanut seksi\u00e4 n\u00e4yttelij\u00e4 <a href=\"https:\/\/www.iltalehti.fi\/henkilot\/Duane Martin\" class=\"article-link-person-page\" rel=\"nofollow noopener\" target=\"_blank\">Duane Martinin<\/a> kanssa vuosia sitten. Salaamin mukaan h\u00e4n olisi tuolloin l\u00f6yt\u00e4nyt miehet harrastamassa seksi\u00e4 Martinin pukuhuoneessa er\u00e4\u00e4n Hollywood-tuotannon kulisseissa.<\/p>\n<p class=\"paragraph\">\u2013\u2009H\u00e4n oli kuin peura ajovaloissa. H\u00e4n kiroili n\u00e4hdess\u00e4\u00e4n minut, Salaam v\u00e4itti Smithin reagoineen.<\/p>\n<p class=\"paragraph\">Smith kiisti Salaamin esitt\u00e4m\u00e4t v\u00e4itteet.<\/p>\n<p class=\"paragraph\">\u2013\u2009V\u00e4itteet ovat t\u00e4ytt\u00e4 valhetta, Smithin edustaja kommentoi <a href=\"https:\/\/www.tmz.com\/2023\/11\/14\/will-smith-duane-martin-sex-relationship-denies-allegation-false\/\" target=\"_blank\" rel=\"noopener nofollow\">TMZ:lle<\/a> vuonna 2023.<\/p>\n<p class=\"paragraph\">Lis\u00e4ksi TMZ:n l\u00e4hde kertoi Smithin harkitsevan oikeustoimia asiassa.<\/p>\n","protected":false},"excerpt":{"rendered":"Bilaal Salaam on haastanut Jada Pinkett Smithin oikeuteen. Smithien perhe on ollut vuosien varrella useiden kohujen keskell\u00e4. AOP&hellip;\n","protected":false},"author":2,"featured_media":107853,"comment_status":"","ping_status":"","sticky":false,"template":"","format":"standard","meta":{"footnotes":""},"categories":[136],"tags":[35,138,407,137,33,31,30,408,47,141,32,484,140,109],"class_list":{"0":"post-107852","1":"post","2":"type-post","3":"status-publish","4":"format-standard","5":"has-post-thumbnail","7":"category-julkkikset","8":"tag-24h","9":"tag-audio","10":"tag-celebrities","11":"tag-entertainment","12":"tag-fi","13":"tag-finland","14":"tag-finnish","15":"tag-julkkikset","16":"tag-musiikki","17":"tag-muusikot-bandit","18":"tag-suomi","19":"tag-taiteellinen-ilmaisu-ja-mediat","20":"tag-tv-ja-elokuvat","21":"tag-viihde"},"share_on_mastodon":{"url":"https:\/\/pubeurope.com\/@fi\/115663299336129995","error":""},"_links":{"self":[{"href":"https:\/\/www.europesays.com\/fi\/wp-json\/wp\/v2\/posts\/107852","targetHints":{"allow":["GET"]}}],"collection":[{"href":"https:\/\/www.europesays.com\/fi\/wp-json\/wp\/v2\/posts"}],"about":[{"href":"https:\/\/www.europesays.com\/fi\/wp-json\/wp\/v2\/types\/post"}],"author":[{"embeddable":true,"href":"https:\/\/www.europesays.com\/fi\/wp-json\/wp\/v2\/users\/2"}],"replies":[{"embeddable":true,"href":"https:\/\/www.europesays.com\/fi\/wp-json\/wp\/v2\/comments?post=107852"}],"version-history":[{"count":0,"href":"https:\/\/www.europesays.com\/fi\/wp-json\/wp\/v2\/posts\/107852\/revisions"}],"wp:featuredmedia":[{"embeddable":true,"href":"https:\/\/www.europesays.com\/fi\/wp-json\/wp\/v2\/media\/107853"}],"wp:attachment":[{"href":"https:\/\/www.europesays.com\/fi\/wp-json\/wp\/v2\/media?parent=107852"}],"wp:term":[{"taxonomy":"category","embeddable":true,"href":"https:\/\/www.europesays.com\/fi\/wp-json\/wp\/v2\/categories?post=107852"},{"taxonomy":"post_tag","embeddable":true,"href":"https:\/\/www.europesays.com\/fi\/wp-json\/wp\/v2\/tags?post=107852"}],"curies":[{"name":"wp","href":"https:\/\/api.w.org\/{rel}","templated":true}]}}