{"id":107860,"date":"2025-12-04T21:07:09","date_gmt":"2025-12-04T21:07:09","guid":{"rendered":"https:\/\/www.europesays.com\/fi\/107860\/"},"modified":"2025-12-04T21:07:09","modified_gmt":"2025-12-04T21:07:09","slug":"hv71n-oskar-stal-lyrenas-makasi-liikkumattomana-jaassa","status":"publish","type":"post","link":"https:\/\/www.europesays.com\/fi\/107860\/","title":{"rendered":"HV71:n Oskar St\u00e5l Lyren\u00e4s makasi liikkumattomana j\u00e4\u00e4ss\u00e4"},"content":{"rendered":"<p><strong class=\"typography-bold\">HV71:n Oskar St\u00e5l Lyren\u00e4s loukkaantui pelottavasti Ruotsin j\u00e4\u00e4kiekon p\u00e4\u00e4sarjan SHL:n ottelussa.<\/strong><\/p>\n<p>HV71:n ja Skellefte\u00e5n v\u00e4lisess\u00e4 SHL-ottelussa oli torstaina k\u00e4ynniss\u00e4 toinen er\u00e4, kun HV71:n Oskar St\u00e5l Lyren\u00e4s loukkaantui pahasti.<\/p>\n<p>St\u00e5l Lyren\u00e4s oli juuri ampunut laukauksen hy\u00f6kk\u00e4ysalueella, kun <strong class=\"typography-bold\">Arvid Lundbergin<\/strong> taklasi h\u00e4nt\u00e4. St\u00e5l Lyren\u00e4s lensi kovaa laitaan.<\/p>\n<p>27-vuotias ruotsalaishy\u00f6kk\u00e4\u00e4j\u00e4 makasi liikkumattomana j\u00e4\u00e4ss\u00e4. Halli hiljeni.<\/p>\n<p>\u2013 N\u00e4ytt\u00e4\u00e4 todella pahalta, TV4:n selostaja <strong class=\"typography-bold\">Patrik Westberg<\/strong> sanoi <a class=\"underline\" data-testid=\"external-link\" href=\"https:\/\/www.expressen.se\/sport\/hockey\/shl\/skrackskada-pa-hv71-forwarden-oskar-stal-lyrenas\/\" rel=\"noopener noreferrer nofollow\" target=\"_blank\" data-sentry-component=\"ExternalLink\" data-sentry-source-file=\"ExternalLink.tsx\">Expressenin mukaan<\/a>.<\/p>\n<p>St\u00e5l Lyren\u00e4s kannettiin paareilla pois. H\u00e4n sai <a class=\"underline\" data-testid=\"external-link\" href=\"https:\/\/www.aftonbladet.se\/sportbladet\/hockey\/a\/d4dlpJ\/otacka-bilder-stal-lyrenas-skadad\" rel=\"noopener noreferrer nofollow\" target=\"_blank\" data-sentry-component=\"ExternalLink\" data-sentry-source-file=\"ExternalLink.tsx\">Aftonbladetin mukaan<\/a> suuret aplodit. Peli oli pitk\u00e4\u00e4n keskeytyksiss\u00e4 ennen kuin sit\u00e4 jatkettiin j\u00e4lleen.<\/p>\n<p>St\u00e5l Lyren\u00e4s on viety sairaalaan jatkotutkimuksiin. H\u00e4nen on kerrottu olleen hereill\u00e4 ja pystyneen puhumaan.<\/p>\n<p>St\u00e5l Lyren\u00e4s pelaa kolmatta kauttaan HV71:ss\u00e4. H\u00e4n on voittanut j\u00e4\u00e4kiekon Mestarien liigan CHL:n R\u00f6glen joukkueessa kaudella 2021\u2013<\/p>\n","protected":false},"excerpt":{"rendered":"HV71:n Oskar St\u00e5l Lyren\u00e4s loukkaantui pelottavasti Ruotsin j\u00e4\u00e4kiekon p\u00e4\u00e4sarjan SHL:n ottelussa. HV71:n ja Skellefte\u00e5n v\u00e4lisess\u00e4 SHL-ottelussa oli torstaina&hellip;\n","protected":false},"author":2,"featured_media":107861,"comment_status":"","ping_status":"","sticky":false,"template":"","format":"standard","meta":{"footnotes":""},"categories":[76],"tags":[79,77,33,31,30,32,78],"class_list":{"0":"post-107860","1":"post","2":"type-post","3":"status-publish","4":"format-standard","5":"has-post-thumbnail","7":"category-talous","8":"tag-business","9":"tag-economy","10":"tag-fi","11":"tag-finland","12":"tag-finnish","13":"tag-suomi","14":"tag-talous"},"share_on_mastodon":{"url":"https:\/\/pubeurope.com\/@fi\/115663342937973242","error":""},"_links":{"self":[{"href":"https:\/\/www.europesays.com\/fi\/wp-json\/wp\/v2\/posts\/107860","targetHints":{"allow":["GET"]}}],"collection":[{"href":"https:\/\/www.europesays.com\/fi\/wp-json\/wp\/v2\/posts"}],"about":[{"href":"https:\/\/www.europesays.com\/fi\/wp-json\/wp\/v2\/types\/post"}],"author":[{"embeddable":true,"href":"https:\/\/www.europesays.com\/fi\/wp-json\/wp\/v2\/users\/2"}],"replies":[{"embeddable":true,"href":"https:\/\/www.europesays.com\/fi\/wp-json\/wp\/v2\/comments?post=107860"}],"version-history":[{"count":0,"href":"https:\/\/www.europesays.com\/fi\/wp-json\/wp\/v2\/posts\/107860\/revisions"}],"wp:featuredmedia":[{"embeddable":true,"href":"https:\/\/www.europesays.com\/fi\/wp-json\/wp\/v2\/media\/107861"}],"wp:attachment":[{"href":"https:\/\/www.europesays.com\/fi\/wp-json\/wp\/v2\/media?parent=107860"}],"wp:term":[{"taxonomy":"category","embeddable":true,"href":"https:\/\/www.europesays.com\/fi\/wp-json\/wp\/v2\/categories?post=107860"},{"taxonomy":"post_tag","embeddable":true,"href":"https:\/\/www.europesays.com\/fi\/wp-json\/wp\/v2\/tags?post=107860"}],"curies":[{"name":"wp","href":"https:\/\/api.w.org\/{rel}","templated":true}]}}