{"id":107864,"date":"2025-12-04T21:09:08","date_gmt":"2025-12-04T21:09:08","guid":{"rendered":"https:\/\/www.europesays.com\/fi\/107864\/"},"modified":"2025-12-04T21:09:08","modified_gmt":"2025-12-04T21:09:08","slug":"ilmari-nurminen-kuntaliiton-hallituksen-johtoon","status":"publish","type":"post","link":"https:\/\/www.europesays.com\/fi\/107864\/","title":{"rendered":"Ilmari Nurminen Kuntaliiton hallituksen johtoon"},"content":{"rendered":"<p>Kuntaliiton hallitukseen valittiin my\u00f6s muita tamperelaisia luottamushenkil\u00f6it\u00e4.<\/p>\n<p class=\"article-body mb-nof-24 px-nof-16\">Aamulehti<\/p>\n<p class=\"article-body mb-nof-24 px-nof-16\">Tampereen pormestari <a class=\"article-personlink\" href=\"https:\/\/www.aamulehti.fi\/haku\/?query=Ilmari%20Nurminen\" rel=\"nofollow noopener\" target=\"_blank\">Ilmari Nurminen<\/a> (sd.) on valittu Kuntaliiton hallituksen puheenjohtajaksi torstaina 4. joulukuuta. Hallituksen ensimm\u00e4inen varapuheenjohtaja on <a class=\"article-personlink\" href=\"https:\/\/www.aamulehti.fi\/haku\/?query=Henrik%20Vuornos\" rel=\"nofollow noopener\" target=\"_blank\">Henrik Vuornos <\/a>(kok.) Espoosta ja toinen varapuheenjohtaja kansanedustaja <a class=\"article-personlink\" href=\"https:\/\/www.aamulehti.fi\/haku\/?query=Petri%20Honkonen\" rel=\"nofollow noopener\" target=\"_blank\">Petri Honkonen<\/a> (kesk.) Saarij\u00e4rvelt\u00e4.<\/p>\n<p class=\"article-body mb-nof-24 px-nof-16\">Kuntaliiton hallitukseen valittiin my\u00f6s muita tamperelaisia luottamushenkil\u00f6it\u00e4: apulaispormestari <a class=\"article-personlink\" href=\"https:\/\/www.aamulehti.fi\/haku\/?query=Jaakko%20Mustakallio\" rel=\"nofollow noopener\" target=\"_blank\">Jaakko Mustakallio<\/a> (vihr.) ja kaupunginvaltuuston 3. varapuheenjohtaja, valtuutettu <a class=\"article-personlink\" href=\"https:\/\/www.aamulehti.fi\/haku\/?query=Minna%20Minkkinen\" rel=\"nofollow noopener\" target=\"_blank\">Minna Minkkinen<\/a> (vas.). Varaj\u00e4seneksi valittiin apulaispormestari <a class=\"article-personlink\" href=\"https:\/\/www.aamulehti.fi\/haku\/?query=Anne-Mari%20Jussila\" rel=\"nofollow noopener\" target=\"_blank\">Anne-Mari Jussila<\/a> (kok.).<\/p>\n<p class=\"article-body mb-nof-24 px-nof-16\">Kuntaliiton hallitus vastaa kuntien etuj\u00e4rjest\u00f6n Kuntaliiton hallinnosta ja taloudesta. Valinnat teki Kuntaliiton valtuuskunta.<\/p>\n","protected":false},"excerpt":{"rendered":"Kuntaliiton hallitukseen valittiin my\u00f6s muita tamperelaisia luottamushenkil\u00f6it\u00e4. Aamulehti Tampereen pormestari Ilmari Nurminen (sd.) on valittu Kuntaliiton hallituksen puheenjohtajaksi&hellip;\n","protected":false},"author":2,"featured_media":107865,"comment_status":"","ping_status":"","sticky":false,"template":"","format":"standard","meta":{"footnotes":""},"categories":[12],"tags":[157,22,23,26,27,33,31,30,17,24,25,28,29,15,18,21,32,19,20,16],"class_list":{"0":"post-107864","1":"post","2":"type-post","3":"status-publish","4":"format-standard","5":"has-post-thumbnail","7":"category-suomi","8":"tag-aamulehti","9":"tag-breaking-news","10":"tag-breakingnews","11":"tag-featured-news","12":"tag-featurednews","13":"tag-fi","14":"tag-finland","15":"tag-finnish","16":"tag-headlines","17":"tag-latest-news","18":"tag-latestnews","19":"tag-main-news","20":"tag-mainnews","21":"tag-news","22":"tag-otsikot","23":"tag-paauutiset","24":"tag-suomi","25":"tag-top-stories","26":"tag-topstories","27":"tag-uutiset"},"share_on_mastodon":{"url":"","error":""},"_links":{"self":[{"href":"https:\/\/www.europesays.com\/fi\/wp-json\/wp\/v2\/posts\/107864","targetHints":{"allow":["GET"]}}],"collection":[{"href":"https:\/\/www.europesays.com\/fi\/wp-json\/wp\/v2\/posts"}],"about":[{"href":"https:\/\/www.europesays.com\/fi\/wp-json\/wp\/v2\/types\/post"}],"author":[{"embeddable":true,"href":"https:\/\/www.europesays.com\/fi\/wp-json\/wp\/v2\/users\/2"}],"replies":[{"embeddable":true,"href":"https:\/\/www.europesays.com\/fi\/wp-json\/wp\/v2\/comments?post=107864"}],"version-history":[{"count":0,"href":"https:\/\/www.europesays.com\/fi\/wp-json\/wp\/v2\/posts\/107864\/revisions"}],"wp:featuredmedia":[{"embeddable":true,"href":"https:\/\/www.europesays.com\/fi\/wp-json\/wp\/v2\/media\/107865"}],"wp:attachment":[{"href":"https:\/\/www.europesays.com\/fi\/wp-json\/wp\/v2\/media?parent=107864"}],"wp:term":[{"taxonomy":"category","embeddable":true,"href":"https:\/\/www.europesays.com\/fi\/wp-json\/wp\/v2\/categories?post=107864"},{"taxonomy":"post_tag","embeddable":true,"href":"https:\/\/www.europesays.com\/fi\/wp-json\/wp\/v2\/tags?post=107864"}],"curies":[{"name":"wp","href":"https:\/\/api.w.org\/{rel}","templated":true}]}}