{"id":107866,"date":"2025-12-04T21:10:10","date_gmt":"2025-12-04T21:10:10","guid":{"rendered":"https:\/\/www.europesays.com\/fi\/107866\/"},"modified":"2025-12-04T21:10:10","modified_gmt":"2025-12-04T21:10:10","slug":"putin-viihtyy-intiassa-koska-se-on-liittolaisena-jattimaisen-suuri","status":"publish","type":"post","link":"https:\/\/www.europesays.com\/fi\/107866\/","title":{"rendered":"Putin viihtyy Intiassa, koska se on liittolaisena j\u00e4ttim\u00e4isen suuri"},"content":{"rendered":"<p>Ven\u00e4j\u00e4n liittolaiset|New Delhiss\u00e4 neuvotellaan valtavista \u00f6ljy- ja asekaupoista.<\/p>\n<p>Lue tiivistelm\u00e4<\/p>\n<p>Tiivistelm\u00e4 on teko\u00e4lyn tekem\u00e4 ja ihmisen tarkistama.<\/p>\n<p class=\"article-body mb-nof-24 px-nof-16 sndp-summary-bullet-point-font\">Ven\u00e4j\u00e4n presidentti Vladimir Putin vierailee Intiassa ja tapaa p\u00e4\u00e4ministeri Narendra Modin New Delhiss\u00e4.<\/p>\n<p class=\"article-body mb-nof-24 px-nof-16 sndp-summary-bullet-point-font\">Maiden johtajat neuvottelevat \u00f6ljy- ja asekaupoista. Intia ostaa 35 prosenttia \u00f6ljyst\u00e4\u00e4n Ven\u00e4j\u00e4lt\u00e4.<\/p>\n<p class=\"article-body mb-nof-24 px-nof-16 sndp-summary-bullet-point-font\">Intia on Ven\u00e4j\u00e4lle t\u00e4rke\u00e4 kumppani, koska se on maailman v\u00e4kirikkain maa ja sen talous kasvaa nopeasti.<\/p>\n<p class=\"article-body mb-nof-24 px-nof-16 sndp-summary-bullet-point-font\">Yhdysvallat on painostanut Intiaa v\u00e4hent\u00e4m\u00e4\u00e4n \u00f6ljyostojaan Ven\u00e4j\u00e4lt\u00e4 muun muassa tullien avulla.<\/p>\n<p class=\"article-body mb-nof-24 px-nof-16\">Ven\u00e4j\u00e4n johtaja <a class=\"article-personlink\" href=\"https:\/\/www.hs.fi\/haku\/?query=Vladimir%20Putin\" rel=\"nofollow noopener\" target=\"_blank\">Vladimir Putin<\/a> on t\u00e4ll\u00e4 viikolla kuin vaivihkaa tehnyt paluuta maailmanpolitiikan valokeilaan.<\/p>\n<p class=\"article-body mb-nof-24 px-nof-16\">Tiistaina h\u00e4n otti Kremliss\u00e4 vastaan Yhdysvaltojen Ukrainaan rauhaa neuvottelevat <a class=\"article-personlink\" href=\"https:\/\/www.hs.fi\/haku\/?query=Steve%20Witkoffin\" rel=\"nofollow noopener\" target=\"_blank\">Steve Witkoffin<\/a> ja <a class=\"article-personlink\" href=\"https:\/\/www.hs.fi\/haku\/?query=Jared%20Kushnerin\" rel=\"nofollow noopener\" target=\"_blank\">Jared Kushnerin<\/a>.<\/p>\n<p class=\"article-body mb-nof-24 px-nof-16\">Torstaina Intian p\u00e4\u00e4ministeri <a class=\"article-personlink\" href=\"https:\/\/www.hs.fi\/haku\/?query=Narendra%20Modi\" rel=\"nofollow noopener\" target=\"_blank\">Narendra Modi<\/a> kaappasi Putinin New Delhin lentokent\u00e4ll\u00e4 syleilyyns\u00e4. Putinin vierailun tavoitteena on allekirjoittaa useita talouden yhteisty\u00f6sopimuksia.<\/p>\n<p class=\"article-body mb-nof-24 px-nof-16\">Intia ostaa merkitt\u00e4vi\u00e4 m\u00e4\u00e4ri\u00e4 raaka\u00f6ljy\u00e4 Ven\u00e4j\u00e4lt\u00e4. Yhdysvallat on yritt\u00e4nyt painostaa Intiaa v\u00e4hent\u00e4m\u00e4\u00e4n \u00f6ljyostojaan esimerkiksi asettamalla kaikille Intian tuontituotteille 50 prosentin tullit.<\/p>\n<p class=\"article-body mb-nof-24 px-nof-16\">Modin ja Putinin oli tarkoitus sy\u00f6d\u00e4 yhdess\u00e4 illallinen torstaina. Perjantaina on vuorossa maiden taloushuippukokous.<\/p>\n<p><img decoding=\"async\" src=\"https:\/\/www.europesays.com\/fi\/wp-content\/uploads\/2025\/12\/1764882610_722_468.jpg\" alt=\"Intian p\u00e4\u00e4ministeri Narendra Modi otti Vladimir Putinin syd\u00e4mellisesti vastaan New Delhiss\u00e4 torstaina.\" class=\"_Img_1rerz_1\" style=\"aspect-ratio:1.5396952686447474\" loading=\"eager\"\/><\/p>\n<p class=\"article-picture-caption\">Intian p\u00e4\u00e4ministeri Narendra Modi otti Vladimir Putinin syd\u00e4mellisesti vastaan New Delhiss\u00e4 torstaina. Kuva:\u00a0Grigory Sysoev \/ Sputnik<\/p>\n<p class=\"article-body mb-nof-24 px-nof-16\">HS listaa kolme syyt\u00e4, miksi Intia on Ven\u00e4j\u00e4lle juuri nyt erityisen t\u00e4rke\u00e4 kumppani.<\/p>\n<p>1. Intia ostaa Ven\u00e4j\u00e4lt\u00e4 \u00f6ljy\u00e4 ja aseita<\/p>\n<p class=\"article-body mb-nof-24 px-nof-16\">Intia on maailman kolmanneksi suurin raaka\u00f6ljyn kuluttaja. Ennen Ven\u00e4j\u00e4n hy\u00f6kk\u00e4yssotaa Ukrainaan Intia osti 2,5 prosenttia \u00f6ljyst\u00e4\u00e4n Ven\u00e4j\u00e4lt\u00e4. Kun Ven\u00e4j\u00e4 sodan takia laski \u00f6ljyn hintaa, Intia tarttui tilaisuuteen. Nyt sen \u00f6ljyst\u00e4 35 prosenttia tulee Ven\u00e4j\u00e4lt\u00e4.<\/p>\n<p class=\"article-body mb-nof-24 px-nof-16\">Yhdysvallat syytt\u00e4\u00e4 Intiaa Ven\u00e4j\u00e4n sotatalouden tukemisesta merkitt\u00e4vill\u00e4 \u00f6ljyostoilla. Syksyn mittaan Intia on jonkin verran pienent\u00e4nyt tilauksiaan, kun Yhdysvallat asetti pakotteita ven\u00e4l\u00e4isille \u00f6ljy-yhti\u00f6ille Lukoilille ja Rosneftille. Intiakaan <a class=\"article-genericlink\" href=\"https:\/\/www.bbc.com\/news\/articles\/cj4q2vpggr9o\" rel=\"nofollow noopener\" target=\"_blank\">ei halua<\/a> kokonaan suututtaa my\u00f6sk\u00e4\u00e4n Yhdysvaltain presidentti <a class=\"article-personlink\" href=\"https:\/\/www.hs.fi\/haku\/?query=Donald%20Trumpia\" rel=\"nofollow noopener\" target=\"_blank\">Donald Trumpia<\/a>. Se tasapainoilee yh\u00e4 niin, ett\u00e4 suhde my\u00f6s Yhdysvaltoihin pysyisi.<\/p>\n<p class=\"article-body mb-nof-24 px-nof-16\">\u00d6ljyn lis\u00e4ksi Putinin vierailulla on m\u00e4\u00e4r\u00e4 puhua Intian mahdollisesta Su-57-h\u00e4vitt\u00e4j\u00e4hankinnasta Intiasta. Putinilla on matkalla mukanaan puolustusministeri <a class=\"article-personlink\" href=\"https:\/\/www.hs.fi\/haku\/?query=Andrei%20Belousov\" rel=\"nofollow noopener\" target=\"_blank\">Andrei Belousov<\/a>, The Moscow Times <a class=\"article-genericlink\" href=\"https:\/\/www.themoscowtimes.com\/2025\/12\/04\/putin-arrives-in-india-for-first-visit-since-2022-invasion-of-ukraine-a91334\" rel=\"nofollow noopener\" target=\"_blank\">kertoo<\/a>.<\/p>\n<p class=\"article-body mb-nof-24 px-nof-16\">Kremlin tiedottaja <a class=\"article-personlink\" href=\"https:\/\/www.hs.fi\/haku\/?query=Dmitri%20Peskov\" rel=\"nofollow noopener\" target=\"_blank\">Dmitri Peskov <\/a>on kertonut lis\u00e4ksi, ett\u00e4 keskusteluissa on ven\u00e4l\u00e4inen S-400-ilmatorjuntaj\u00e4rjestelm\u00e4.<\/p>\n<p>2. Intia on maailman v\u00e4kirikkain maa<\/p>\n<p class=\"article-body mb-nof-24 px-nof-16\">Intiassa on l\u00e4hes puolitoista miljardia ihmist\u00e4, mik\u00e4 tekee siit\u00e4 valtavan markkinan. Maailman v\u00e4kirikkaimman maan kansalaisten ostovoima kiinnostaa Ven\u00e4j\u00e4\u00e4, koska EU ja Yhdysvallat ovat asettaneet Ven\u00e4j\u00e4\u00e4 vastaan laajoja pakotteita.<\/p>\n<p class=\"article-body mb-nof-24 px-nof-16\">Intian talous kasvaa maailman nopeimmin.<\/p>\n<p class=\"article-body mb-nof-24 px-nof-16\">Intian ja Ven\u00e4j\u00e4n kahdenv\u00e4linen kauppa oli t\u00e4m\u00e4n vuoden maaliskuussa l\u00e4hes 60 miljardia euroa. Viisi vuotta sitten maiden v\u00e4linen kauppa oli vain 7 miljardia dollaria. Ven\u00e4j\u00e4n myym\u00e4 \u00f6ljy selitt\u00e4\u00e4 suuren osan summasta.<\/p>\n<p class=\"article-body mb-nof-24 px-nof-16\">Intia haluaakin k\u00e4\u00e4nt\u00e4\u00e4 kauppaa ja lis\u00e4t\u00e4 esimerkiksi autojen ja elektroniikan vienti\u00e4\u00e4n Ven\u00e4j\u00e4lle, kertoi uutistoimisto Reuters.<\/p>\n<p>3. Ven\u00e4j\u00e4n geopoliittiset kumppanit ovat nyt Aasiasta<\/p>\n<p class=\"article-body mb-nof-24 px-nof-16\">Ven\u00e4j\u00e4n johtaja Vladimir Putin haluaa Ven\u00e4j\u00e4n kumppaneiksi mahdollisimman suuria ja n\u00e4ytt\u00e4vi\u00e4 maita sielt\u00e4, miss\u00e4 sopivaa maaper\u00e4\u00e4 Ven\u00e4j\u00e4\u00e4 kohtaan on.<\/p>\n<p class=\"article-body mb-nof-24 px-nof-16\">Kaikista t\u00e4rkein Putinin tukija on toki <a class=\"article-personlink\" href=\"https:\/\/www.hs.fi\/haku\/?query=Xi%20Jinpingin\" rel=\"nofollow noopener\" target=\"_blank\">Xi Jinpingin<\/a> Kiina, mutta geopoliittisen vallan maksimoimiseksi se tarvitsee my\u00f6s Intiaa.<\/p>\n<p class=\"article-body mb-nof-24 px-nof-16\">Novaja Gazeta -lehden kolumnisti <a class=\"article-personlink\" href=\"https:\/\/www.hs.fi\/haku\/?query=Andrei%20Kolesnikov\" rel=\"nofollow noopener\" target=\"_blank\">Andrei Kolesnikov<\/a><a class=\"article-genericlink\" href=\"https:\/\/www.bbc.com\/news\/articles\/cj4q2vpggr9o\" rel=\"nofollow noopener\" target=\"_blank\"> selitt\u00e4\u00e4 <\/a>Britannian yleisradioyhti\u00f6 BBC:lle sit\u00e4, miksi Aasian j\u00e4tit ovat Ven\u00e4j\u00e4lle niin t\u00e4rkeit\u00e4.<\/p>\n<p class=\"article-body mb-nof-24 px-nof-16\">\u201dEmme ole eristyksiss\u00e4, koska meill\u00e4 on yhteyksi\u00e4 Aasiaan ja globaaliin etel\u00e4\u00e4n. Ne ovat talouden tulevaisuus.\u201d<\/p>\n<p class=\"article-body mb-nof-24 px-nof-16\">H\u00e4n arvioi, ett\u00e4 Putinin mielest\u00e4 Eurooppa on t\u00e4ysin ep\u00e4onnistunut.<\/p>\n<p class=\"article-body mb-nof-24 px-nof-16\">\u201dNyt olemme t\u00e4ysin eristyksiss\u00e4 Euroopasta. Filosofimme aina sanoivat, ett\u00e4 olemme osa Eurooppaa. Nyt emme ole. Se on suuri virhe ja suuri h\u00e4vi\u00f6\u201d, Kolesnikov analysoi.<\/p>\n","protected":false},"excerpt":{"rendered":"Ven\u00e4j\u00e4n liittolaiset|New Delhiss\u00e4 neuvotellaan valtavista \u00f6ljy- ja asekaupoista. Lue tiivistelm\u00e4 Tiivistelm\u00e4 on teko\u00e4lyn tekem\u00e4 ja ihmisen tarkistama. Ven\u00e4j\u00e4n&hellip;\n","protected":false},"author":2,"featured_media":107867,"comment_status":"","ping_status":"","sticky":false,"template":"","format":"standard","meta":{"footnotes":""},"categories":[5],"tags":[22,23,26,27,33,31,30,17,46,24,25,28,29,15,18,21,32,19,20,16],"class_list":{"0":"post-107866","1":"post","2":"type-post","3":"status-publish","4":"format-standard","5":"has-post-thumbnail","7":"category-otsikot","8":"tag-breaking-news","9":"tag-breakingnews","10":"tag-featured-news","11":"tag-featurednews","12":"tag-fi","13":"tag-finland","14":"tag-finnish","15":"tag-headlines","16":"tag-helsingin-sanomat","17":"tag-latest-news","18":"tag-latestnews","19":"tag-main-news","20":"tag-mainnews","21":"tag-news","22":"tag-otsikot","23":"tag-paauutiset","24":"tag-suomi","25":"tag-top-stories","26":"tag-topstories","27":"tag-uutiset"},"share_on_mastodon":{"url":"https:\/\/pubeurope.com\/@fi\/115663354311507645","error":""},"_links":{"self":[{"href":"https:\/\/www.europesays.com\/fi\/wp-json\/wp\/v2\/posts\/107866","targetHints":{"allow":["GET"]}}],"collection":[{"href":"https:\/\/www.europesays.com\/fi\/wp-json\/wp\/v2\/posts"}],"about":[{"href":"https:\/\/www.europesays.com\/fi\/wp-json\/wp\/v2\/types\/post"}],"author":[{"embeddable":true,"href":"https:\/\/www.europesays.com\/fi\/wp-json\/wp\/v2\/users\/2"}],"replies":[{"embeddable":true,"href":"https:\/\/www.europesays.com\/fi\/wp-json\/wp\/v2\/comments?post=107866"}],"version-history":[{"count":0,"href":"https:\/\/www.europesays.com\/fi\/wp-json\/wp\/v2\/posts\/107866\/revisions"}],"wp:featuredmedia":[{"embeddable":true,"href":"https:\/\/www.europesays.com\/fi\/wp-json\/wp\/v2\/media\/107867"}],"wp:attachment":[{"href":"https:\/\/www.europesays.com\/fi\/wp-json\/wp\/v2\/media?parent=107866"}],"wp:term":[{"taxonomy":"category","embeddable":true,"href":"https:\/\/www.europesays.com\/fi\/wp-json\/wp\/v2\/categories?post=107866"},{"taxonomy":"post_tag","embeddable":true,"href":"https:\/\/www.europesays.com\/fi\/wp-json\/wp\/v2\/tags?post=107866"}],"curies":[{"name":"wp","href":"https:\/\/api.w.org\/{rel}","templated":true}]}}